{"id":6525,"date":"2013-09-10T07:30:04","date_gmt":"2013-09-10T05:30:04","guid":{"rendered":"http:\/\/blogs.diariosur.es\/tormentas-y-rayos\/?p=6525"},"modified":"2013-09-10T07:30:04","modified_gmt":"2013-09-10T05:30:04","slug":"atencion-posible-dana-gota-fria-para-el-proximo-fin-de-semana-resumen-en-fotos-del-dia-9-de-septiembre","status":"publish","type":"post","link":"https:\/\/blogs.diariosur.es\/tormentas-y-rayos\/2013\/09\/10\/atencion-posible-dana-gota-fria-para-el-proximo-fin-de-semana-resumen-en-fotos-del-dia-9-de-septiembre\/","title":{"rendered":"Atenci\u00f3n!! Posible dana ( gota fr\u00eda) para el pr\u00f3ximo fin de semana. Resumen en fotos del dia 9 de septiembre."},"content":{"rendered":"<p><span style=\"color: #ff0000;\"><strong>ACTUALIZACI\u00d3N 11-9-2013\u00a0<\/strong><\/span><\/p>\n<p><span style=\"color: #0000ff;\"><strong>Buenos dias amigos de la meteo<\/strong><strong>.<\/strong><\/span><\/p>\n<p><span style=\"color: #0000ff;\"><strong> Como se que muchos\u00a0est\u00e1is\u00a0preocupados por esta posible dana, ya sea por bodas, viajes, excursiones etc etc, os doy la ultima hora de lo que dicen los modelos al dia de hoy.<\/strong><\/span><\/p>\n<p><span style=\"color: #0000ff;\"><strong>Si\u00a0hab\u00e9is\u00a0le\u00eddo\u00a0el post que viene\u00a0continuaci\u00f3n\u00a0 os comentaba que este tipo de situaciones pueden cambiar en unas horas, la dana o se\u00a0podr\u00eda\u00a0acercar al Golfo de Cadiz, tirar para Canarias o incluso disolverse etc etc,. Pues en estos momentos algunos modelos la\u00a0sit\u00faan muy al sur del Golfo de Cad\u00edz, \u00a0y muchos me preguntareis que significa esto?, muy sencillo amigos os lo he explico.\u00a0<\/strong><\/span><strong><span style=\"color: #0000ff;\">Al estar tan al sur, los vientos en M\u00e1laga en vez de ser sur sureste que son muy\u00a0h\u00famedos, serian de noreste que son mas secos. Con esto no quiero decir que no se produzcan chubascos en algunos puntos de la provincia, si no que las lluvias que se esperaban el\u00a0s\u00e1bado\u00a0y el domingo tan fuertes ya no lo serian. Estas lluvias la\u00a0trasladar\u00edan\u00a0al domingo por la noche y el lunes.<\/span><\/strong><\/p>\n<p><span style=\"color: #0000ff;\"><strong> De todas formas ma\u00f1ana \u00a0abrir\u00e9\u00a0un nuevo post y veremos que hace al final nuestra amiga.\u00a0<\/strong><\/span><\/p>\n<p><span style=\"color: #0000ff;\"><strong>Siento no poder concretar mas esta situaci\u00f3n amigos de la meteo, faltan tan solo dos dias y no hay nada claro. Nos vemos ma\u00f1ana.<\/strong><\/span><\/p>\n<p>&nbsp;<\/p>\n<p><span style=\"color: #ff00ff;\"><strong>10-9-2013<\/strong><\/span><\/p>\n<p><strong>Buenos d\u00edas amigos de la meteo.<\/strong><\/p>\n<p><strong>Son las seis de la ma\u00f1ana, registro 21 grados y los cielos est\u00e1n poco nubosos.\u00a0<\/strong><\/p>\n<p><strong>Antes de hablaros de esa&#8221; posible dana&#8221; que se espera para el pr\u00f3ximo fin de semana, os hago un peque\u00f1o resumen en fotos del dia festivo que tuvimos los malague\u00f1os en la capital. Asi que sin mas remedio\u00a0est\u00e1is\u00a0castigados y\u00a0tendr\u00e9is\u00a0que leer el post entero je je je.<\/strong><\/p>\n<p><strong>Como todos sab\u00e9is la aemet \u00a0puso en aviso amarillo por tormentas a la Axarqu\u00eda Malague\u00f1a, \u00a0aunque se dieron en esta zona, fue \u00a0la comarca de Ronda donde fueron mas moderadas. <\/strong><\/p>\n<p><strong>Sobre las ocho de la ma\u00f1ana amanec\u00eda as\u00ed de bonito en la playa de la misericordia.<\/strong><\/p>\n<p><a href=\"https:\/\/blogs.diariosur.es\/tormentas-y-rayos\/2013\/09\/10\/atencion-posible-dana-gota-fria-para-el-proximo-fin-de-semana-resumen-en-fotos-del-dia-9-de-septiembre\/olympus-digital-camera-1439\/\" rel=\"attachment wp-att-6526\"><img loading=\"lazy\" class=\"aligncenter size-full wp-image-6526\" title=\"OLYMPUS DIGITAL CAMERA\" src=\"\/tormentas-y-rayos\/wp-content\/uploads\/sites\/12\/2013\/09\/11.jpg\" alt=\"\" width=\"660\" height=\"495\" srcset=\"https:\/\/static-blogs.diariosur.es\/wp-content\/uploads\/sites\/12\/2013\/09\/11.jpg 660w, https:\/\/static-blogs.diariosur.es\/wp-content\/uploads\/sites\/12\/2013\/09\/11-533x400.jpg 533w\" sizes=\"(max-width: 660px) 100vw, 660px\" \/><\/a><\/p>\n<p><strong>Las primeras horas de la ma\u00f1ana trascurrieron con un estupendo dia, muchos amigos me mandaban guassat para comentarme que donde estaban las tormentas, yo como siempre les digo jijiji el dia tiene 24 horas amigos. Al ser tormentas originadas por un peque\u00f1o embolsamiento de aire fr\u00edo, cuando se acumula el calor del dia y sopla un poco de levante se desarrollan estas tormentas sobre todo en los sistemas monta\u00f1osos.<\/strong><\/p>\n<p><strong>Sobre las doce y media el levante empez\u00f3 a soplar y ya se empezaban a formar los primeros desarrollos por la Axarqu\u00eda. Estos dejaban chaparrones leves por el\u00a0 interior e incluso se escuchaban truenos en Torre del Mar como me comentaba mi amiga Mari Carmen Parra Gil cuando me mandaba esta foto a facebook.<\/strong><\/p>\n<p><a href=\"https:\/\/blogs.diariosur.es\/tormentas-y-rayos\/2013\/09\/10\/atencion-posible-dana-gota-fria-para-el-proximo-fin-de-semana-resumen-en-fotos-del-dia-9-de-septiembre\/maricarmen-parra-gil\/\" rel=\"attachment wp-att-6527\"><img loading=\"lazy\" class=\"aligncenter size-full wp-image-6527\" title=\"MARICARMEN pARRA gIL\" src=\"\/tormentas-y-rayos\/wp-content\/uploads\/sites\/12\/2013\/09\/MARICARMEN-pARRA-gIL.jpg\" alt=\"\" width=\"650\" height=\"488\" srcset=\"https:\/\/static-blogs.diariosur.es\/wp-content\/uploads\/sites\/12\/2013\/09\/MARICARMEN-pARRA-gIL.jpg 650w, https:\/\/static-blogs.diariosur.es\/wp-content\/uploads\/sites\/12\/2013\/09\/MARICARMEN-pARRA-gIL-533x400.jpg 533w\" sizes=\"(max-width: 650px) 100vw, 650px\" \/><\/a><\/p>\n<p>&nbsp;<\/p>\n<p><strong>Mi amigo Jose Manuel Blanco Manrique, tambi\u00e9n me mandaba esa misma nube fotografiada desde otra perspectiva. Esta foto iba acompa\u00f1ada de una preciosa dedicatoria, gracias Jose.<\/strong><\/p>\n<p><a href=\"https:\/\/blogs.diariosur.es\/tormentas-y-rayos\/2013\/09\/10\/atencion-posible-dana-gota-fria-para-el-proximo-fin-de-semana-resumen-en-fotos-del-dia-9-de-septiembre\/jose-manuel-blanco-manrique\/\" rel=\"attachment wp-att-6528\"><img loading=\"lazy\" class=\"aligncenter size-full wp-image-6528\" title=\"JOSE MANUEL BLANCO MANRIQUE\" src=\"\/tormentas-y-rayos\/wp-content\/uploads\/sites\/12\/2013\/09\/JOSE-MANUEL-BLANCO-MANRIQUE.jpg\" alt=\"\" width=\"612\" height=\"816\" srcset=\"https:\/\/static-blogs.diariosur.es\/wp-content\/uploads\/sites\/12\/2013\/09\/JOSE-MANUEL-BLANCO-MANRIQUE.jpg 612w, https:\/\/static-blogs.diariosur.es\/wp-content\/uploads\/sites\/12\/2013\/09\/JOSE-MANUEL-BLANCO-MANRIQUE-300x400.jpg 300w\" sizes=\"(max-width: 612px) 100vw, 612px\" \/><\/a><\/p>\n<p><strong>\u00a0<\/strong><\/p>\n<p><strong>\u00a0Al rato de tomar mis amigos esas fotos, tire para el Espig\u00f3n de la T\u00e9rmica. Y pude fotografiar estos bellos cielos.<\/strong><\/p>\n<p><a href=\"https:\/\/blogs.diariosur.es\/tormentas-y-rayos\/2013\/09\/10\/atencion-posible-dana-gota-fria-para-el-proximo-fin-de-semana-resumen-en-fotos-del-dia-9-de-septiembre\/olympus-digital-camera-1440\/\" rel=\"attachment wp-att-6529\"><img loading=\"lazy\" class=\"aligncenter size-full wp-image-6529\" title=\"OLYMPUS DIGITAL CAMERA\" src=\"\/tormentas-y-rayos\/wp-content\/uploads\/sites\/12\/2013\/09\/36030.jpg\" alt=\"\" width=\"660\" height=\"495\" srcset=\"https:\/\/static-blogs.diariosur.es\/wp-content\/uploads\/sites\/12\/2013\/09\/36030.jpg 660w, https:\/\/static-blogs.diariosur.es\/wp-content\/uploads\/sites\/12\/2013\/09\/36030-533x400.jpg 533w\" sizes=\"(max-width: 660px) 100vw, 660px\" \/><\/a><\/p>\n<p>&nbsp;<\/p>\n<p><strong>En ese momento se me ocurri\u00f3 mirar para la zona de la Serran\u00eda de Ronda y cual fue mi sorpresa cuando vi este impresionante cumulonimbus.\u00a0<\/strong><\/p>\n<p><a href=\"https:\/\/blogs.diariosur.es\/tormentas-y-rayos\/2013\/09\/10\/atencion-posible-dana-gota-fria-para-el-proximo-fin-de-semana-resumen-en-fotos-del-dia-9-de-septiembre\/olympus-digital-camera-1441\/\" rel=\"attachment wp-att-6530\"><img loading=\"lazy\" class=\"aligncenter size-full wp-image-6530\" title=\"OLYMPUS DIGITAL CAMERA\" src=\"\/tormentas-y-rayos\/wp-content\/uploads\/sites\/12\/2013\/09\/35031.jpg\" alt=\"\" width=\"660\" height=\"495\" srcset=\"https:\/\/static-blogs.diariosur.es\/wp-content\/uploads\/sites\/12\/2013\/09\/35031.jpg 660w, https:\/\/static-blogs.diariosur.es\/wp-content\/uploads\/sites\/12\/2013\/09\/35031-533x400.jpg 533w\" sizes=\"(max-width: 660px) 100vw, 660px\" \/><\/a><\/p>\n<p>&nbsp;<\/p>\n<p><strong>Esta tormenta estaba dejando chaparrones en Arriate, Ronda, Pujerra y sobre todo Jubrique donde se registraron casi 20 litros. Os paso unas fotos de mis amigos que me han mandado.<\/strong><\/p>\n<p><strong>La primera foto es de mi amigo \u00a0Alejandro Serrato Delgado, me comentaba que\u00a0ca\u00edan\u00a0chaparrones y se escuchaban truenos en Arriate.<\/strong><\/p>\n<p><a href=\"https:\/\/blogs.diariosur.es\/tormentas-y-rayos\/2013\/09\/10\/atencion-posible-dana-gota-fria-para-el-proximo-fin-de-semana-resumen-en-fotos-del-dia-9-de-septiembre\/alejandro-serrato-delgado-2\/\" rel=\"attachment wp-att-6531\"><img loading=\"lazy\" class=\"aligncenter size-full wp-image-6531\" title=\"ALEJANDRO SERRATO DELGADO\" src=\"\/tormentas-y-rayos\/wp-content\/uploads\/sites\/12\/2013\/09\/ALEJANDRO-SERRATO-DELGADO.jpg\" alt=\"\" width=\"650\" height=\"488\" srcset=\"https:\/\/static-blogs.diariosur.es\/wp-content\/uploads\/sites\/12\/2013\/09\/ALEJANDRO-SERRATO-DELGADO.jpg 650w, https:\/\/static-blogs.diariosur.es\/wp-content\/uploads\/sites\/12\/2013\/09\/ALEJANDRO-SERRATO-DELGADO-533x400.jpg 533w\" sizes=\"(max-width: 650px) 100vw, 650px\" \/><\/a><strong>La segunda foto es de mi amigo Manuel Becerra Parra. Tambien le caia un buen chaparr\u00f3n en el Valle del Genal.<\/strong><\/p>\n<p><a href=\"https:\/\/blogs.diariosur.es\/tormentas-y-rayos\/2013\/09\/10\/atencion-posible-dana-gota-fria-para-el-proximo-fin-de-semana-resumen-en-fotos-del-dia-9-de-septiembre\/manuel-becerra-parra\/\" rel=\"attachment wp-att-6532\"><img loading=\"lazy\" class=\"aligncenter size-full wp-image-6532\" title=\"MANUEL BECERRA PARRA\" src=\"\/tormentas-y-rayos\/wp-content\/uploads\/sites\/12\/2013\/09\/MANUEL-BECERRA-PARRA.jpg\" alt=\"\" width=\"450\" height=\"600\" srcset=\"https:\/\/static-blogs.diariosur.es\/wp-content\/uploads\/sites\/12\/2013\/09\/MANUEL-BECERRA-PARRA.jpg 450w, https:\/\/static-blogs.diariosur.es\/wp-content\/uploads\/sites\/12\/2013\/09\/MANUEL-BECERRA-PARRA-300x400.jpg 300w\" sizes=\"(max-width: 450px) 100vw, 450px\" \/><\/a><\/p>\n<p><strong>Sobre las siete de la tarde se formo una nueva tormenta al noreste de la provincia malague\u00f1a. La foto esta tomada desde la terraza de Geno. Radar lluvia fuente aemet.<\/strong><\/p>\n<p>&nbsp;<\/p>\n<p><a href=\"https:\/\/blogs.diariosur.es\/tormentas-y-rayos\/2013\/09\/10\/atencion-posible-dana-gota-fria-para-el-proximo-fin-de-semana-resumen-en-fotos-del-dia-9-de-septiembre\/noreste\/\" rel=\"attachment wp-att-6540\"><img loading=\"lazy\" class=\"aligncenter size-full wp-image-6540\" title=\"noreste\" src=\"\/tormentas-y-rayos\/wp-content\/uploads\/sites\/12\/2013\/09\/noreste.gif\" alt=\"\" width=\"480\" height=\"530\" \/><\/a><\/p>\n<p>&nbsp;<\/p>\n<p><a href=\"https:\/\/blogs.diariosur.es\/tormentas-y-rayos\/2013\/09\/10\/atencion-posible-dana-gota-fria-para-el-proximo-fin-de-semana-resumen-en-fotos-del-dia-9-de-septiembre\/olympus-digital-camera-1443\/\" rel=\"attachment wp-att-6537\"><img loading=\"lazy\" class=\"aligncenter size-full wp-image-6537\" title=\"OLYMPUS DIGITAL CAMERA\" src=\"\/tormentas-y-rayos\/wp-content\/uploads\/sites\/12\/2013\/09\/40040.jpg\" alt=\"\" width=\"660\" height=\"495\" srcset=\"https:\/\/static-blogs.diariosur.es\/wp-content\/uploads\/sites\/12\/2013\/09\/40040.jpg 660w, https:\/\/static-blogs.diariosur.es\/wp-content\/uploads\/sites\/12\/2013\/09\/40040-533x400.jpg 533w\" sizes=\"(max-width: 660px) 100vw, 660px\" \/><\/a><\/p>\n<p>&nbsp;<\/p>\n<p>&nbsp;<\/p>\n<p><strong>Sobre las ocho y cuarto de la tarde, los restos de la \u00a0tormenta que aun\u00a0segu\u00eda\u00a0por la\u00a0Serran\u00eda\u00a0de Ronda dejaba estos bellos cielos minutos antes de ponerse el sol.<\/strong><\/p>\n<p><a href=\"https:\/\/blogs.diariosur.es\/tormentas-y-rayos\/2013\/09\/10\/atencion-posible-dana-gota-fria-para-el-proximo-fin-de-semana-resumen-en-fotos-del-dia-9-de-septiembre\/olympus-digital-camera-1444\/\" rel=\"attachment wp-att-6538\"><img loading=\"lazy\" class=\"aligncenter size-full wp-image-6538\" title=\"OLYMPUS DIGITAL CAMERA\" src=\"\/tormentas-y-rayos\/wp-content\/uploads\/sites\/12\/2013\/09\/41042.jpg\" alt=\"\" width=\"660\" height=\"495\" srcset=\"https:\/\/static-blogs.diariosur.es\/wp-content\/uploads\/sites\/12\/2013\/09\/41042.jpg 660w, https:\/\/static-blogs.diariosur.es\/wp-content\/uploads\/sites\/12\/2013\/09\/41042-533x400.jpg 533w\" sizes=\"(max-width: 660px) 100vw, 660px\" \/><\/a><\/p>\n<p><strong>Hay que destacar, que las tormentas mas fuertes se han dado en Almer\u00eda, interior de Granada y Murcia, en algunos puntos se han recogido mas de 60 litros. Os paso esta imagen que guarde ayer del visible euemetsat y el\u00a0sat\u00e9lite\u00a0aqua. Y el mapa de rayos. Fuente Aemet.<\/strong><\/p>\n<p><a href=\"https:\/\/blogs.diariosur.es\/tormentas-y-rayos\/2013\/09\/10\/atencion-posible-dana-gota-fria-para-el-proximo-fin-de-semana-resumen-en-fotos-del-dia-9-de-septiembre\/webexterna_hrv_16-30\/\" rel=\"attachment wp-att-6534\"><img loading=\"lazy\" class=\"aligncenter size-full wp-image-6534\" title=\"webexterna_HRV_[16-30]\" src=\"\/tormentas-y-rayos\/wp-content\/uploads\/sites\/12\/2013\/09\/webexterna_HRV_16-30.jpg\" alt=\"\" width=\"660\" height=\"476\" srcset=\"https:\/\/static-blogs.diariosur.es\/wp-content\/uploads\/sites\/12\/2013\/09\/webexterna_HRV_16-30.jpg 660w, https:\/\/static-blogs.diariosur.es\/wp-content\/uploads\/sites\/12\/2013\/09\/webexterna_HRV_16-30-555x400.jpg 555w\" sizes=\"(max-width: 660px) 100vw, 660px\" \/><\/a><\/p>\n<p>&nbsp;<\/p>\n<p><a href=\"https:\/\/blogs.diariosur.es\/tormentas-y-rayos\/2013\/09\/10\/atencion-posible-dana-gota-fria-para-el-proximo-fin-de-semana-resumen-en-fotos-del-dia-9-de-septiembre\/europe_3_01_2013252_aqua_1km\/\" rel=\"attachment wp-att-6536\"><img loading=\"lazy\" class=\"aligncenter size-full wp-image-6536\" title=\"Europe_3_01_2013252_aqua_1km\" src=\"\/tormentas-y-rayos\/wp-content\/uploads\/sites\/12\/2013\/09\/Europe_3_01_2013252_aqua_1km.jpg\" alt=\"\" width=\"660\" height=\"746\" srcset=\"https:\/\/static-blogs.diariosur.es\/wp-content\/uploads\/sites\/12\/2013\/09\/Europe_3_01_2013252_aqua_1km.jpg 660w, https:\/\/static-blogs.diariosur.es\/wp-content\/uploads\/sites\/12\/2013\/09\/Europe_3_01_2013252_aqua_1km-354x400.jpg 354w\" sizes=\"(max-width: 660px) 100vw, 660px\" \/><\/a><\/p>\n<p>&nbsp;<\/p>\n<p>&nbsp;<\/p>\n<p>&nbsp;<\/p>\n<p><a href=\"https:\/\/blogs.diariosur.es\/tormentas-y-rayos\/2013\/09\/10\/atencion-posible-dana-gota-fria-para-el-proximo-fin-de-semana-resumen-en-fotos-del-dia-9-de-septiembre\/201309091800_r79g\/\" rel=\"attachment wp-att-6539\"><img loading=\"lazy\" class=\"aligncenter size-full wp-image-6539\" title=\"201309091800_r79g\" src=\"\/tormentas-y-rayos\/wp-content\/uploads\/sites\/12\/2013\/09\/201309091800_r79g.gif\" alt=\"\" width=\"500\" height=\"500\" \/><\/a><\/p>\n<p>&nbsp;<\/p>\n<p><span style=\"color: #ff00ff;\"><strong>\u00a0POSIBLE DEPRESI\u00d3N AISLADA EN NIVELES ALTOS PARA EL\u00a0PR\u00d3XIMO\u00a0FIN DE SEMANA ( DANA)<\/strong><\/span><\/p>\n<p><strong>Bueno amigos hablemos de esa posible dana o gota fr\u00eda como la llaman los medios de comunicaci\u00f3n. Antes comentaros que hay modelos que dan una dana con reflejo en altura, \u00a0otros solo un embolsamiento de aire fr\u00edo, que apenas traer\u00eda lluvias. <\/strong><\/p>\n<p><strong>Sobre el jueves una vaguada alimentaria a los restos de aire fr\u00edo que hay sobre las Islas Madeiras, form\u00e1ndose una bolsa de aire fr\u00edo.<\/strong><\/p>\n<p><strong> Os paso unos mapas previstos para el jueves. El primero es a 300 hpa y el segundo a 500 hpa.<\/strong><\/p>\n<p><a href=\"https:\/\/blogs.diariosur.es\/tormentas-y-rayos\/2013\/09\/10\/atencion-posible-dana-gota-fria-para-el-proximo-fin-de-semana-resumen-en-fotos-del-dia-9-de-septiembre\/bool\/\" rel=\"attachment wp-att-6541\"><img loading=\"lazy\" class=\"aligncenter size-medium wp-image-6541\" title=\"bool\" src=\"\/tormentas-y-rayos\/wp-content\/uploads\/sites\/12\/2013\/09\/bool.jpg\" alt=\"\" width=\"584\" height=\"400\" srcset=\"https:\/\/static-blogs.diariosur.es\/wp-content\/uploads\/sites\/12\/2013\/09\/bool.jpg 748w, https:\/\/static-blogs.diariosur.es\/wp-content\/uploads\/sites\/12\/2013\/09\/bool-584x400.jpg 584w\" sizes=\"(max-width: 584px) 100vw, 584px\" \/><\/a><a href=\"https:\/\/blogs.diariosur.es\/tormentas-y-rayos\/2013\/09\/10\/atencion-posible-dana-gota-fria-para-el-proximo-fin-de-semana-resumen-en-fotos-del-dia-9-de-septiembre\/tres-2\/\" rel=\"attachment wp-att-6542\"><img loading=\"lazy\" class=\"aligncenter size-medium wp-image-6542\" title=\"tres\" src=\"\/tormentas-y-rayos\/wp-content\/uploads\/sites\/12\/2013\/09\/tres.jpg\" alt=\"\" width=\"568\" height=\"400\" srcset=\"https:\/\/static-blogs.diariosur.es\/wp-content\/uploads\/sites\/12\/2013\/09\/tres.jpg 713w, https:\/\/static-blogs.diariosur.es\/wp-content\/uploads\/sites\/12\/2013\/09\/tres-568x400.jpg 568w\" sizes=\"(max-width: 568px) 100vw, 568px\" \/><\/a><\/p>\n<p>&nbsp;<\/p>\n<p><strong>\u00a0<\/strong><\/p>\n<p><strong>\u00a0<\/strong><\/p>\n<p><strong>A partir del viernes esta bolsa de aire fr\u00edo se ir\u00eda acercando al Golfo de C\u00e1diz como pronostican algunos modelos. Ser\u00eda el s\u00e1bado cuando ya tendr\u00eda reflejo en altura y se convertir\u00eda en una depresi\u00f3n aislada en niveles altos ( DANA). En este mapa previsto para el s\u00e1bado del modelo GFS la pod\u00e9is ver. \u00a0<\/strong><\/p>\n<p>&nbsp;<\/p>\n<p><a href=\"https:\/\/blogs.diariosur.es\/tormentas-y-rayos\/2013\/09\/10\/atencion-posible-dana-gota-fria-para-el-proximo-fin-de-semana-resumen-en-fotos-del-dia-9-de-septiembre\/depresion\/\" rel=\"attachment wp-att-6545\"><img loading=\"lazy\" class=\"aligncenter size-medium wp-image-6545\" title=\"DEPRESI\u00d3N\" src=\"\/tormentas-y-rayos\/wp-content\/uploads\/sites\/12\/2013\/09\/DEPRESI\u00d3N.png\" alt=\"\" width=\"600\" height=\"400\" srcset=\"https:\/\/static-blogs.diariosur.es\/wp-content\/uploads\/sites\/12\/2013\/09\/DEPRESI\u00d3N.png 768w, https:\/\/static-blogs.diariosur.es\/wp-content\/uploads\/sites\/12\/2013\/09\/DEPRESI\u00d3N-600x400.png 600w\" sizes=\"(max-width: 600px) 100vw, 600px\" \/><\/a><\/p>\n<p>&nbsp;<\/p>\n<p><strong>Pero aun queda un mundo amigos de la meteo. Puede quedarse cerca del Golfo de Cadiz, o bajar hasta Canarias, o tirar para otro lado.<\/strong><\/p>\n<p><strong><span style=\"color: #ff00ff;\"> Lo que si esta claro es que una situaci\u00f3n explosiva, &#8220;que si se da&#8221;, puede traer lluvias muy fuertes al entorno del Golfo de Cadiz, Estrecho y zona occidental de la Provincia Malague\u00f1a.<\/span><\/strong><\/p>\n<p><strong> El jueves cuando\u00a0actualice de nuevo el blog tendremos mas claro lo que pueda pasar.\u00a0<\/strong><\/p>\n<p><strong>Os dejo \u00a0que en un ratillo tiro para el curro, un abrazo a todos.<\/strong><\/p>\n<p>&nbsp;<\/p>\n","protected":false},"excerpt":{"rendered":"<p>ACTUALIZACI\u00d3N 11-9-2013\u00a0 Buenos dias amigos de la meteo. Como se que muchos\u00a0est\u00e1is\u00a0preocupados por esta posible dana, ya sea por bodas, viajes, excursiones etc etc, os doy la ultima hora de lo que dicen los modelos al dia de hoy. Si\u00a0hab\u00e9is\u00a0le\u00eddo\u00a0el post que viene\u00a0continuaci\u00f3n\u00a0 os comentaba que este tipo de situaciones pueden cambiar en unas horas, [&hellip;]<\/p>\n","protected":false},"author":16,"featured_media":6545,"comment_status":"open","ping_status":"open","sticky":false,"template":"","format":"standard","meta":[],"categories":[2],"tags":[307,410,424,431,459,859,902],"_links":{"self":[{"href":"https:\/\/blogs.diariosur.es\/tormentas-y-rayos\/wp-json\/wp\/v2\/posts\/6525"}],"collection":[{"href":"https:\/\/blogs.diariosur.es\/tormentas-y-rayos\/wp-json\/wp\/v2\/posts"}],"about":[{"href":"https:\/\/blogs.diariosur.es\/tormentas-y-rayos\/wp-json\/wp\/v2\/types\/post"}],"author":[{"embeddable":true,"href":"https:\/\/blogs.diariosur.es\/tormentas-y-rayos\/wp-json\/wp\/v2\/users\/16"}],"replies":[{"embeddable":true,"href":"https:\/\/blogs.diariosur.es\/tormentas-y-rayos\/wp-json\/wp\/v2\/comments?post=6525"}],"version-history":[{"count":0,"href":"https:\/\/blogs.diariosur.es\/tormentas-y-rayos\/wp-json\/wp\/v2\/posts\/6525\/revisions"}],"wp:featuredmedia":[{"embeddable":true,"href":"https:\/\/blogs.diariosur.es\/tormentas-y-rayos\/wp-json\/wp\/v2\/media\/6545"}],"wp:attachment":[{"href":"https:\/\/blogs.diariosur.es\/tormentas-y-rayos\/wp-json\/wp\/v2\/media?parent=6525"}],"wp:term":[{"taxonomy":"category","embeddable":true,"href":"https:\/\/blogs.diariosur.es\/tormentas-y-rayos\/wp-json\/wp\/v2\/categories?post=6525"},{"taxonomy":"post_tag","embeddable":true,"href":"https:\/\/blogs.diariosur.es\/tormentas-y-rayos\/wp-json\/wp\/v2\/tags?post=6525"}],"curies":[{"name":"wp","href":"https:\/\/api.w.org\/{rel}","templated":true}]}}