{"id":6547,"date":"2013-09-12T07:21:18","date_gmt":"2013-09-12T05:21:18","guid":{"rendered":"http:\/\/blogs.diariosur.es\/tormentas-y-rayos\/?p=6547"},"modified":"2013-09-12T07:21:18","modified_gmt":"2013-09-12T05:21:18","slug":"se-confirma-la-dana-mas-al-sur-humberto-el-primer-huracan-de-la-temporada-mandara-masas-humedas-a-canarias-y-a-la-peninsula","status":"publish","type":"post","link":"https:\/\/blogs.diariosur.es\/tormentas-y-rayos\/2013\/09\/12\/se-confirma-la-dana-mas-al-sur-humberto-el-primer-huracan-de-la-temporada-mandara-masas-humedas-a-canarias-y-a-la-peninsula\/","title":{"rendered":"Se confirma la dana mas al sur. Humberto el primer hurac\u00e1n de la temporada, mandara masas h\u00famedas a Canarias y a la Pen\u00ednsula."},"content":{"rendered":"<p><strong>Buenos d\u00edas amigos de la meteo, son las cinco y media de la ma\u00f1ana, registro 21 grados y los cielos tienen nubes bajas de levante.<\/strong><\/p>\n<p><strong> Ayer os comentaba en la actualizaci\u00f3n del post, que la dana la situaban muy al sur del Golfo de Cadiz, pues al dia de hoy la siguen situando en esa zona como luego\u00a0ver\u00e9is. La vaguada que la\u00a0har\u00eda\u00a0mover pasa mas al este de lo previsto y no la atrapa. \u00a0<\/strong><strong>Pero ahora hay un nuevo ingrediente para liar mas a los modelos y es el primer\u00a0hurac\u00e1n\u00a0de la temporada que se ha formado. El nombre de este\u00a0hurac\u00e1n\u00a0es Humberto. <\/strong><\/p>\n<p><a href=\"https:\/\/blogs.diariosur.es\/tormentas-y-rayos\/2013\/09\/12\/se-confirma-la-dana-mas-al-sur-humberto-el-primer-huracan-de-la-temporada-mandara-masas-humedas-a-canarias-y-a-la-peninsula\/2-1\/\" rel=\"attachment wp-att-6552\"><img loading=\"lazy\" class=\"aligncenter size-medium wp-image-6552\" title=\"2 (1)\" src=\"\/tormentas-y-rayos\/wp-content\/uploads\/sites\/12\/2013\/09\/2-1.jpg\" alt=\"\" width=\"600\" height=\"400\" srcset=\"https:\/\/static-blogs.diariosur.es\/wp-content\/uploads\/sites\/12\/2013\/09\/2-1.jpg 720w, https:\/\/static-blogs.diariosur.es\/wp-content\/uploads\/sites\/12\/2013\/09\/2-1-600x400.jpg 600w\" sizes=\"(max-width: 600px) 100vw, 600px\" \/><\/a><\/p>\n<p><strong>\u00a0Ayer todos los medios de comunicaci\u00f3n hablaban de \u00e9l y como\u00a0podr\u00eda&#8221; afectarnos&#8221; primero a las Canarias y luego a la\u00a0pen\u00ednsula<\/strong><strong>. \u00a0Pero vamos por partes porque menudo lio hay con este nuevo ingrediente. Lo primero comentaros que para nada el hurac\u00e1n Humberto viene hacia la\u00a0pen\u00ednsula\u00a0 ya he recibido varios mensajes de gente asustada pregunt\u00e1ndome que cuando llegar\u00eda el hurac\u00e1n a Andaluc\u00eda. Simplemente son \u00a0lenguas de humedad, \u00a0y aire c\u00e1lido en niveles bajos procedentes del hurac\u00e1n, que \u00a0pueden y no es seguro tener una interacci\u00f3n con la dana en el Golfo de C\u00e1diz, algo parecido a lo del hurac\u00e1n nadine del septiembre del a\u00f1o pasado.\u00a0<\/strong><\/p>\n<p><strong> Os paso una imagen y la explicaci\u00f3n que da la revista Ram.<\/strong><\/p>\n<p><strong><a href=\"http:\/\/www.tiempo.com\/ram\/36269\/el-huracan-humberto-y-sus-efectos-sobre-espana-un-pre-en-zona-subtropical\/\" rel=\"external nofollow\">El hurac\u00e1n Humberto y sus efectos sobre Espa\u00f1a: un \u201cPRE\u201d en zona subtropical\u00a0<\/a><\/strong><\/p>\n<p><a href=\"https:\/\/blogs.diariosur.es\/tormentas-y-rayos\/2013\/09\/12\/se-confirma-la-dana-mas-al-sur-humberto-el-primer-huracan-de-la-temporada-mandara-masas-humedas-a-canarias-y-a-la-peninsula\/humberto_pre-2\/\" rel=\"attachment wp-att-6549\"><img loading=\"lazy\" class=\"aligncenter size-full wp-image-6549\" title=\"humberto_pre\" src=\"\/tormentas-y-rayos\/wp-content\/uploads\/sites\/12\/2013\/09\/humberto_pre1.jpg\" alt=\"\" width=\"660\" height=\"479\" srcset=\"https:\/\/static-blogs.diariosur.es\/wp-content\/uploads\/sites\/12\/2013\/09\/humberto_pre1.jpg 660w, https:\/\/static-blogs.diariosur.es\/wp-content\/uploads\/sites\/12\/2013\/09\/humberto_pre1-551x400.jpg 551w\" sizes=\"(max-width: 660px) 100vw, 660px\" \/><\/a><\/p>\n<p>&nbsp;<\/p>\n<p><strong>En esta imagen del radar de lluvias de las Palmas, se ven al sur de las Islas los primeros chubascos que le afectaran durante el dia de hoy.<\/strong><\/p>\n<p><a href=\"https:\/\/blogs.diariosur.es\/tormentas-y-rayos\/2013\/09\/12\/se-confirma-la-dana-mas-al-sur-humberto-el-primer-huracan-de-la-temporada-mandara-masas-humedas-a-canarias-y-a-la-peninsula\/captura-171\/\" rel=\"attachment wp-att-6553\"><img loading=\"lazy\" class=\"aligncenter size-full wp-image-6553\" title=\"Captura\" src=\"\/tormentas-y-rayos\/wp-content\/uploads\/sites\/12\/2013\/09\/Captura4.jpg\" alt=\"\" width=\"677\" height=\"593\" srcset=\"https:\/\/static-blogs.diariosur.es\/wp-content\/uploads\/sites\/12\/2013\/09\/Captura4.jpg 677w, https:\/\/static-blogs.diariosur.es\/wp-content\/uploads\/sites\/12\/2013\/09\/Captura4-457x400.jpg 457w\" sizes=\"(max-width: 677px) 100vw, 677px\" \/><\/a><\/p>\n<p>&nbsp;<\/p>\n<p><strong>Al estar la dana muy al sur del Golfo de C\u00e1diz, las lluvias esperadas serian d\u00e9biles y apenas se dar\u00edan en nuestra provincia. Os paso un mapa previsto a 500 hpa para el\u00a0s\u00e1bado\u00a0 La dana esta mas cerca de Canarias que del Golfo.<\/strong><\/p>\n<p><a href=\"https:\/\/blogs.diariosur.es\/tormentas-y-rayos\/2013\/09\/12\/se-confirma-la-dana-mas-al-sur-humberto-el-primer-huracan-de-la-temporada-mandara-masas-humedas-a-canarias-y-a-la-peninsula\/bol\/\" rel=\"attachment wp-att-6550\"><img loading=\"lazy\" class=\"aligncenter size-medium wp-image-6550\" title=\"bol\" src=\"\/tormentas-y-rayos\/wp-content\/uploads\/sites\/12\/2013\/09\/bol.jpg\" alt=\"\" width=\"581\" height=\"400\" srcset=\"https:\/\/static-blogs.diariosur.es\/wp-content\/uploads\/sites\/12\/2013\/09\/bol.jpg 742w, https:\/\/static-blogs.diariosur.es\/wp-content\/uploads\/sites\/12\/2013\/09\/bol-582x400.jpg 582w\" sizes=\"(max-width: 581px) 100vw, 581px\" \/><\/a><\/p>\n<p><strong>\u00a0Asi es la meteo amigos, por poner un ejemplo lo que paso ayer en Madrid con la lluvia que se dio.\u00a0Ning\u00fan\u00a0modelo, pero vamos ninguno\u00a0predec\u00eda\u00a0esa lluvia. \u00a0Ma\u00f1ana sacare un poco mas de tiempo y os actualizare el blog con nuevos datos que se den.<span style=\"color: #ff00ff;\"> Aun puede haber cambios y la lluvia ser la protagonista o al final no caer ni gota.<\/span><\/strong><\/p>\n<p><strong>Os dejo con este fot\u00f3n \u00a0de mi amiga Roc\u00edo Bel\u00e9n Zambrana . Es un yunque que se dio el lunes pasado en la Axarquia Malague\u00f1a cerca de Torre del Mar. La foto esta tomada desde Guadalmar.<\/strong><\/p>\n<p><a href=\"https:\/\/blogs.diariosur.es\/tormentas-y-rayos\/2013\/09\/12\/se-confirma-la-dana-mas-al-sur-humberto-el-primer-huracan-de-la-temporada-mandara-masas-humedas-a-canarias-y-a-la-peninsula\/42la-foto\/\" rel=\"attachment wp-att-6551\"><img loading=\"lazy\" class=\"aligncenter size-full wp-image-6551\" title=\"42la foto\" src=\"\/tormentas-y-rayos\/wp-content\/uploads\/sites\/12\/2013\/09\/42la-foto.jpg\" alt=\"\" width=\"660\" height=\"371\" srcset=\"https:\/\/static-blogs.diariosur.es\/wp-content\/uploads\/sites\/12\/2013\/09\/42la-foto.jpg 660w, https:\/\/static-blogs.diariosur.es\/wp-content\/uploads\/sites\/12\/2013\/09\/42la-foto-640x360.jpg 640w\" sizes=\"(max-width: 660px) 100vw, 660px\" \/><\/a><\/p>\n","protected":false},"excerpt":{"rendered":"<p>Buenos d\u00edas amigos de la meteo, son las cinco y media de la ma\u00f1ana, registro 21 grados y los cielos tienen nubes bajas de levante. Ayer os comentaba en la actualizaci\u00f3n del post, que la dana la situaban muy al sur del Golfo de Cadiz, pues al dia de hoy la siguen situando en esa [&hellip;]<\/p>\n","protected":false},"author":16,"featured_media":6550,"comment_status":"open","ping_status":"open","sticky":false,"template":"","format":"standard","meta":[],"categories":[2],"tags":[219,307,460,493,496,769,797,817,965],"_links":{"self":[{"href":"https:\/\/blogs.diariosur.es\/tormentas-y-rayos\/wp-json\/wp\/v2\/posts\/6547"}],"collection":[{"href":"https:\/\/blogs.diariosur.es\/tormentas-y-rayos\/wp-json\/wp\/v2\/posts"}],"about":[{"href":"https:\/\/blogs.diariosur.es\/tormentas-y-rayos\/wp-json\/wp\/v2\/types\/post"}],"author":[{"embeddable":true,"href":"https:\/\/blogs.diariosur.es\/tormentas-y-rayos\/wp-json\/wp\/v2\/users\/16"}],"replies":[{"embeddable":true,"href":"https:\/\/blogs.diariosur.es\/tormentas-y-rayos\/wp-json\/wp\/v2\/comments?post=6547"}],"version-history":[{"count":0,"href":"https:\/\/blogs.diariosur.es\/tormentas-y-rayos\/wp-json\/wp\/v2\/posts\/6547\/revisions"}],"wp:featuredmedia":[{"embeddable":true,"href":"https:\/\/blogs.diariosur.es\/tormentas-y-rayos\/wp-json\/wp\/v2\/media\/6550"}],"wp:attachment":[{"href":"https:\/\/blogs.diariosur.es\/tormentas-y-rayos\/wp-json\/wp\/v2\/media?parent=6547"}],"wp:term":[{"taxonomy":"category","embeddable":true,"href":"https:\/\/blogs.diariosur.es\/tormentas-y-rayos\/wp-json\/wp\/v2\/categories?post=6547"},{"taxonomy":"post_tag","embeddable":true,"href":"https:\/\/blogs.diariosur.es\/tormentas-y-rayos\/wp-json\/wp\/v2\/tags?post=6547"}],"curies":[{"name":"wp","href":"https:\/\/api.w.org\/{rel}","templated":true}]}}