{"id":6555,"date":"2013-09-13T08:53:33","date_gmt":"2013-09-13T06:53:33","guid":{"rendered":"http:\/\/blogs.diariosur.es\/tormentas-y-rayos\/?p=6555"},"modified":"2013-09-13T08:53:33","modified_gmt":"2013-09-13T06:53:33","slug":"la-dana-sigue-muy-al-sur-del-golfo-de-cadiz-y-el-huracan-humberto-pierde-fuerza-de-momento","status":"publish","type":"post","link":"https:\/\/blogs.diariosur.es\/tormentas-y-rayos\/2013\/09\/13\/la-dana-sigue-muy-al-sur-del-golfo-de-cadiz-y-el-huracan-humberto-pierde-fuerza-de-momento\/","title":{"rendered":"La dana sigue muy al sur del Golfo de C\u00e1diz y el hurac\u00e1n Humberto pierde fuerza de momento."},"content":{"rendered":"<p><span style=\"color: #ff0000;\"><strong>ACTUALIZACI\u00d3N ULTIMA HORA<\/strong><\/span><\/p>\n<p><strong>Buenas tardes amigos de la meteo. En estos momentos se produce una fuerte tormenta al noreste de la provincia granadina, en algunos puntos se han recogido mas de 35 litros. La aemet ha activado el aviso amarillo por tormentas en muchos puntos de Andalucia os paso el mapa de avisos.<\/strong><\/p>\n<p><a href=\"https:\/\/blogs.diariosur.es\/tormentas-y-rayos\/2013\/09\/13\/la-dana-sigue-muy-al-sur-del-golfo-de-cadiz-y-el-huracan-humberto-pierde-fuerza-de-momento\/captura-173\/\" rel=\"attachment wp-att-6566\"><img loading=\"lazy\" class=\"aligncenter size-full wp-image-6566\" title=\"Captura\" src=\"\/tormentas-y-rayos\/wp-content\/uploads\/sites\/12\/2013\/09\/Captura6.jpg\" alt=\"\" width=\"552\" height=\"426\" srcset=\"https:\/\/static-blogs.diariosur.es\/wp-content\/uploads\/sites\/12\/2013\/09\/Captura6.jpg 552w, https:\/\/static-blogs.diariosur.es\/wp-content\/uploads\/sites\/12\/2013\/09\/Captura6-518x400.jpg 518w\" sizes=\"(max-width: 552px) 100vw, 552px\" \/><\/a><\/p>\n<p><strong>De momento M\u00e1laga no entra en estos avisos.<\/strong><\/p>\n<p><strong> Os paso el radar de lluvias y el mapa de rayos fuente aemet.<\/strong><\/p>\n<p>&nbsp;<\/p>\n<p><a href=\"https:\/\/blogs.diariosur.es\/tormentas-y-rayos\/2013\/09\/13\/la-dana-sigue-muy-al-sur-del-golfo-de-cadiz-y-el-huracan-humberto-pierde-fuerza-de-momento\/201309131640_r8ml\/\" rel=\"attachment wp-att-6567\"><img loading=\"lazy\" class=\"aligncenter size-full wp-image-6567\" title=\"201309131640_r8ml\" src=\"\/tormentas-y-rayos\/wp-content\/uploads\/sites\/12\/2013\/09\/201309131640_r8ml.gif\" alt=\"\" width=\"480\" height=\"530\" \/><\/a><a href=\"https:\/\/blogs.diariosur.es\/tormentas-y-rayos\/2013\/09\/13\/la-dana-sigue-muy-al-sur-del-golfo-de-cadiz-y-el-huracan-humberto-pierde-fuerza-de-momento\/201309131600_r79g\/\" rel=\"attachment wp-att-6568\"><img loading=\"lazy\" class=\"aligncenter size-full wp-image-6568\" title=\"201309131600_r79g\" src=\"\/tormentas-y-rayos\/wp-content\/uploads\/sites\/12\/2013\/09\/201309131600_r79g.gif\" alt=\"\" width=\"500\" height=\"500\" \/><\/a><\/p>\n<p>&nbsp;<\/p>\n<p><strong>Seg\u00fan<\/strong><strong>\u00a0los modelos sera esta proxima madrugada cuando\u00a0caigan chubascos en nuestra provincia.\u00a0 Os dejo con esta impresionante imagen del visible del eumetsat fuente meteogalicia.<\/strong><\/p>\n<p><a href=\"https:\/\/blogs.diariosur.es\/tormentas-y-rayos\/2013\/09\/13\/la-dana-sigue-muy-al-sur-del-golfo-de-cadiz-y-el-huracan-humberto-pierde-fuerza-de-momento\/webexterna_colorhrv_16-30\/\" rel=\"attachment wp-att-6569\"><img loading=\"lazy\" class=\"aligncenter size-medium wp-image-6569\" title=\"webexterna_ColorHRV_[16-30]\" src=\"\/tormentas-y-rayos\/wp-content\/uploads\/sites\/12\/2013\/09\/webexterna_ColorHRV_16-30.jpg\" alt=\"\" width=\"555\" height=\"400\" srcset=\"https:\/\/static-blogs.diariosur.es\/wp-content\/uploads\/sites\/12\/2013\/09\/webexterna_ColorHRV_16-30.jpg 750w, https:\/\/static-blogs.diariosur.es\/wp-content\/uploads\/sites\/12\/2013\/09\/webexterna_ColorHRV_16-30-556x400.jpg 556w\" sizes=\"(max-width: 555px) 100vw, 555px\" \/><\/a><\/p>\n<p><strong>Buenos d\u00edas amigos de la meteo.<\/strong><\/p>\n<p><strong>Son las seis y media de la ma\u00f1ana, registro 24.9 grados y los cielos est\u00e1n muy nubosos. Impresionante esta temperatura que tenemos ahora mismo, esto se debe a dos factores.<\/strong><\/p>\n<p><strong>El primero al nublado que no ha dejado escapar el calor acumulado de ayer, \u00a0y el segundo que tenemos una masa de aire c\u00e1lido y humedo.<\/strong><\/p>\n<p><strong>Ya se est\u00e1n registrando chubascos de origen tormentoso cerca del Golfo de C\u00e1diz y Estrecho como pod\u00e9is ver en estas im\u00e1genes del radar de lluvias y de rayos.\u00a0<\/strong><\/p>\n<p><strong> Fuente aemet<\/strong><\/p>\n<p><a href=\"https:\/\/blogs.diariosur.es\/tormentas-y-rayos\/2013\/09\/13\/la-dana-sigue-muy-al-sur-del-golfo-de-cadiz-y-el-huracan-humberto-pierde-fuerza-de-momento\/201309130420_r8ml\/\" rel=\"attachment wp-att-6556\"><img loading=\"lazy\" class=\"aligncenter size-full wp-image-6556\" title=\"201309130420_r8ml\" src=\"\/tormentas-y-rayos\/wp-content\/uploads\/sites\/12\/2013\/09\/201309130420_r8ml.gif\" alt=\"\" width=\"480\" height=\"530\" \/><\/a><a href=\"https:\/\/blogs.diariosur.es\/tormentas-y-rayos\/2013\/09\/13\/la-dana-sigue-muy-al-sur-del-golfo-de-cadiz-y-el-huracan-humberto-pierde-fuerza-de-momento\/201309130400_r79g\/\" rel=\"attachment wp-att-6557\"><img loading=\"lazy\" class=\"aligncenter size-full wp-image-6557\" title=\"201309130400_r79g\" src=\"\/tormentas-y-rayos\/wp-content\/uploads\/sites\/12\/2013\/09\/201309130400_r79g.gif\" alt=\"\" width=\"500\" height=\"500\" \/><\/a><\/p>\n<p><span style=\"color: #ff0000;\"><strong>Incluso frente a la Costa Malague\u00f1a hay tambien uno contabilizado, ademas sobre las cinco de la ma\u00f1ana\u00a0ca\u00edan \u00a0chubascos en los montes de M\u00e1laga. En Santo Pitar se ha registrado un litro y medio.<\/strong><\/span><\/p>\n<p><strong>!Tranquilos tranquilos\u00a1 que enseguida hablamos de la dana que me tiene la picha hecha un lio y con perd\u00f3n. Antes tiro para la playa para intentar fotografiar el amanecer que creo que no voy a poder. De todas formas\u00a0ver\u00e9\u00a0las nubes y la direcci\u00f3n del viento. Enseguida vuelvo amigos.<\/strong><\/p>\n<p><strong>Ya de vuelta amigos, \u00a0y tal y como me\u00a0supon\u00eda\u00a0un chasco total el amanecer. El mar estaba picado, el viento soplaba de sureste y sur. Hacia la zona del Mar de Albor\u00e1n habia bastantes nubes que no han dejado ver al sol. En esta imagen del\u00a0sat\u00e9lite\u00a0eumetsat\u00a0pod\u00e9is\u00a0ver las nubes que hay ahora cuando son las ocho y media en el Mar de Albor\u00e1n y la tormenta que afecta a la zona cercana al Estrecho.<\/strong><\/p>\n<p><a href=\"https:\/\/blogs.diariosur.es\/tormentas-y-rayos\/2013\/09\/13\/la-dana-sigue-muy-al-sur-del-golfo-de-cadiz-y-el-huracan-humberto-pierde-fuerza-de-momento\/webexterna_ir87_05-30\/\" rel=\"attachment wp-att-6558\"><img loading=\"lazy\" class=\"aligncenter size-medium wp-image-6558\" title=\"webexterna_IR87_[05-30]\" src=\"\/tormentas-y-rayos\/wp-content\/uploads\/sites\/12\/2013\/09\/webexterna_IR87_05-30.jpg\" alt=\"\" width=\"579\" height=\"400\" srcset=\"https:\/\/static-blogs.diariosur.es\/wp-content\/uploads\/sites\/12\/2013\/09\/webexterna_IR87_05-30.jpg 750w, https:\/\/static-blogs.diariosur.es\/wp-content\/uploads\/sites\/12\/2013\/09\/webexterna_IR87_05-30-579x400.jpg 579w\" sizes=\"(max-width: 579px) 100vw, 579px\" \/><\/a><\/p>\n<p><strong>Y os pongo mi foto de la playa, el protagonista mi amigo Pedro Toro que me lo he encontrado en nuestra piedra famosa.<\/strong><\/p>\n<p><a href=\"https:\/\/blogs.diariosur.es\/tormentas-y-rayos\/2013\/09\/13\/la-dana-sigue-muy-al-sur-del-golfo-de-cadiz-y-el-huracan-humberto-pierde-fuerza-de-momento\/olympus-digital-camera-1445\/\" rel=\"attachment wp-att-6559\"><img loading=\"lazy\" class=\"aligncenter size-full wp-image-6559\" title=\"OLYMPUS DIGITAL CAMERA\" src=\"\/tormentas-y-rayos\/wp-content\/uploads\/sites\/12\/2013\/09\/43011.jpg\" alt=\"\" width=\"660\" height=\"495\" srcset=\"https:\/\/static-blogs.diariosur.es\/wp-content\/uploads\/sites\/12\/2013\/09\/43011.jpg 660w, https:\/\/static-blogs.diariosur.es\/wp-content\/uploads\/sites\/12\/2013\/09\/43011-533x400.jpg 533w\" sizes=\"(max-width: 660px) 100vw, 660px\" \/><\/a><\/p>\n<p><strong>Bueno amigos, nuestra amiga la dana seguira purulando cerca del Golfo de C\u00e1diz, pero muy al sur. Esto traer\u00e1 consigo que las lluvias mas moderadas se den en el entorno del Estrecho, Gofo de C\u00e1diz y sobre todo Ceuta que si espero que sean mas fuertes. En esta imagen de masas de aire pod\u00e9is ver la posici\u00f3n de la dana y la tormenta que ha creado esta madrugada pasada. Ya sab\u00e9is que la parte oriental de la dana es la mas inestable y la que crea las tormentas. Si la dana hubiera estado 100 kil\u00f3metros mas al norte, esa tormenta habr\u00eda afectado a nuestra Costa.<\/strong><\/p>\n<p><a href=\"https:\/\/blogs.diariosur.es\/tormentas-y-rayos\/2013\/09\/13\/la-dana-sigue-muy-al-sur-del-golfo-de-cadiz-y-el-huracan-humberto-pierde-fuerza-de-momento\/201309130500_s91g\/\" rel=\"attachment wp-att-6560\"><img loading=\"lazy\" class=\"aligncenter size-full wp-image-6560\" title=\"201309130500_s91g\" src=\"\/tormentas-y-rayos\/wp-content\/uploads\/sites\/12\/2013\/09\/201309130500_s91g.jpg\" alt=\"\" width=\"550\" height=\"488\" srcset=\"https:\/\/static-blogs.diariosur.es\/wp-content\/uploads\/sites\/12\/2013\/09\/201309130500_s91g.jpg 550w, https:\/\/static-blogs.diariosur.es\/wp-content\/uploads\/sites\/12\/2013\/09\/201309130500_s91g-451x400.jpg 451w\" sizes=\"(max-width: 550px) 100vw, 550px\" \/><\/a><\/p>\n<p>&nbsp;<\/p>\n<p><strong>En su movimiento err\u00e1tico que tiene, habr\u00e1 un momento durante la tarde noche de hoy \u00a0que se mueva un poco mas al norte y pueda traer ma\u00f1ana algunos chubascos a la Costa Malague\u00f1a. Pero no es seguro amigos, ya que hay modelos que la dejan casi est\u00e1tica mas al sur. Mas no os puedo contar, ya veremos que ocurre en el trascurso de las horas.<\/strong><\/p>\n<p><span style=\"color: #ff0000;\"><strong>HUMBERTO PRIMER\u00a0HURAC\u00c1N\u00a0DE LA TEMPORADA.<\/strong><\/span><\/p>\n<p><strong>Nuestro amigo Humberto esta llegando a aguas menos\u00a0c\u00e1lidas, con lo cual ira perdiendo fuerza a partir de hoy. Pero dentro de unas 48 horas al pasar por aguas mas calientes seguro que se reactivara. En esta imagen de ayer del nooa se puede ver lo cerquita que esta de las Canarias, a unos 1200\u00a0kil\u00f3metros.\u00a0<\/strong><\/p>\n<p><a href=\"https:\/\/blogs.diariosur.es\/tormentas-y-rayos\/2013\/09\/13\/la-dana-sigue-muy-al-sur-del-golfo-de-cadiz-y-el-huracan-humberto-pierde-fuerza-de-momento\/humberto\/\" rel=\"attachment wp-att-6562\"><img loading=\"lazy\" class=\"aligncenter size-medium wp-image-6562\" title=\"humberto\" src=\"\/tormentas-y-rayos\/wp-content\/uploads\/sites\/12\/2013\/09\/humberto.jpg\" alt=\"\" width=\"600\" height=\"400\" srcset=\"https:\/\/static-blogs.diariosur.es\/wp-content\/uploads\/sites\/12\/2013\/09\/humberto.jpg 720w, https:\/\/static-blogs.diariosur.es\/wp-content\/uploads\/sites\/12\/2013\/09\/humberto-600x400.jpg 600w\" sizes=\"(max-width: 600px) 100vw, 600px\" \/><\/a><\/p>\n<p>&nbsp;<\/p>\n<p><strong>Poco mas que contar. Iremos\u00a0siguiendo\u00a0a Humberto para ver si al final se acerca a las Islas Azores o sigue otro camino.<\/strong><\/p>\n<p><strong>Os dejo que\u00a0pas\u00e9is\u00a0un buen finde.<\/strong><\/p>\n<p>&nbsp;<\/p>\n","protected":false},"excerpt":{"rendered":"<p>ACTUALIZACI\u00d3N ULTIMA HORA Buenas tardes amigos de la meteo. En estos momentos se produce una fuerte tormenta al noreste de la provincia granadina, en algunos puntos se han recogido mas de 35 litros. La aemet ha activado el aviso amarillo por tormentas en muchos puntos de Andalucia os paso el mapa de avisos. De momento [&hellip;]<\/p>\n","protected":false},"author":16,"featured_media":6564,"comment_status":"open","ping_status":"open","sticky":false,"template":"","format":"standard","meta":[],"categories":[2],"tags":[307,493,496],"_links":{"self":[{"href":"https:\/\/blogs.diariosur.es\/tormentas-y-rayos\/wp-json\/wp\/v2\/posts\/6555"}],"collection":[{"href":"https:\/\/blogs.diariosur.es\/tormentas-y-rayos\/wp-json\/wp\/v2\/posts"}],"about":[{"href":"https:\/\/blogs.diariosur.es\/tormentas-y-rayos\/wp-json\/wp\/v2\/types\/post"}],"author":[{"embeddable":true,"href":"https:\/\/blogs.diariosur.es\/tormentas-y-rayos\/wp-json\/wp\/v2\/users\/16"}],"replies":[{"embeddable":true,"href":"https:\/\/blogs.diariosur.es\/tormentas-y-rayos\/wp-json\/wp\/v2\/comments?post=6555"}],"version-history":[{"count":0,"href":"https:\/\/blogs.diariosur.es\/tormentas-y-rayos\/wp-json\/wp\/v2\/posts\/6555\/revisions"}],"wp:featuredmedia":[{"embeddable":true,"href":"https:\/\/blogs.diariosur.es\/tormentas-y-rayos\/wp-json\/wp\/v2\/media\/6564"}],"wp:attachment":[{"href":"https:\/\/blogs.diariosur.es\/tormentas-y-rayos\/wp-json\/wp\/v2\/media?parent=6555"}],"wp:term":[{"taxonomy":"category","embeddable":true,"href":"https:\/\/blogs.diariosur.es\/tormentas-y-rayos\/wp-json\/wp\/v2\/categories?post=6555"},{"taxonomy":"post_tag","embeddable":true,"href":"https:\/\/blogs.diariosur.es\/tormentas-y-rayos\/wp-json\/wp\/v2\/tags?post=6555"}],"curies":[{"name":"wp","href":"https:\/\/api.w.org\/{rel}","templated":true}]}}