{"id":6570,"date":"2013-09-16T07:13:49","date_gmt":"2013-09-16T05:13:49","guid":{"rendered":"http:\/\/blogs.diariosur.es\/tormentas-y-rayos\/?p=6570"},"modified":"2013-09-16T07:13:49","modified_gmt":"2013-09-16T05:13:49","slug":"los-ultimos-dias-del-verano-seran-calurosos-la-dana-nos-pone-los-cuernos-con-el-huracan-ex-humberto","status":"publish","type":"post","link":"https:\/\/blogs.diariosur.es\/tormentas-y-rayos\/2013\/09\/16\/los-ultimos-dias-del-verano-seran-calurosos-la-dana-nos-pone-los-cuernos-con-el-huracan-ex-humberto\/","title":{"rendered":"Los \u00faltimos dias del verano ser\u00e1n calurosos. La dana nos pone los cuernos con el hurac\u00e1n ex Humberto."},"content":{"rendered":"<p><span style=\"color: #0000ff;\"><strong>Buenos d\u00edas amigos de la meteo. Son las seis de la ma\u00f1ana, registro 23 grados y los cielos est\u00e1n bastantes nubosos.<\/strong><\/span><\/p>\n<p><span style=\"color: #0000ff;\"><strong> No me rega\u00f1\u00e9is por el t\u00edtulo del post je je je, pero es cierto, nuestra amiga la dana nos ha puesto los cuernos con Humberto, que ya no es\u00a0hurac\u00e1n\u00a0. Se fue muy al sur a buscarlo y nos quedamos a dos velas, \u00a0y ella tambien. \u00a0En esta imagen del visible se ve perfectamente la dana la posici\u00f3n que tenia el domingo.\u00a0<\/strong><\/span><\/p>\n<p><span style=\"color: #0000ff;\"><a href=\"https:\/\/blogs.diariosur.es\/tormentas-y-rayos\/2013\/09\/16\/los-ultimos-dias-del-verano-seran-calurosos-la-dana-nos-pone-los-cuernos-con-el-huracan-ex-humberto\/danaaaa\/\" rel=\"attachment wp-att-6592\"><span style=\"color: #0000ff;\"><img loading=\"lazy\" class=\"aligncenter size-medium wp-image-6592\" title=\"danaaaa\" src=\"\/tormentas-y-rayos\/wp-content\/uploads\/sites\/12\/2013\/09\/danaaaa.jpg\" alt=\"\" width=\"579\" height=\"400\" srcset=\"https:\/\/static-blogs.diariosur.es\/wp-content\/uploads\/sites\/12\/2013\/09\/danaaaa.jpg 750w, https:\/\/static-blogs.diariosur.es\/wp-content\/uploads\/sites\/12\/2013\/09\/danaaaa-579x400.jpg 579w\" sizes=\"(max-width: 579px) 100vw, 579px\" \/><\/span><\/a><\/span><\/p>\n<p>&nbsp;<\/p>\n<p>&nbsp;<\/p>\n<p><span style=\"color: #0000ff;\">\u00a0<strong>Pero como Humberto se fue por su camino y se\u00a0convirti\u00f3\u00a0de nuevo en tormenta tropical, \u00a0nuestra amiga la dana quiere volver y tomar la circulaci\u00f3n general.<\/strong><\/span><\/p>\n<p><span style=\"color: #0000ff;\"><strong>\u00a0Entre hoy lunes y ma\u00f1ana martes la dana se ira acercando al Estrecho, al tener aun aire fr\u00edo en altura hay\u00a0posibilidad\u00a0de tormentas en los sistemas monta\u00f1osos de\u00a0Andaluc\u00eda\u00a0Oriental. En esta imagen \u00a0del\u00a0sat\u00e9lite\u00a0eumetsat se ve la nubosidad que ya tenemos debido al acercamiento de la dana. Fuente meteogalicia eumetsat<\/strong><\/span><\/p>\n<p><span style=\"color: #0000ff;\"><a href=\"https:\/\/blogs.diariosur.es\/tormentas-y-rayos\/2013\/09\/16\/los-ultimos-dias-del-verano-seran-calurosos-la-dana-nos-pone-los-cuernos-con-el-huracan-ex-humberto\/danonino\/\" rel=\"attachment wp-att-6593\"><span style=\"color: #0000ff;\"><img loading=\"lazy\" class=\"aligncenter size-medium wp-image-6593\" title=\"danonino\" src=\"\/tormentas-y-rayos\/wp-content\/uploads\/sites\/12\/2013\/09\/danonino.jpg\" alt=\"\" width=\"579\" height=\"400\" srcset=\"https:\/\/static-blogs.diariosur.es\/wp-content\/uploads\/sites\/12\/2013\/09\/danonino.jpg 750w, https:\/\/static-blogs.diariosur.es\/wp-content\/uploads\/sites\/12\/2013\/09\/danonino-579x400.jpg 579w\" sizes=\"(max-width: 579px) 100vw, 579px\" \/><\/span><\/a><\/span><\/p>\n<p>&nbsp;<\/p>\n<p><strong><span style=\"color: #0000ff;\">Os paso el mapa previsto a 500 hpa para ma\u00f1ana martes, fijaros donde esta ex Humberto y cabe la posibilidad de que de nuevo sea\u00a0hurac\u00e1n\u00a0categor\u00eda\u00a0uno. La duda que tengo es si\u00a0seguir\u00eda\u00a0llam\u00e1ndose\u00a0Humberto.\u00a0Fuente\u00a0aemet<\/span><\/strong><\/p>\n<p><span style=\"color: #0000ff;\"><a href=\"https:\/\/blogs.diariosur.es\/tormentas-y-rayos\/2013\/09\/16\/los-ultimos-dias-del-verano-seran-calurosos-la-dana-nos-pone-los-cuernos-con-el-huracan-ex-humberto\/humberto-dana\/\" rel=\"attachment wp-att-6594\"><span style=\"color: #0000ff;\"><img loading=\"lazy\" class=\"aligncenter size-medium wp-image-6594\" title=\"humberto dana\" src=\"\/tormentas-y-rayos\/wp-content\/uploads\/sites\/12\/2013\/09\/humberto-dana.gif\" alt=\"\" width=\"600\" height=\"352\" \/><\/span><\/a><\/span><\/p>\n<p><span style=\"color: #0000ff;\"><strong>Y como os comento en el titulo del blog, los\u00a0\u00faltimos\u00a0dias del verano\u00a0ser\u00e1n &#8220;calurosos&#8221;. La dorsal Africana tomara protagonismo y a 850 hpa la temperatura\u00a0estar\u00e1\u00a0cercana a los 20 grados. Donde las\u00a0m\u00e1ximas\u00a0no\u00a0subir\u00e1n\u00a0e incluso pueden bajar sera por el norte.<\/strong><\/span><\/p>\n<p><span style=\"color: #0000ff;\"><a href=\"https:\/\/blogs.diariosur.es\/tormentas-y-rayos\/2013\/09\/16\/los-ultimos-dias-del-verano-seran-calurosos-la-dana-nos-pone-los-cuernos-con-el-huracan-ex-humberto\/rtavn542-2\/\" rel=\"attachment wp-att-6571\"><span style=\"color: #0000ff;\"><img loading=\"lazy\" class=\"aligncenter size-medium wp-image-6571\" title=\"Rtavn542\" src=\"\/tormentas-y-rayos\/wp-content\/uploads\/sites\/12\/2013\/09\/Rtavn542.png\" alt=\"\" width=\"487\" height=\"400\" srcset=\"https:\/\/static-blogs.diariosur.es\/wp-content\/uploads\/sites\/12\/2013\/09\/Rtavn542.png 790w, https:\/\/static-blogs.diariosur.es\/wp-content\/uploads\/sites\/12\/2013\/09\/Rtavn542-488x400.png 488w, https:\/\/static-blogs.diariosur.es\/wp-content\/uploads\/sites\/12\/2013\/09\/Rtavn542-768x630.png 768w\" sizes=\"(max-width: 487px) 100vw, 487px\" \/><\/span><\/a><\/span><\/p>\n<p>&nbsp;<\/p>\n<p><span style=\"color: #0000ff;\">\u00a0<strong>El poniente tomara protagonismo a partir del martes en el Estrecho. Incluso puede llegar aterralado a M\u00e1laga Capital.<\/strong><\/span><\/p>\n<p><span style=\"color: #0000ff;\"><strong> Poco mas que contar sobre estos primeros dias de la semana.<\/strong><\/span><\/p>\n<p>&nbsp;<\/p>\n<p><span style=\"color: #ff0000;\"><strong>Buenos amigos hablemos un poquito de lo que ha pasado este fin de semana en fotos.<\/strong><\/span><\/p>\n<p><span style=\"color: #ff0000;\"><strong>Nuestra amiga la dana por lo menos nos ha dejado bonitos cielos, y alg\u00fan goteo muy disperso. <\/strong><\/span><\/p>\n<p><span style=\"color: #ff0000;\"><strong>El viernes \u00a0tire para \u00a0la playa para fotografiar el amanecer como os comente en el post que\u00a0abr\u00ed\u00a0el viernes, pero fue un chasco, ya que la gran cantidad de nubes no dejo ver un candilazo.\u00a0<\/strong><\/span><\/p>\n<p><span style=\"color: #ff0000;\"><a href=\"https:\/\/blogs.diariosur.es\/tormentas-y-rayos\/2013\/09\/16\/los-ultimos-dias-del-verano-seran-calurosos-la-dana-nos-pone-los-cuernos-con-el-huracan-ex-humberto\/olympus-digital-camera-1452\/\" rel=\"attachment wp-att-6578\"><span style=\"color: #ff0000;\"><img loading=\"lazy\" class=\"aligncenter size-full wp-image-6578\" title=\"OLYMPUS DIGITAL CAMERA\" src=\"\/tormentas-y-rayos\/wp-content\/uploads\/sites\/12\/2013\/09\/57007.jpg\" alt=\"\" width=\"660\" height=\"495\" srcset=\"https:\/\/static-blogs.diariosur.es\/wp-content\/uploads\/sites\/12\/2013\/09\/57007.jpg 660w, https:\/\/static-blogs.diariosur.es\/wp-content\/uploads\/sites\/12\/2013\/09\/57007-533x400.jpg 533w\" sizes=\"(max-width: 660px) 100vw, 660px\" \/><\/span><\/a><\/span><\/p>\n<p>&nbsp;<\/p>\n<p><span style=\"color: #ff0000;\"><strong>Pedro Toro me comento que unos minutos antes de llegar yo hab\u00edan ca\u00eddo unas gotas.<\/strong><\/span><\/p>\n<p><span style=\"color: #ff0000;\"><a href=\"https:\/\/blogs.diariosur.es\/tormentas-y-rayos\/2013\/09\/16\/los-ultimos-dias-del-verano-seran-calurosos-la-dana-nos-pone-los-cuernos-con-el-huracan-ex-humberto\/olympus-digital-camera-1453\/\" rel=\"attachment wp-att-6579\"><span style=\"color: #ff0000;\"><img loading=\"lazy\" class=\"aligncenter size-full wp-image-6579\" title=\"OLYMPUS DIGITAL CAMERA\" src=\"\/tormentas-y-rayos\/wp-content\/uploads\/sites\/12\/2013\/09\/58010.jpg\" alt=\"\" width=\"660\" height=\"495\" srcset=\"https:\/\/static-blogs.diariosur.es\/wp-content\/uploads\/sites\/12\/2013\/09\/58010.jpg 660w, https:\/\/static-blogs.diariosur.es\/wp-content\/uploads\/sites\/12\/2013\/09\/58010-533x400.jpg 533w\" sizes=\"(max-width: 660px) 100vw, 660px\" \/><\/span><\/a><\/span><\/p>\n<p><span style=\"color: #ff0000;\"><strong>Sobre las doce del mediod\u00eda tire para el chiringuito Gines, que por cierto me comentaron que las pintarrojas ya estaban casi en su punto. En esa zona era curioso ver como mirando hacia el este de M\u00e1laga apenas\u00a0hab\u00eda\u00a0nubosidad, pero hacia el oeste se ve\u00eda los coletazos de nuestra amiga la dana, que dejaba un altoc\u00famulus stratiformis \u00a0perlucidos. Estas dos fotos me la sacaron en el \u00a0tiempo de Tve,. M\u00f3nica comento lo mismo que yo os he dicho.<\/strong><\/span><\/p>\n<p><span style=\"color: #ff0000;\"><strong>Las dos fotos est\u00e1n tomadas con medio minuto de diferencia.<\/strong><\/span><\/p>\n<p><span style=\"color: #ff0000;\"><a href=\"https:\/\/blogs.diariosur.es\/tormentas-y-rayos\/2013\/09\/16\/los-ultimos-dias-del-verano-seran-calurosos-la-dana-nos-pone-los-cuernos-con-el-huracan-ex-humberto\/olympus-digital-camera-1450\/\" rel=\"attachment wp-att-6576\"><span style=\"color: #ff0000;\"><img loading=\"lazy\" class=\"aligncenter size-full wp-image-6576\" title=\"OLYMPUS DIGITAL CAMERA\" src=\"\/tormentas-y-rayos\/wp-content\/uploads\/sites\/12\" alt=\"\" width=\"660\" height=\"495\" \/><\/span><\/a><\/span><\/p>\n<p><span style=\"color: #ff0000;\"><a href=\"https:\/\/blogs.diariosur.es\/tormentas-y-rayos\/2013\/09\/16\/los-ultimos-dias-del-verano-seran-calurosos-la-dana-nos-pone-los-cuernos-con-el-huracan-ex-humberto\/olympus-digital-camera-1451\/\" rel=\"attachment wp-att-6577\"><span style=\"color: #ff0000;\"><img loading=\"lazy\" class=\"aligncenter size-full wp-image-6577\" title=\"OLYMPUS DIGITAL CAMERA\" src=\"\/tormentas-y-rayos\/wp-content\/uploads\/sites\/12\/2013\/09\/aa.jpg\" alt=\"\" width=\"660\" height=\"495\" srcset=\"https:\/\/static-blogs.diariosur.es\/wp-content\/uploads\/sites\/12\/2013\/09\/aa.jpg 660w, https:\/\/static-blogs.diariosur.es\/wp-content\/uploads\/sites\/12\/2013\/09\/aa-533x400.jpg 533w\" sizes=\"(max-width: 660px) 100vw, 660px\" \/><\/span><\/a><\/span><\/p>\n<p>&nbsp;<\/p>\n<p>&nbsp;<\/p>\n<p>&nbsp;<\/p>\n<p>&nbsp;<\/p>\n<p><span style=\"color: #ff0000;\"><strong>El\u00a0s\u00e1bado\u00a0 antes de entrar a currar me fui \u00a0de nuevo con traje y corbata para fotografiar el amanecer, pero la gran cantidad de nubes que hab\u00eda no dejo salir el sol. Paso lo mismo que el viernes<\/strong><\/span><\/p>\n<p><span style=\"color: #ff0000;\"><a href=\"https:\/\/blogs.diariosur.es\/tormentas-y-rayos\/2013\/09\/16\/los-ultimos-dias-del-verano-seran-calurosos-la-dana-nos-pone-los-cuernos-con-el-huracan-ex-humberto\/olympus-digital-camera-1446\/\" rel=\"attachment wp-att-6572\"><span style=\"color: #ff0000;\"><img loading=\"lazy\" title=\"OLYMPUS DIGITAL CAMERA\" src=\"\/tormentas-y-rayos\/wp-content\/uploads\/sites\/12\/2013\/09\/51002.jpg\" alt=\"\" width=\"660\" height=\"495\" \/><\/span><\/a><\/span><\/p>\n<p><span style=\"color: #ff0000;\"><strong>All\u00ed me encontr\u00e9 de nuevo con mi amigo Pedro Toro y no me pude resistir echarle una foto cuando se subi\u00f3 a nuestra piedra favorita. Os garantizo que no se mojo nada.<\/strong><\/span><\/p>\n<p><span style=\"color: #ff0000;\"><a href=\"https:\/\/blogs.diariosur.es\/tormentas-y-rayos\/2013\/09\/16\/los-ultimos-dias-del-verano-seran-calurosos-la-dana-nos-pone-los-cuernos-con-el-huracan-ex-humberto\/olympus-digital-camera-1447\/\" rel=\"attachment wp-att-6573\"><span style=\"color: #ff0000;\"><img loading=\"lazy\" title=\"OLYMPUS DIGITAL CAMERA\" src=\"\/tormentas-y-rayos\/wp-content\/uploads\/sites\/12\/2013\/09\/49019.jpg\" alt=\"\" width=\"660\" height=\"495\" \/><\/span><\/a><\/span><\/p>\n<p><span style=\"color: #ff0000;\"><a href=\"https:\/\/blogs.diariosur.es\/tormentas-y-rayos\/2013\/09\/16\/los-ultimos-dias-del-verano-seran-calurosos-la-dana-nos-pone-los-cuernos-con-el-huracan-ex-humberto\/olympus-digital-camera-1449\/\" rel=\"attachment wp-att-6575\"><span style=\"color: #ff0000;\"><img loading=\"lazy\" title=\"OLYMPUS DIGITAL CAMERA\" src=\"\/tormentas-y-rayos\/wp-content\/uploads\/sites\/12\/2013\/09\/zz.jpg\" alt=\"\" width=\"660\" height=\"495\" \/><\/span><\/a><\/span><\/p>\n<p><span style=\"color: #ff0000;\"><strong>\u00a0Tanto el viernes como el\u00a0s\u00e1bado\u00a0la maxima fue de casi 28 grados y la\u00a0m\u00ednima\u00a0de 23 datos de mi estaci\u00f3n.<\/strong><\/span><\/p>\n<p>&nbsp;<\/p>\n<p><span style=\"color: #ff0000;\"><strong>Por fin el Domingo tuvimos nuestra recompensa y el amanecer fue precioso. La m\u00e1xima que dio mi estaci\u00f3n fue de 29.8 grados. Os paso estas tres fotos del amanecer.<\/strong><\/span><\/p>\n<p><span style=\"color: #ff0000;\"><a href=\"https:\/\/blogs.diariosur.es\/tormentas-y-rayos\/2013\/09\/16\/los-ultimos-dias-del-verano-seran-calurosos-la-dana-nos-pone-los-cuernos-con-el-huracan-ex-humberto\/olympus-digital-camera-1454\/\" rel=\"attachment wp-att-6580\"><span style=\"color: #ff0000;\"><img loading=\"lazy\" class=\"aligncenter size-full wp-image-6580\" title=\"OLYMPUS DIGITAL CAMERA\" src=\"\/tormentas-y-rayos\/wp-content\/uploads\/sites\/12\/2013\/09\/aa1.jpg\" alt=\"\" width=\"660\" height=\"495\" srcset=\"https:\/\/static-blogs.diariosur.es\/wp-content\/uploads\/sites\/12\/2013\/09\/aa1.jpg 660w, https:\/\/static-blogs.diariosur.es\/wp-content\/uploads\/sites\/12\/2013\/09\/aa1-533x400.jpg 533w\" sizes=\"(max-width: 660px) 100vw, 660px\" \/><\/span><\/a><\/span><\/p>\n<p><span style=\"color: #ff0000;\"><a href=\"https:\/\/blogs.diariosur.es\/tormentas-y-rayos\/2013\/09\/16\/los-ultimos-dias-del-verano-seran-calurosos-la-dana-nos-pone-los-cuernos-con-el-huracan-ex-humberto\/olympus-digital-camera-1455\/\" rel=\"attachment wp-att-6581\"><span style=\"color: #ff0000;\"><img loading=\"lazy\" class=\"aligncenter size-full wp-image-6581\" title=\"OLYMPUS DIGITAL CAMERA\" src=\"\/tormentas-y-rayos\/wp-content\/uploads\/sites\/12\/2013\/09\/12.jpg\" alt=\"\" width=\"660\" height=\"495\" srcset=\"https:\/\/static-blogs.diariosur.es\/wp-content\/uploads\/sites\/12\/2013\/09\/12.jpg 660w, https:\/\/static-blogs.diariosur.es\/wp-content\/uploads\/sites\/12\/2013\/09\/12-533x400.jpg 533w\" sizes=\"(max-width: 660px) 100vw, 660px\" \/><\/span><\/a><\/span><\/p>\n<p><span style=\"color: #ff0000;\"><a href=\"https:\/\/blogs.diariosur.es\/tormentas-y-rayos\/2013\/09\/16\/los-ultimos-dias-del-verano-seran-calurosos-la-dana-nos-pone-los-cuernos-con-el-huracan-ex-humberto\/olympus-digital-camera-1456\/\" rel=\"attachment wp-att-6582\"><span style=\"color: #ff0000;\"><img loading=\"lazy\" class=\"aligncenter size-full wp-image-6582\" title=\"OLYMPUS DIGITAL CAMERA\" src=\"\/tormentas-y-rayos\/wp-content\/uploads\/sites\/12\/2013\/09\/21.jpg\" alt=\"\" width=\"660\" height=\"495\" srcset=\"https:\/\/static-blogs.diariosur.es\/wp-content\/uploads\/sites\/12\/2013\/09\/21.jpg 660w, https:\/\/static-blogs.diariosur.es\/wp-content\/uploads\/sites\/12\/2013\/09\/21-533x400.jpg 533w\" sizes=\"(max-width: 660px) 100vw, 660px\" \/><\/span><\/a><\/span><\/p>\n<p><span style=\"color: #ff0000;\"><strong>Cuando llegue Torre de Benagalb\u00f3n sobre las once y media \u00a0la temperatura era de 25 grados y los cielos estaban totalmente despejados.<\/strong><\/span><\/p>\n<p><span style=\"color: #ff0000;\"><a href=\"https:\/\/blogs.diariosur.es\/tormentas-y-rayos\/2013\/09\/16\/los-ultimos-dias-del-verano-seran-calurosos-la-dana-nos-pone-los-cuernos-con-el-huracan-ex-humberto\/olympus-digital-camera-1457\/\" rel=\"attachment wp-att-6583\"><span style=\"color: #ff0000;\"><img loading=\"lazy\" class=\"aligncenter size-full wp-image-6583\" title=\"OLYMPUS DIGITAL CAMERA\" src=\"\/tormentas-y-rayos\/wp-content\/uploads\/sites\/12\/2013\/09\/60054.jpg\" alt=\"\" width=\"660\" height=\"495\" srcset=\"https:\/\/static-blogs.diariosur.es\/wp-content\/uploads\/sites\/12\/2013\/09\/60054.jpg 660w, https:\/\/static-blogs.diariosur.es\/wp-content\/uploads\/sites\/12\/2013\/09\/60054-533x400.jpg 533w\" sizes=\"(max-width: 660px) 100vw, 660px\" \/><\/span><\/a><\/span><\/p>\n<p>&nbsp;<\/p>\n<p>&nbsp;<\/p>\n<p>&nbsp;<\/p>\n<p><span style=\"color: #ff0000;\"><strong>Sobre la una de la tarde\u00a0empez\u00f3\u00a0a entrar un poquito de levante, que trajo nubes bajas.<\/strong><\/span><\/p>\n<p><span style=\"color: #ff0000;\"><a href=\"https:\/\/blogs.diariosur.es\/tormentas-y-rayos\/2013\/09\/16\/los-ultimos-dias-del-verano-seran-calurosos-la-dana-nos-pone-los-cuernos-con-el-huracan-ex-humberto\/olympus-digital-camera-1458\/\" rel=\"attachment wp-att-6584\"><span style=\"color: #ff0000;\"><img loading=\"lazy\" class=\"aligncenter size-full wp-image-6584\" title=\"OLYMPUS DIGITAL CAMERA\" src=\"\/tormentas-y-rayos\/wp-content\/uploads\/sites\/12\/2013\/09\/61058.jpg\" alt=\"\" width=\"660\" height=\"495\" srcset=\"https:\/\/static-blogs.diariosur.es\/wp-content\/uploads\/sites\/12\/2013\/09\/61058.jpg 660w, https:\/\/static-blogs.diariosur.es\/wp-content\/uploads\/sites\/12\/2013\/09\/61058-533x400.jpg 533w\" sizes=\"(max-width: 660px) 100vw, 660px\" \/><\/span><\/a><\/span><\/p>\n<p><span style=\"color: #ff0000;\"><strong>Sobre las cuatro y media de la tarde y debido al aire frio en altura que aun ten\u00edamos, se empezaron a desarrollar bonitos c\u00famulos congestus. Estas fotos es cuando nos march\u00e1bamos para M\u00e1laga.<\/strong><\/span><\/p>\n<p><span style=\"color: #ff0000;\"><a href=\"https:\/\/blogs.diariosur.es\/tormentas-y-rayos\/2013\/09\/16\/los-ultimos-dias-del-verano-seran-calurosos-la-dana-nos-pone-los-cuernos-con-el-huracan-ex-humberto\/olympus-digital-camera-1459\/\" rel=\"attachment wp-att-6585\"><span style=\"color: #ff0000;\"><img loading=\"lazy\" class=\"aligncenter size-full wp-image-6585\" title=\"OLYMPUS DIGITAL CAMERA\" src=\"\/tormentas-y-rayos\/wp-content\/uploads\/sites\/12\/2013\/09\/zzzzz-2.jpg\" alt=\"\" width=\"660\" height=\"495\" srcset=\"https:\/\/static-blogs.diariosur.es\/wp-content\/uploads\/sites\/12\/2013\/09\/zzzzz-2.jpg 660w, https:\/\/static-blogs.diariosur.es\/wp-content\/uploads\/sites\/12\/2013\/09\/zzzzz-2-533x400.jpg 533w\" sizes=\"(max-width: 660px) 100vw, 660px\" \/><\/span><\/a><\/span><\/p>\n<p><span style=\"color: #ff0000;\"><a href=\"https:\/\/blogs.diariosur.es\/tormentas-y-rayos\/2013\/09\/16\/los-ultimos-dias-del-verano-seran-calurosos-la-dana-nos-pone-los-cuernos-con-el-huracan-ex-humberto\/olympus-digital-camera-1460\/\" rel=\"attachment wp-att-6586\"><span style=\"color: #ff0000;\"><img loading=\"lazy\" class=\"aligncenter size-full wp-image-6586\" title=\"OLYMPUS DIGITAL CAMERA\" src=\"\/tormentas-y-rayos\/wp-content\/uploads\/sites\/12\/2013\/09\/zzzzz-1.jpg\" alt=\"\" width=\"660\" height=\"495\" srcset=\"https:\/\/static-blogs.diariosur.es\/wp-content\/uploads\/sites\/12\/2013\/09\/zzzzz-1.jpg 660w, https:\/\/static-blogs.diariosur.es\/wp-content\/uploads\/sites\/12\/2013\/09\/zzzzz-1-533x400.jpg 533w\" sizes=\"(max-width: 660px) 100vw, 660px\" \/><\/span><\/a><\/span><\/p>\n<p><span style=\"color: #ff0000;\"><strong>Llegando a M\u00e1laga tiramos Geno y yo para la zona de la\u00a0<\/strong><strong>t\u00e9rmica, Geno\u00a0fotografi\u00f3\u00a0los desarrollos que\u00a0hab\u00eda\u00a0en los Montes de M\u00e1laga. No le ha salido mal la foto jejeje.<\/strong><\/span><\/p>\n<p><span style=\"color: #ff0000;\"><a href=\"https:\/\/blogs.diariosur.es\/tormentas-y-rayos\/2013\/09\/16\/los-ultimos-dias-del-verano-seran-calurosos-la-dana-nos-pone-los-cuernos-con-el-huracan-ex-humberto\/olympus-digital-camera-1461\/\" rel=\"attachment wp-att-6587\"><span style=\"color: #ff0000;\"><img loading=\"lazy\" class=\"aligncenter size-full wp-image-6587\" title=\"OLYMPUS DIGITAL CAMERA\" src=\"\/tormentas-y-rayos\/wp-content\/uploads\/sites\/12\/2013\/09\/64063.jpg\" alt=\"\" width=\"660\" height=\"495\" srcset=\"https:\/\/static-blogs.diariosur.es\/wp-content\/uploads\/sites\/12\/2013\/09\/64063.jpg 660w, https:\/\/static-blogs.diariosur.es\/wp-content\/uploads\/sites\/12\/2013\/09\/64063-533x400.jpg 533w\" sizes=\"(max-width: 660px) 100vw, 660px\" \/><\/span><\/a><\/span><\/p>\n<p><span style=\"color: #ff0000;\"><strong>Pero la sorpresa fue cuando casi a las seis y media me dio por mirar el radar, \u00a0y vi un buen moco cerca de Granada, y no solo eso tambien iba acompa\u00f1ado de tormenta. En la\u00a0Serran\u00eda\u00a0de Ronda tambien\u00a0hab\u00eda\u00a0chubascos.<\/strong><\/span><\/p>\n<p><span style=\"color: #ff0000;\"><a href=\"https:\/\/blogs.diariosur.es\/tormentas-y-rayos\/2013\/09\/16\/los-ultimos-dias-del-verano-seran-calurosos-la-dana-nos-pone-los-cuernos-con-el-huracan-ex-humberto\/granada-4\/\" rel=\"attachment wp-att-6588\"><span style=\"color: #ff0000;\"><img loading=\"lazy\" class=\"aligncenter size-full wp-image-6588\" title=\"granada\" src=\"\/tormentas-y-rayos\/wp-content\/uploads\/sites\/12\/2013\/09\/granada.gif\" alt=\"\" width=\"480\" height=\"530\" \/><\/span><\/a><a href=\"https:\/\/blogs.diariosur.es\/tormentas-y-rayos\/2013\/09\/16\/los-ultimos-dias-del-verano-seran-calurosos-la-dana-nos-pone-los-cuernos-con-el-huracan-ex-humberto\/201309151700_r79g\/\" rel=\"attachment wp-att-6589\"><span style=\"color: #ff0000;\"><img loading=\"lazy\" class=\"aligncenter size-full wp-image-6589\" title=\"201309151700_r79g\" src=\"\/tormentas-y-rayos\/wp-content\/uploads\/sites\/12\/2013\/09\/201309151700_r79g.gif\" alt=\"\" width=\"500\" height=\"500\" \/><\/span><\/a><\/span><\/p>\n<p>&nbsp;<\/p>\n<p><span style=\"color: #ff0000;\"><a href=\"https:\/\/blogs.diariosur.es\/tormentas-y-rayos\/2013\/09\/16\/los-ultimos-dias-del-verano-seran-calurosos-la-dana-nos-pone-los-cuernos-con-el-huracan-ex-humberto\/tormenta-grana\/\" rel=\"attachment wp-att-6591\"><span style=\"color: #ff0000;\"><img loading=\"lazy\" class=\"aligncenter size-medium wp-image-6591\" title=\"tormenta grana\" src=\"\/tormentas-y-rayos\/wp-content\/uploads\/sites\/12\/2013\/09\/tormenta-grana.jpg\" alt=\"\" width=\"554\" height=\"400\" srcset=\"https:\/\/static-blogs.diariosur.es\/wp-content\/uploads\/sites\/12\/2013\/09\/tormenta-grana.jpg 748w, https:\/\/static-blogs.diariosur.es\/wp-content\/uploads\/sites\/12\/2013\/09\/tormenta-grana-554x400.jpg 554w\" sizes=\"(max-width: 554px) 100vw, 554px\" \/><\/span><\/a><\/span><\/p>\n<p><span style=\"color: #ff0000;\"><strong>Esta tormenta dejo casi seis litros en Lanjar\u00f3n. Desde la terraza de Geno pude fotografiarla, pero ya no estaba en su\u00a0m\u00e1ximo\u00a0esplendor.<\/strong><\/span><\/p>\n<p><span style=\"color: #ff0000;\"><a href=\"https:\/\/blogs.diariosur.es\/tormentas-y-rayos\/2013\/09\/16\/los-ultimos-dias-del-verano-seran-calurosos-la-dana-nos-pone-los-cuernos-con-el-huracan-ex-humberto\/olympus-digital-camera-1462\/\" rel=\"attachment wp-att-6590\"><span style=\"color: #ff0000;\"><img loading=\"lazy\" class=\"aligncenter size-full wp-image-6590\" title=\"OLYMPUS DIGITAL CAMERA\" src=\"\/tormentas-y-rayos\/wp-content\/uploads\/sites\/12\/2013\/09\/65064.jpg\" alt=\"\" width=\"660\" height=\"495\" srcset=\"https:\/\/static-blogs.diariosur.es\/wp-content\/uploads\/sites\/12\/2013\/09\/65064.jpg 660w, https:\/\/static-blogs.diariosur.es\/wp-content\/uploads\/sites\/12\/2013\/09\/65064-533x400.jpg 533w\" sizes=\"(max-width: 660px) 100vw, 660px\" \/><\/span><\/a><\/span><\/p>\n<p><span style=\"color: #ff0000;\"><strong>Poco mas que contar amigos de la meteo.<\/strong><\/span><\/p>\n<p><span style=\"color: #ff0000;\"><strong> El domingo 22, \u00a0a las 22 y 44 minutos entra por fin el oto\u00f1o.\u00a0<\/strong><\/span><\/p>\n<p><strong>\u00a0Antonio no espero lluvias y que pases unas buenas vacaciones.<\/strong><\/p>\n<p>&nbsp;<\/p>\n<p>&nbsp;<\/p>\n<p><strong>\u00a0<\/strong><\/p>\n","protected":false},"excerpt":{"rendered":"<p>Buenos d\u00edas amigos de la meteo. Son las seis de la ma\u00f1ana, registro 23 grados y los cielos est\u00e1n bastantes nubosos. No me rega\u00f1\u00e9is por el t\u00edtulo del post je je je, pero es cierto, nuestra amiga la dana nos ha puesto los cuernos con Humberto, que ya no es\u00a0hurac\u00e1n\u00a0. Se fue muy al sur [&hellip;]<\/p>\n","protected":false},"author":16,"featured_media":6594,"comment_status":"open","ping_status":"open","sticky":false,"template":"","format":"standard","meta":[],"categories":[2],"tags":[302,307,331,493,496,1033,1052],"_links":{"self":[{"href":"https:\/\/blogs.diariosur.es\/tormentas-y-rayos\/wp-json\/wp\/v2\/posts\/6570"}],"collection":[{"href":"https:\/\/blogs.diariosur.es\/tormentas-y-rayos\/wp-json\/wp\/v2\/posts"}],"about":[{"href":"https:\/\/blogs.diariosur.es\/tormentas-y-rayos\/wp-json\/wp\/v2\/types\/post"}],"author":[{"embeddable":true,"href":"https:\/\/blogs.diariosur.es\/tormentas-y-rayos\/wp-json\/wp\/v2\/users\/16"}],"replies":[{"embeddable":true,"href":"https:\/\/blogs.diariosur.es\/tormentas-y-rayos\/wp-json\/wp\/v2\/comments?post=6570"}],"version-history":[{"count":0,"href":"https:\/\/blogs.diariosur.es\/tormentas-y-rayos\/wp-json\/wp\/v2\/posts\/6570\/revisions"}],"wp:featuredmedia":[{"embeddable":true,"href":"https:\/\/blogs.diariosur.es\/tormentas-y-rayos\/wp-json\/wp\/v2\/media\/6594"}],"wp:attachment":[{"href":"https:\/\/blogs.diariosur.es\/tormentas-y-rayos\/wp-json\/wp\/v2\/media?parent=6570"}],"wp:term":[{"taxonomy":"category","embeddable":true,"href":"https:\/\/blogs.diariosur.es\/tormentas-y-rayos\/wp-json\/wp\/v2\/categories?post=6570"},{"taxonomy":"post_tag","embeddable":true,"href":"https:\/\/blogs.diariosur.es\/tormentas-y-rayos\/wp-json\/wp\/v2\/tags?post=6570"}],"curies":[{"name":"wp","href":"https:\/\/api.w.org\/{rel}","templated":true}]}}