{"id":6595,"date":"2013-09-17T07:37:37","date_gmt":"2013-09-17T05:37:37","guid":{"rendered":"http:\/\/blogs.diariosur.es\/tormentas-y-rayos\/?p=6595"},"modified":"2013-09-17T07:37:37","modified_gmt":"2013-09-17T05:37:37","slug":"feliz-cumpleanos-lidia-el-terral-y-las-nubes-de-desarrollo-protagonistas","status":"publish","type":"post","link":"https:\/\/blogs.diariosur.es\/tormentas-y-rayos\/2013\/09\/17\/feliz-cumpleanos-lidia-el-terral-y-las-nubes-de-desarrollo-protagonistas\/","title":{"rendered":"Feliz cumplea\u00f1os Lidia. El terral y las nubes de desarrollo protagonistas."},"content":{"rendered":"<p><a href=\"https:\/\/blogs.diariosur.es\/tormentas-y-rayos\/2013\/09\/18\/la-maxima-de-la-peninsula-se-registra-en-malaga-capital-con-352-grados-aviso-amarillo-por-tormentas-en-granada-y-almeria\/\">\u00a0 \u00a0<strong>ACTUALIZACI\u00d3N 18 DE SEPTIEMBRE<\/strong><\/a><\/p>\n<p><strong>Buenos dias amigos de la meteo. Feliz cumple Lidia.<\/strong><\/p>\n<p><strong>\u00a0Son las seis de la ma\u00f1ana, registro casi 25 grados y los cielos est\u00e1n despejados. Como ayer os comentaba el terral ser\u00e1 el protagonista hoy martes y ma\u00f1ana mi\u00e9rcoles. El paso de un frente por el norte peninsular y la bolsa de aire frio que se situara sobre el Cabo de Gata y el Mar de Alboran, har\u00e1 que los vientos entren de poniente. De nuevo tendremos desarrollos en los sistemas monta\u00f1osos y las tormentas ser\u00e1n las protagonistas en Andaluc\u00eda Oriental. Os paso de nuevo el enlace al post de ayer.\u00a0<\/strong><\/p>\n<p><span style=\"color: #ff0000;\"><strong><a href=\"https:\/\/blogs.diariosur.es\/tormentas-y-rayos\/2013\/09\/16\/los-ultimos-dias-del-verano-seran-calurosos-la-dana-nos-pone-los-cuernos-con-el-huracan-ex-humberto\/\">LOS \u00daLTIMOS DIAS DEL VERANO\u00a0SER\u00c1N\u00a0CALUROSOS. LA DANA NOS PONE LOS CUERNOS CON EL\u00a0HURAC\u00c1N\u00a0HUMBERTO<\/a><\/strong><\/span><\/p>\n<h1><\/h1>\n<p><a href=\"https:\/\/blogs.diariosur.es\/tormentas-y-rayos\/2013\/09\/17\/feliz-cumpleanos-lidia-el-terral-y-las-nubes-de-desarrollo-protagonistas\/319922_230497327003774_1338011623_n\/\" rel=\"attachment wp-att-6597\"><img loading=\"lazy\" class=\"aligncenter size-full wp-image-6597\" title=\"319922_230497327003774_1338011623_n\" src=\"\/tormentas-y-rayos\/wp-content\/uploads\/sites\/12\/2013\/09\/319922_230497327003774_1338011623_n.jpg\" alt=\"\" width=\"500\" height=\"667\" srcset=\"https:\/\/static-blogs.diariosur.es\/wp-content\/uploads\/sites\/12\/2013\/09\/319922_230497327003774_1338011623_n.jpg 500w, https:\/\/static-blogs.diariosur.es\/wp-content\/uploads\/sites\/12\/2013\/09\/319922_230497327003774_1338011623_n-300x400.jpg 300w\" sizes=\"(max-width: 500px) 100vw, 500px\" \/><\/a><\/p>\n<p><strong>Pero mi mayor motivo al actualizar el blog tan pronto es porque es el cumple de mi hija Lidia. Al igual que yo es una amante de las tormentas y de los amaneceres, y dentro de un tiempo los dos tiraremos para el corredor de los tornados, lo malo el viaje en avi\u00f3n verdad Lidia, nos tendr\u00e1n que anestesiar jajajaja. Como a Lidia le gustan tanto los perros y los animales, hoy te quiero regalar este cumulonimbus canichus que fotografi\u00f3 \u00a0magistralmente\u00a0ayer mi amigo Lui G Marin. <\/strong><\/p>\n<p><strong>Esta tarde hablamos y te doy la previsi\u00f3n del tiempo para donde vas. Un besito.<\/strong><\/p>\n<p><a href=\"https:\/\/blogs.diariosur.es\/tormentas-y-rayos\/2013\/09\/17\/feliz-cumpleanos-lidia-el-terral-y-las-nubes-de-desarrollo-protagonistas\/1273887_10200563926562233_1855308901_o\/\" rel=\"attachment wp-att-6596\"><img loading=\"lazy\" class=\"aligncenter size-full wp-image-6596\" title=\"1273887_10200563926562233_1855308901_o\" src=\"\/tormentas-y-rayos\/wp-content\/uploads\/sites\/12\/2013\/09\/1273887_10200563926562233_1855308901_o.jpg\" alt=\"\" width=\"660\" height=\"424\" srcset=\"https:\/\/static-blogs.diariosur.es\/wp-content\/uploads\/sites\/12\/2013\/09\/1273887_10200563926562233_1855308901_o.jpg 660w, https:\/\/static-blogs.diariosur.es\/wp-content\/uploads\/sites\/12\/2013\/09\/1273887_10200563926562233_1855308901_o-623x400.jpg 623w\" sizes=\"(max-width: 660px) 100vw, 660px\" \/><\/a><\/p>\n","protected":false},"excerpt":{"rendered":"<p>\u00a0 \u00a0ACTUALIZACI\u00d3N 18 DE SEPTIEMBRE Buenos dias amigos de la meteo. Feliz cumple Lidia. \u00a0Son las seis de la ma\u00f1ana, registro casi 25 grados y los cielos est\u00e1n despejados. Como ayer os comentaba el terral ser\u00e1 el protagonista hoy martes y ma\u00f1ana mi\u00e9rcoles. El paso de un frente por el norte peninsular y la bolsa [&hellip;]<\/p>\n","protected":false},"author":16,"featured_media":6597,"comment_status":"open","ping_status":"open","sticky":false,"template":"","format":"standard","meta":[],"categories":[2],"tags":[934,961,975,996],"_links":{"self":[{"href":"https:\/\/blogs.diariosur.es\/tormentas-y-rayos\/wp-json\/wp\/v2\/posts\/6595"}],"collection":[{"href":"https:\/\/blogs.diariosur.es\/tormentas-y-rayos\/wp-json\/wp\/v2\/posts"}],"about":[{"href":"https:\/\/blogs.diariosur.es\/tormentas-y-rayos\/wp-json\/wp\/v2\/types\/post"}],"author":[{"embeddable":true,"href":"https:\/\/blogs.diariosur.es\/tormentas-y-rayos\/wp-json\/wp\/v2\/users\/16"}],"replies":[{"embeddable":true,"href":"https:\/\/blogs.diariosur.es\/tormentas-y-rayos\/wp-json\/wp\/v2\/comments?post=6595"}],"version-history":[{"count":0,"href":"https:\/\/blogs.diariosur.es\/tormentas-y-rayos\/wp-json\/wp\/v2\/posts\/6595\/revisions"}],"wp:featuredmedia":[{"embeddable":true,"href":"https:\/\/blogs.diariosur.es\/tormentas-y-rayos\/wp-json\/wp\/v2\/media\/6597"}],"wp:attachment":[{"href":"https:\/\/blogs.diariosur.es\/tormentas-y-rayos\/wp-json\/wp\/v2\/media?parent=6595"}],"wp:term":[{"taxonomy":"category","embeddable":true,"href":"https:\/\/blogs.diariosur.es\/tormentas-y-rayos\/wp-json\/wp\/v2\/categories?post=6595"},{"taxonomy":"post_tag","embeddable":true,"href":"https:\/\/blogs.diariosur.es\/tormentas-y-rayos\/wp-json\/wp\/v2\/tags?post=6595"}],"curies":[{"name":"wp","href":"https:\/\/api.w.org\/{rel}","templated":true}]}}