{"id":6598,"date":"2013-09-18T07:32:11","date_gmt":"2013-09-18T05:32:11","guid":{"rendered":"http:\/\/blogs.diariosur.es\/tormentas-y-rayos\/?p=6598"},"modified":"2013-09-18T07:32:11","modified_gmt":"2013-09-18T05:32:11","slug":"la-maxima-de-la-peninsula-se-registra-en-malaga-capital-con-352-grados-aviso-amarillo-por-tormentas-en-granada-y-almeria","status":"publish","type":"post","link":"https:\/\/blogs.diariosur.es\/tormentas-y-rayos\/2013\/09\/18\/la-maxima-de-la-peninsula-se-registra-en-malaga-capital-con-352-grados-aviso-amarillo-por-tormentas-en-granada-y-almeria\/","title":{"rendered":"La maxima de la pen\u00ednsula se registra en M\u00e1laga Capital con 35,2 grados. Aviso amarillo por tormentas en Granada y Almer\u00eda."},"content":{"rendered":"<p>&nbsp;<\/p>\n<p>&nbsp;<\/p>\n<p><strong>Buenos dias amigos de la meteo.<\/strong><\/p>\n<p><strong>Son las seis y media de la ma\u00f1ana, registro 22 grados y los cielos est\u00e1n despejados.\u00a0<\/strong><\/p>\n<p><strong>Si amigos se cumplieron los\u00a0pron\u00f3sticos y el terral de verano fue el protagonista ayer martes.\u00a0Sobre las tres y veinte de la tarde M\u00e1laga Capital registro 35,2 grados, siendo la m\u00e1xima registrada en la\u00a0pen\u00ednsula. \u00a0Solo disponemos del dato del Centro Meteorol\u00f3gico de Teatinos, ya que tanto el puerto como el aeropuerto estaban fuera de l\u00ednea. Os paso los gr\u00e1ficos fuente aemet.<\/strong><\/p>\n<p><a href=\"https:\/\/blogs.diariosur.es\/tormentas-y-rayos\/2013\/09\/18\/la-maxima-de-la-peninsula-se-registra-en-malaga-capital-con-352-grados-aviso-amarillo-por-tormentas-en-granada-y-almeria\/man-mi\/\" rel=\"attachment wp-att-6599\"><img loading=\"lazy\" class=\"aligncenter size-full wp-image-6599\" title=\"man mi\" src=\"\/tormentas-y-rayos\/wp-content\/uploads\/sites\/12\/2013\/09\/man-mi.jpg\" alt=\"\" width=\"492\" height=\"124\" \/><\/a><a href=\"https:\/\/blogs.diariosur.es\/tormentas-y-rayos\/2013\/09\/18\/la-maxima-de-la-peninsula-se-registra-en-malaga-capital-con-352-grados-aviso-amarillo-por-tormentas-en-granada-y-almeria\/maxima-9\/\" rel=\"attachment wp-att-6600\"><img loading=\"lazy\" class=\"aligncenter size-medium wp-image-6600\" title=\"maxima\" src=\"\/tormentas-y-rayos\/wp-content\/uploads\/sites\/12\/2013\/09\/maxima.jpg\" alt=\"\" width=\"600\" height=\"261\" srcset=\"https:\/\/static-blogs.diariosur.es\/wp-content\/uploads\/sites\/12\/2013\/09\/maxima.jpg 708w, https:\/\/static-blogs.diariosur.es\/wp-content\/uploads\/sites\/12\/2013\/09\/maxima-640x279.jpg 640w\" sizes=\"(max-width: 600px) 100vw, 600px\" \/><\/a><\/p>\n<p><strong>En cambio en Torrox Costa la m\u00e1xima se daba a las diez 10:40 minutos de la ma\u00f1ana con 29,4 grados, a partir de esa hora y hasta por la tarde se mantuvo entre los 27 y 28 grados. Como todos\u00a0sab\u00e9is\u00a0en Torrox el poniente le entra por mar en vez de por tierra.<\/strong><\/p>\n<p><a href=\"https:\/\/blogs.diariosur.es\/tormentas-y-rayos\/2013\/09\/18\/la-maxima-de-la-peninsula-se-registra-en-malaga-capital-con-352-grados-aviso-amarillo-por-tormentas-en-granada-y-almeria\/torrox-3\/\" rel=\"attachment wp-att-6601\"><img loading=\"lazy\" class=\"aligncenter size-full wp-image-6601\" title=\"torrox\" src=\"\/tormentas-y-rayos\/wp-content\/uploads\/sites\/12\/2013\/09\/torrox.jpg\" alt=\"\" width=\"438\" height=\"112\" \/><\/a><\/p>\n<p><a href=\"https:\/\/blogs.diariosur.es\/tormentas-y-rayos\/2013\/09\/18\/la-maxima-de-la-peninsula-se-registra-en-malaga-capital-con-352-grados-aviso-amarillo-por-tormentas-en-granada-y-almeria\/tt-2\/\" rel=\"attachment wp-att-6602\"><img loading=\"lazy\" class=\"aligncenter size-medium wp-image-6602\" title=\"tt\" src=\"\/tormentas-y-rayos\/wp-content\/uploads\/sites\/12\/2013\/09\/tt.jpg\" alt=\"\" width=\"600\" height=\"266\" srcset=\"https:\/\/static-blogs.diariosur.es\/wp-content\/uploads\/sites\/12\/2013\/09\/tt.jpg 708w, https:\/\/static-blogs.diariosur.es\/wp-content\/uploads\/sites\/12\/2013\/09\/tt-640x284.jpg 640w\" sizes=\"(max-width: 600px) 100vw, 600px\" \/><\/a><\/p>\n<p><strong>El terral que soplo ayer es totalmente normal y se da mas de una vez en un mes de Septiembre. La maxima que se ha dado en Septiembre fue en el a\u00f1o 1955, el dia 1 de ese mes M\u00e1laga registro 40 grados.<\/strong><\/p>\n<p><strong>Hoy mi\u00e9rcoles y ma\u00f1ana jueves seguir\u00e1 soplando terral, aunque pienso que la m\u00e1xima de hoy no ser\u00e1 tal alta como la que se dio ayer. El jueves el terral ira amainando a primeras horas de la ma\u00f1ana y\u00a0dar\u00e1\u00a0paso al levante.\u00a0<\/strong><\/p>\n<p><strong> Las tormentas seguir\u00e1n siendo las protagonistas hoy\u00a0mi\u00e9rcoles\u00a0en los Sistemas Monta\u00f1osos de Granada y Almer\u00eda, por este motivo la Aemet activa el aviso amarillo por tormentas en estas zonas. \u00a0Nuestra amiga la dana da sus\u00a0\u00faltimos\u00a0coletazos.<\/strong><\/p>\n<p><a href=\"https:\/\/blogs.diariosur.es\/tormentas-y-rayos\/2013\/09\/18\/la-maxima-de-la-peninsula-se-registra-en-malaga-capital-con-352-grados-aviso-amarillo-por-tormentas-en-granada-y-almeria\/captura-174\/\" rel=\"attachment wp-att-6603\"><img loading=\"lazy\" class=\"aligncenter size-medium wp-image-6603\" title=\"Captura\" src=\"\/tormentas-y-rayos\/wp-content\/uploads\/sites\/12\/2013\/09\/Captura7.jpg\" alt=\"\" width=\"520\" height=\"400\" srcset=\"https:\/\/static-blogs.diariosur.es\/wp-content\/uploads\/sites\/12\/2013\/09\/Captura7.jpg 566w, https:\/\/static-blogs.diariosur.es\/wp-content\/uploads\/sites\/12\/2013\/09\/Captura7-520x400.jpg 520w\" sizes=\"(max-width: 520px) 100vw, 520px\" \/><\/a><\/p>\n<p>&nbsp;<\/p>\n<p><strong>Os hago un peque\u00f1o resumen en fotos del lunes y el martes.<\/strong><\/p>\n<p><strong>El lunes y como todos sab\u00e9is la dana se fue acercando, esto contribuyo a que tuvi\u00e9ramos un bonito amanecer. Os paso la foto.\u00a0<\/strong><\/p>\n<p><a href=\"https:\/\/blogs.diariosur.es\/tormentas-y-rayos\/2013\/09\/18\/la-maxima-de-la-peninsula-se-registra-en-malaga-capital-con-352-grados-aviso-amarillo-por-tormentas-en-granada-y-almeria\/olympus-digital-camera-1463\/\" rel=\"attachment wp-att-6604\"><img loading=\"lazy\" class=\"aligncenter size-full wp-image-6604\" title=\"OLYMPUS DIGITAL CAMERA\" src=\"\/tormentas-y-rayos\/wp-content\/uploads\/sites\/12\/2013\/09\/69005.jpg\" alt=\"\" width=\"660\" height=\"495\" srcset=\"https:\/\/static-blogs.diariosur.es\/wp-content\/uploads\/sites\/12\/2013\/09\/69005.jpg 660w, https:\/\/static-blogs.diariosur.es\/wp-content\/uploads\/sites\/12\/2013\/09\/69005-533x400.jpg 533w\" sizes=\"(max-width: 660px) 100vw, 660px\" \/><\/a><\/p>\n<p>&nbsp;<\/p>\n<p><strong>A partir de las dos de la tarde ya se empezaban a ver bonitos desarrollos, tanto en los Montes de M\u00e1laga como por la Serran\u00eda de Ronda. Al tener el sol totalmente de frente la foto de la tormenta de Ronda no pude hacerla. Os paso unas cuantas fotos.<\/strong><\/p>\n<p><a href=\"https:\/\/blogs.diariosur.es\/tormentas-y-rayos\/2013\/09\/18\/la-maxima-de-la-peninsula-se-registra-en-malaga-capital-con-352-grados-aviso-amarillo-por-tormentas-en-granada-y-almeria\/olympus-digital-camera-1464\/\" rel=\"attachment wp-att-6605\"><img loading=\"lazy\" class=\"aligncenter size-full wp-image-6605\" title=\"OLYMPUS DIGITAL CAMERA\" src=\"\/tormentas-y-rayos\/wp-content\/uploads\/sites\/12\/2013\/09\/68028.jpg\" alt=\"\" width=\"660\" height=\"495\" srcset=\"https:\/\/static-blogs.diariosur.es\/wp-content\/uploads\/sites\/12\/2013\/09\/68028.jpg 660w, https:\/\/static-blogs.diariosur.es\/wp-content\/uploads\/sites\/12\/2013\/09\/68028-533x400.jpg 533w\" sizes=\"(max-width: 660px) 100vw, 660px\" \/><\/a><\/p>\n<p><a href=\"https:\/\/blogs.diariosur.es\/tormentas-y-rayos\/2013\/09\/18\/la-maxima-de-la-peninsula-se-registra-en-malaga-capital-con-352-grados-aviso-amarillo-por-tormentas-en-granada-y-almeria\/olympus-digital-camera-1465\/\" rel=\"attachment wp-att-6606\"><img loading=\"lazy\" class=\"aligncenter size-full wp-image-6606\" title=\"OLYMPUS DIGITAL CAMERA\" src=\"\/tormentas-y-rayos\/wp-content\/uploads\/sites\/12\/2013\/09\/bb.jpg\" alt=\"\" width=\"660\" height=\"495\" srcset=\"https:\/\/static-blogs.diariosur.es\/wp-content\/uploads\/sites\/12\/2013\/09\/bb.jpg 660w, https:\/\/static-blogs.diariosur.es\/wp-content\/uploads\/sites\/12\/2013\/09\/bb-533x400.jpg 533w\" sizes=\"(max-width: 660px) 100vw, 660px\" \/><\/a><\/p>\n<p><a href=\"https:\/\/blogs.diariosur.es\/tormentas-y-rayos\/2013\/09\/18\/la-maxima-de-la-peninsula-se-registra-en-malaga-capital-con-352-grados-aviso-amarillo-por-tormentas-en-granada-y-almeria\/attachment\/033\/\" rel=\"attachment wp-att-6607\"><img loading=\"lazy\" class=\"aligncenter size-full wp-image-6607\" title=\"033\" src=\"\/tormentas-y-rayos\/wp-content\/uploads\/sites\/12\/2013\/09\/033.jpg\" alt=\"\" width=\"660\" height=\"440\" srcset=\"https:\/\/static-blogs.diariosur.es\/wp-content\/uploads\/sites\/12\/2013\/09\/033.jpg 660w, https:\/\/static-blogs.diariosur.es\/wp-content\/uploads\/sites\/12\/2013\/09\/033-600x400.jpg 600w\" sizes=\"(max-width: 660px) 100vw, 660px\" \/><\/a><\/p>\n<p><strong>El martes no se desarrollaron cumulonimbos en los Montes de M\u00e1laga, ya que el terral lo imped\u00eda. Pero si hubo bonitos desarrollos en la provincia granadina y mas concretamente en Sierra Nevada. Esta \u00faltima tormenta dejo un impresionante yunque que llego hasta M\u00e1laga.<\/strong><\/p>\n<p><a href=\"https:\/\/blogs.diariosur.es\/tormentas-y-rayos\/2013\/09\/18\/la-maxima-de-la-peninsula-se-registra-en-malaga-capital-con-352-grados-aviso-amarillo-por-tormentas-en-granada-y-almeria\/img_2736\/\" rel=\"attachment wp-att-6608\"><img loading=\"lazy\" class=\"aligncenter size-full wp-image-6608\" title=\"IMG_2736\" src=\"\/tormentas-y-rayos\/wp-content\/uploads\/sites\/12\/2013\/09\/IMG_2736.jpg\" alt=\"\" width=\"500\" height=\"669\" srcset=\"https:\/\/static-blogs.diariosur.es\/wp-content\/uploads\/sites\/12\/2013\/09\/IMG_2736.jpg 500w, https:\/\/static-blogs.diariosur.es\/wp-content\/uploads\/sites\/12\/2013\/09\/IMG_2736-299x400.jpg 299w\" sizes=\"(max-width: 500px) 100vw, 500px\" \/><\/a><\/p>\n<p>&nbsp;<\/p>\n<p><strong>Adem\u00e1s dejo una granizada en la zona alta de Borreguiles. Captura pagina Sierra Nevada.<\/strong><\/p>\n<p><a href=\"https:\/\/blogs.diariosur.es\/tormentas-y-rayos\/2013\/09\/18\/la-maxima-de-la-peninsula-se-registra-en-malaga-capital-con-352-grados-aviso-amarillo-por-tormentas-en-granada-y-almeria\/granizada-sierra-nevada\/\" rel=\"attachment wp-att-6609\"><img loading=\"lazy\" class=\"aligncenter size-medium wp-image-6609\" title=\"granizada sierra nevada\" src=\"\/tormentas-y-rayos\/wp-content\/uploads\/sites\/12\/2013\/09\/granizada-sierra-nevada.jpg\" alt=\"\" width=\"534\" height=\"400\" srcset=\"https:\/\/static-blogs.diariosur.es\/wp-content\/uploads\/sites\/12\/2013\/09\/granizada-sierra-nevada.jpg 920w, https:\/\/static-blogs.diariosur.es\/wp-content\/uploads\/sites\/12\/2013\/09\/granizada-sierra-nevada-535x400.jpg 535w, https:\/\/static-blogs.diariosur.es\/wp-content\/uploads\/sites\/12\/2013\/09\/granizada-sierra-nevada-768x574.jpg 768w\" sizes=\"(max-width: 534px) 100vw, 534px\" \/><\/a><\/p>\n<p><strong>Poco mas que contar amigos. Viendo modelos no veo de momento lluvias generalizadas en\u00a0Andaluc\u00eda\u00a0este mes.<\/strong><\/p>\n<p><strong> Os dejo con esta preciosa foto de mi amigo Jose Antonio Escobar. Es un cumulo congestus con gran\u00a0desarrollo, y casi cumulonimbus.<\/strong><\/p>\n<p><a href=\"https:\/\/blogs.diariosur.es\/tormentas-y-rayos\/2013\/09\/18\/la-maxima-de-la-peninsula-se-registra-en-malaga-capital-con-352-grados-aviso-amarillo-por-tormentas-en-granada-y-almeria\/jose-antonio-escobar\/\" rel=\"attachment wp-att-6610\"><img loading=\"lazy\" class=\"aligncenter size-full wp-image-6610\" title=\"jose antonio escobar\" src=\"\/tormentas-y-rayos\/wp-content\/uploads\/sites\/12\/2013\/09\/jose-antonio-escobar.jpg\" alt=\"\" width=\"660\" height=\"495\" srcset=\"https:\/\/static-blogs.diariosur.es\/wp-content\/uploads\/sites\/12\/2013\/09\/jose-antonio-escobar.jpg 660w, https:\/\/static-blogs.diariosur.es\/wp-content\/uploads\/sites\/12\/2013\/09\/jose-antonio-escobar-533x400.jpg 533w\" sizes=\"(max-width: 660px) 100vw, 660px\" \/><\/a><\/p>\n<p><strong>\u00a0Hola de nuevo amigos, os paso esta\u00a0informaci\u00f3n\u00a0que me ha facilitado mi amigo Sebas. La Hermandad de las Lanzas celebra la festividad de Mar\u00eda\u00a0Sant\u00edsima\u00a0de la Encarnaci\u00f3n y Amor Divino.<\/strong><\/p>\n<p><a href=\"https:\/\/blogs.diariosur.es\/tormentas-y-rayos\/2013\/09\/18\/la-maxima-de-la-peninsula-se-registra-en-malaga-capital-con-352-grados-aviso-amarillo-por-tormentas-en-granada-y-almeria\/sony-dsc\/\" rel=\"attachment wp-att-6613\"><img loading=\"lazy\" class=\"aligncenter size-full wp-image-6613\" title=\"SONY DSC\" src=\"\/tormentas-y-rayos\/wp-content\/uploads\/sites\/12\/2013\/09\/CARTELBESAMANO133.jpg\" alt=\"\" width=\"450\" height=\"672\" srcset=\"https:\/\/static-blogs.diariosur.es\/wp-content\/uploads\/sites\/12\/2013\/09\/CARTELBESAMANO133.jpg 450w, https:\/\/static-blogs.diariosur.es\/wp-content\/uploads\/sites\/12\/2013\/09\/CARTELBESAMANO133-268x400.jpg 268w\" sizes=\"(max-width: 450px) 100vw, 450px\" \/><\/a><a href=\"https:\/\/blogs.diariosur.es\/tormentas-y-rayos\/2013\/09\/18\/la-maxima-de-la-peninsula-se-registra-en-malaga-capital-con-352-grados-aviso-amarillo-por-tormentas-en-granada-y-almeria\/buxinxriqaagizd\/\" rel=\"attachment wp-att-6614\"><img loading=\"lazy\" class=\"aligncenter size-full wp-image-6614\" title=\"BUXiNxrIQAAgIzd\" src=\"\/tormentas-y-rayos\/wp-content\/uploads\/sites\/12\/2013\/09\/BUXiNxrIQAAgIzd.jpg\" alt=\"\" width=\"600\" height=\"762\" srcset=\"https:\/\/static-blogs.diariosur.es\/wp-content\/uploads\/sites\/12\/2013\/09\/BUXiNxrIQAAgIzd.jpg 600w, https:\/\/static-blogs.diariosur.es\/wp-content\/uploads\/sites\/12\/2013\/09\/BUXiNxrIQAAgIzd-315x400.jpg 315w\" sizes=\"(max-width: 600px) 100vw, 600px\" \/><\/a><\/p>\n","protected":false},"excerpt":{"rendered":"<p>&nbsp; &nbsp; Buenos dias amigos de la meteo. Son las seis y media de la ma\u00f1ana, registro 22 grados y los cielos est\u00e1n despejados.\u00a0 Si amigos se cumplieron los\u00a0pron\u00f3sticos y el terral de verano fue el protagonista ayer martes.\u00a0Sobre las tres y veinte de la tarde M\u00e1laga Capital registro 35,2 grados, siendo la m\u00e1xima registrada [&hellip;]<\/p>\n","protected":false},"author":16,"featured_media":6610,"comment_status":"open","ping_status":"open","sticky":false,"template":"","format":"standard","meta":[],"categories":[2],"tags":[63,91,151,587,624,961,975,992],"_links":{"self":[{"href":"https:\/\/blogs.diariosur.es\/tormentas-y-rayos\/wp-json\/wp\/v2\/posts\/6598"}],"collection":[{"href":"https:\/\/blogs.diariosur.es\/tormentas-y-rayos\/wp-json\/wp\/v2\/posts"}],"about":[{"href":"https:\/\/blogs.diariosur.es\/tormentas-y-rayos\/wp-json\/wp\/v2\/types\/post"}],"author":[{"embeddable":true,"href":"https:\/\/blogs.diariosur.es\/tormentas-y-rayos\/wp-json\/wp\/v2\/users\/16"}],"replies":[{"embeddable":true,"href":"https:\/\/blogs.diariosur.es\/tormentas-y-rayos\/wp-json\/wp\/v2\/comments?post=6598"}],"version-history":[{"count":0,"href":"https:\/\/blogs.diariosur.es\/tormentas-y-rayos\/wp-json\/wp\/v2\/posts\/6598\/revisions"}],"wp:featuredmedia":[{"embeddable":true,"href":"https:\/\/blogs.diariosur.es\/tormentas-y-rayos\/wp-json\/wp\/v2\/media\/6610"}],"wp:attachment":[{"href":"https:\/\/blogs.diariosur.es\/tormentas-y-rayos\/wp-json\/wp\/v2\/media?parent=6598"}],"wp:term":[{"taxonomy":"category","embeddable":true,"href":"https:\/\/blogs.diariosur.es\/tormentas-y-rayos\/wp-json\/wp\/v2\/categories?post=6598"},{"taxonomy":"post_tag","embeddable":true,"href":"https:\/\/blogs.diariosur.es\/tormentas-y-rayos\/wp-json\/wp\/v2\/tags?post=6598"}],"curies":[{"name":"wp","href":"https:\/\/api.w.org\/{rel}","templated":true}]}}