{"id":6615,"date":"2013-09-20T07:39:52","date_gmt":"2013-09-20T05:39:52","guid":{"rendered":"http:\/\/blogs.diariosur.es\/tormentas-y-rayos\/?p=6615"},"modified":"2013-09-20T07:39:52","modified_gmt":"2013-09-20T05:39:52","slug":"prevision-del-tiempo-el-levante-sera-el-protagonista-este-fin-de-semana-subida-de-temperaturas-en-el-valle-del-guadalquivir","status":"publish","type":"post","link":"https:\/\/blogs.diariosur.es\/tormentas-y-rayos\/2013\/09\/20\/prevision-del-tiempo-el-levante-sera-el-protagonista-este-fin-de-semana-subida-de-temperaturas-en-el-valle-del-guadalquivir\/","title":{"rendered":"Previsi\u00f3n del tiempo. El levante sera el  protagonista este fin de semana. Subida de temperaturas en el Valle del Guadalquivir."},"content":{"rendered":"<p><strong>Buenos dias amigos de la meteo.<\/strong><\/p>\n<p><strong>Son las seis de la ma\u00f1ana, registro 23 grados y los cielos est\u00e1n poco nubosos. En estos momentos el sureste flojo ya es protagonista en la Costa Malague\u00f1a, desde ayer por la tarde ya luchaban tanto el terral como el levante como\u00a0pod\u00e9is\u00a0ver en este\u00a0gr\u00e1fico\u00a0de la Aemet en Teatinos.<\/strong><\/p>\n<p><a href=\"https:\/\/blogs.diariosur.es\/tormentas-y-rayos\/2013\/09\/20\/prevision-del-tiempo-el-levante-sera-el-protagonista-este-fin-de-semana-subida-de-temperaturas-en-el-valle-del-guadalquivir\/lucha-3\/\" rel=\"attachment wp-att-6616\"><img loading=\"lazy\" class=\"aligncenter size-medium wp-image-6616\" title=\"lucha\" src=\"\/tormentas-y-rayos\/wp-content\/uploads\/sites\/12\/2013\/09\/lucha.jpg\" alt=\"\" width=\"600\" height=\"269\" srcset=\"https:\/\/static-blogs.diariosur.es\/wp-content\/uploads\/sites\/12\/2013\/09\/lucha.jpg 727w, https:\/\/static-blogs.diariosur.es\/wp-content\/uploads\/sites\/12\/2013\/09\/lucha-640x288.jpg 640w\" sizes=\"(max-width: 600px) 100vw, 600px\" \/><\/a><\/p>\n<p>&nbsp;<\/p>\n<p><strong>El anticicl\u00f3n poco a poco se ira situando al norte de la\u00a0pen\u00ednsula\u00a0y esto traer\u00e1 consigo que los vientos de levante sean los protagonistas durante el fin de semana, asi como nubosidad . Os paso un mapa de superficie previsto para las diez de esta noche. Fuente hirlam y aemet.<\/strong><\/p>\n<p><a href=\"https:\/\/blogs.diariosur.es\/tormentas-y-rayos\/2013\/09\/20\/prevision-del-tiempo-el-levante-sera-el-protagonista-este-fin-de-semana-subida-de-temperaturas-en-el-valle-del-guadalquivir\/captura-175\/\" rel=\"attachment wp-att-6617\"><img loading=\"lazy\" class=\"aligncenter size-medium wp-image-6617\" title=\"Captura\" src=\"\/tormentas-y-rayos\/wp-content\/uploads\/sites\/12\/2013\/09\/Captura8.jpg\" alt=\"\" width=\"600\" height=\"400\" srcset=\"https:\/\/static-blogs.diariosur.es\/wp-content\/uploads\/sites\/12\/2013\/09\/Captura8.jpg 722w, https:\/\/static-blogs.diariosur.es\/wp-content\/uploads\/sites\/12\/2013\/09\/Captura8-599x400.jpg 599w\" sizes=\"(max-width: 600px) 100vw, 600px\" \/><\/a><\/p>\n<p>&nbsp;<\/p>\n<p>&nbsp;<\/p>\n<p><strong>En la provincia malague\u00f1a el levante tomara protagonismo a partir del\u00a0mediod\u00eda de hoy viernes, siendo en la costa y zonas altas donde se note mas. Como el levante es un viento\u00a0h\u00famedo\u00a0y aun tenemos algo de aire fr\u00edo en altura, las nubes tomaran protagonismo e incluso se pueden escapar algunas gotas en alg\u00fan punto de la costa malague\u00f1a, pero poca cosa. Ma\u00f1ana\u00a0s\u00e1bado\u00a0seguir\u00e1 el levante y las nubes de nuevo a primeras horas de la madrugada\u00a0ser\u00e1n\u00a0las protagonistas, \u00a0 tambien hay posibiilidad de que se puedan \u00a0escapar algunas gotas en\u00a0alg\u00fan\u00a0punto de la costa. Ayer en los espacios del tiempo de las cadenas\u00a0televisivas, \u00a0la primera daba algo de inestabilidad para el\u00a0s\u00e1bado\u00a0y otras no.\u00a0Ya veremos que ocurre.<\/strong><\/p>\n<p><strong>El domingo sera por finnnnnnnnn el ultimo dia del verano, \u00a0como todos\u00a0sab\u00e9is\u00a0el domingo a las 22:44 minutos entra por fin el &#8220;oto\u00f1o&#8221; y lo pongo entre comillas porque las\u00a0m\u00e1ximas\u00a0sobrepasaran los 32 grados en el Valle del Guadalquivir y Extremadura tanto el domingo como los primeros dias de la semana. <span style=\"color: #ff0000;\">Ya veremos si se cumple el dia 29 el veranillo de San Miguel, ya que hay posibilidad de que entre el primer frente frio del oto\u00f1o. Pero de esto hablaremos en el sigiente post que abire el domingo a las 22: y 44 minuos jejeje.<\/span><\/strong><\/p>\n<p><strong>Os hago un peque\u00f1o resumen en fotos del\u00a0mi\u00e9rcoles\u00a0y jueves. Esta vez si se ha cumplido lo de que el terral dura tres dias jejeje, el martes registramos casi 36 grados, el\u00a0mi\u00e9rcoles\u00a031 y el jueves de nuevo\u00a0subi\u00f3\u00a0a 34 grados. Durante estos tres dias las nubes de tormentas han sido las protagonistas sobre todo en las provincias de Granada y Almer\u00eda, aunque desde M\u00e1laga se\u00a0ve\u00edan\u00a0esos impresionantes desarrollos. Otro dato a destacar han sido las nieblas que se han formado en el Valle del Guadalquivir estos tres dias. En esta zona los vientos entran del mar y como son muy humedos han\u00a0propiciado\u00a0que se den. Os paso a imagen del\u00a0sat\u00e9lite\u00a0modis.<\/strong><\/p>\n<p><a href=\"https:\/\/blogs.diariosur.es\/tormentas-y-rayos\/2013\/09\/20\/prevision-del-tiempo-el-levante-sera-el-protagonista-este-fin-de-semana-subida-de-temperaturas-en-el-valle-del-guadalquivir\/europe_3_01_2013261_terra_2km\/\" rel=\"attachment wp-att-6621\"><img loading=\"lazy\" class=\"aligncenter size-full wp-image-6621\" title=\"Europe_3_01_2013261_terra_2km\" src=\"\/tormentas-y-rayos\/wp-content\/uploads\/sites\/12\/2013\/09\/Europe_3_01_2013261_terra_2km.jpg\" alt=\"\" width=\"450\" height=\"509\" srcset=\"https:\/\/static-blogs.diariosur.es\/wp-content\/uploads\/sites\/12\/2013\/09\/Europe_3_01_2013261_terra_2km.jpg 450w, https:\/\/static-blogs.diariosur.es\/wp-content\/uploads\/sites\/12\/2013\/09\/Europe_3_01_2013261_terra_2km-354x400.jpg 354w\" sizes=\"(max-width: 450px) 100vw, 450px\" \/><\/a><\/p>\n<p>&nbsp;<\/p>\n<p><strong>Nuestro amigo y fiel seguidor del blog Jose Antonio Perez nos trae esta preciosa puesta de sol desde Quintana ( C\u00f3rdoba) , me comentaba Jose que en su pueblo el poniente trae fresco, al reves que estos dias pasados en M\u00e1laga.<\/strong><\/p>\n<p><a href=\"https:\/\/blogs.diariosur.es\/tormentas-y-rayos\/2013\/09\/20\/prevision-del-tiempo-el-levante-sera-el-protagonista-este-fin-de-semana-subida-de-temperaturas-en-el-valle-del-guadalquivir\/jose-antonio-perez\/\" rel=\"attachment wp-att-6618\"><img loading=\"lazy\" class=\"aligncenter size-full wp-image-6618\" title=\"jose antonio perez\" src=\"\/tormentas-y-rayos\/wp-content\/uploads\/sites\/12\/2013\/09\/jose-antonio-perez.jpg\" alt=\"\" width=\"660\" height=\"371\" srcset=\"https:\/\/static-blogs.diariosur.es\/wp-content\/uploads\/sites\/12\/2013\/09\/jose-antonio-perez.jpg 660w, https:\/\/static-blogs.diariosur.es\/wp-content\/uploads\/sites\/12\/2013\/09\/jose-antonio-perez-640x360.jpg 640w\" sizes=\"(max-width: 660px) 100vw, 660px\" \/><\/a><\/p>\n<p><strong>La siguiente foto es de mi hija Lidia, la foto esta hecha con el m\u00f3vil desde el avi\u00f3n que los llevaba ( Tony y Lidia ) a Mallorca. Adem\u00e1s de ver unos preciosos desarrollos, el merito de esta foto esta en que fue capaz de fotografiar desde la ventanilla, os explico\u00a0 el por qu\u00e9. Mi hija tiene p\u00e1nico a los aviones, hasta se ha apuntado a un grupo de terapia para viajar en avi\u00f3n jejeje. Por wassat me comentaba ayer que minutos antes de subir estaba fatal y que estaba a punto hasta de llorar, que fuerte mi princesa. Mas tarde cuando llego me dijo que se relajo bastante y pudo tirar las fotos desde la ventanilla. La pr\u00f3xima vez saca la mano y limpia la ventana de la avi\u00f3n jajaja. Os cuento un secreto, yo tambi\u00e9n le tengo p\u00e1nico a los aviones de pasajeros, en cambio me encanta montar en avionetas y helic\u00f3pteros. No quiero pensar el dia que Lidia y yo tiremos en avi\u00f3n para EEUU para ver los tornados, son mas de 12 horas volando.\u00a0<\/strong><\/p>\n<p><a href=\"https:\/\/blogs.diariosur.es\/tormentas-y-rayos\/2013\/09\/20\/prevision-del-tiempo-el-levante-sera-el-protagonista-este-fin-de-semana-subida-de-temperaturas-en-el-valle-del-guadalquivir\/img_2743\/\" rel=\"attachment wp-att-6619\"><img loading=\"lazy\" class=\"aligncenter size-full wp-image-6619\" title=\"IMG_2743\" src=\"\/tormentas-y-rayos\/wp-content\/uploads\/sites\/12\/2013\/09\/IMG_2743.jpg\" alt=\"\" width=\"660\" height=\"493\" srcset=\"https:\/\/static-blogs.diariosur.es\/wp-content\/uploads\/sites\/12\/2013\/09\/IMG_2743.jpg 660w, https:\/\/static-blogs.diariosur.es\/wp-content\/uploads\/sites\/12\/2013\/09\/IMG_2743-535x400.jpg 535w\" sizes=\"(max-width: 660px) 100vw, 660px\" \/><\/a><\/p>\n<p><strong>Poco mas que contar amigos de la meteo. Os dejo con una foto que tome ayer jueves desde la terraza de Geno, un bonito c\u00famulo congestus se formaba en los Montes de M\u00e1laga debido al aire fr\u00edo en altura, pero el terral prontamente los deshac\u00eda.\u00a0<\/strong><\/p>\n<p><a href=\"https:\/\/blogs.diariosur.es\/tormentas-y-rayos\/2013\/09\/20\/prevision-del-tiempo-el-levante-sera-el-protagonista-este-fin-de-semana-subida-de-temperaturas-en-el-valle-del-guadalquivir\/olympus-digital-camera-1466\/\" rel=\"attachment wp-att-6620\"><img loading=\"lazy\" class=\"aligncenter size-full wp-image-6620\" title=\"OLYMPUS DIGITAL CAMERA\" src=\"\/tormentas-y-rayos\/wp-content\/uploads\/sites\/12\/2013\/09\/71001.jpg\" alt=\"\" width=\"660\" height=\"495\" srcset=\"https:\/\/static-blogs.diariosur.es\/wp-content\/uploads\/sites\/12\/2013\/09\/71001.jpg 660w, https:\/\/static-blogs.diariosur.es\/wp-content\/uploads\/sites\/12\/2013\/09\/71001-533x400.jpg 533w\" sizes=\"(max-width: 660px) 100vw, 660px\" \/><\/a><\/p>\n","protected":false},"excerpt":{"rendered":"<p>Buenos dias amigos de la meteo. Son las seis de la ma\u00f1ana, registro 23 grados y los cielos est\u00e1n poco nubosos. En estos momentos el sureste flojo ya es protagonista en la Costa Malague\u00f1a, desde ayer por la tarde ya luchaban tanto el terral como el levante como\u00a0pod\u00e9is\u00a0ver en este\u00a0gr\u00e1fico\u00a0de la Aemet en Teatinos. &nbsp; [&hellip;]<\/p>\n","protected":false},"author":16,"featured_media":6621,"comment_status":"open","ping_status":"open","sticky":false,"template":"","format":"standard","meta":[],"categories":[2],"tags":[100,410,553,809,902,934,960,980,1044],"_links":{"self":[{"href":"https:\/\/blogs.diariosur.es\/tormentas-y-rayos\/wp-json\/wp\/v2\/posts\/6615"}],"collection":[{"href":"https:\/\/blogs.diariosur.es\/tormentas-y-rayos\/wp-json\/wp\/v2\/posts"}],"about":[{"href":"https:\/\/blogs.diariosur.es\/tormentas-y-rayos\/wp-json\/wp\/v2\/types\/post"}],"author":[{"embeddable":true,"href":"https:\/\/blogs.diariosur.es\/tormentas-y-rayos\/wp-json\/wp\/v2\/users\/16"}],"replies":[{"embeddable":true,"href":"https:\/\/blogs.diariosur.es\/tormentas-y-rayos\/wp-json\/wp\/v2\/comments?post=6615"}],"version-history":[{"count":0,"href":"https:\/\/blogs.diariosur.es\/tormentas-y-rayos\/wp-json\/wp\/v2\/posts\/6615\/revisions"}],"wp:featuredmedia":[{"embeddable":true,"href":"https:\/\/blogs.diariosur.es\/tormentas-y-rayos\/wp-json\/wp\/v2\/media\/6621"}],"wp:attachment":[{"href":"https:\/\/blogs.diariosur.es\/tormentas-y-rayos\/wp-json\/wp\/v2\/media?parent=6615"}],"wp:term":[{"taxonomy":"category","embeddable":true,"href":"https:\/\/blogs.diariosur.es\/tormentas-y-rayos\/wp-json\/wp\/v2\/categories?post=6615"},{"taxonomy":"post_tag","embeddable":true,"href":"https:\/\/blogs.diariosur.es\/tormentas-y-rayos\/wp-json\/wp\/v2\/tags?post=6615"}],"curies":[{"name":"wp","href":"https:\/\/api.w.org\/{rel}","templated":true}]}}