{"id":6622,"date":"2013-09-22T21:49:07","date_gmt":"2013-09-22T19:49:07","guid":{"rendered":"http:\/\/blogs.diariosur.es\/tormentas-y-rayos\/?p=6622"},"modified":"2013-09-22T21:49:07","modified_gmt":"2013-09-22T19:49:07","slug":"el-otono-comienza-caliente-perooooooooooooo","status":"publish","type":"post","link":"https:\/\/blogs.diariosur.es\/tormentas-y-rayos\/2013\/09\/22\/el-otono-comienza-caliente-perooooooooooooo\/","title":{"rendered":"El oto\u00f1o comienza caliente, perooooooooooooo&#8230;.."},"content":{"rendered":"<p><strong>Buenas noches amigos de la meteo.<\/strong><\/p>\n<p><strong>\u00a0Son las 22 h:44 minutos y en estos momentos ya es &#8220;oto\u00f1o&#8221; en \u00a0el Blog Tormenta y Rayos.\u00a0<strong>Esta estaci\u00f3n durar\u00e1 89 d\u00edas y 2o horas, y terminara el 21 de diciembre con el comienzo del invierno.<\/strong><\/strong><\/p>\n<p><a href=\"https:\/\/blogs.diariosur.es\/tormentas-y-rayos\/2013\/09\/22\/el-otono-comienza-caliente-perooooooooooooo\/13865_10201163153179884_195120531_n\/\" rel=\"attachment wp-att-6623\"><img loading=\"lazy\" class=\"aligncenter size-full wp-image-6623\" title=\"13865_10201163153179884_195120531_n\" src=\"\/tormentas-y-rayos\/wp-content\/uploads\/sites\/12\/2013\/09\/13865_10201163153179884_195120531_n.jpg\" alt=\"\" width=\"500\" height=\"667\" srcset=\"https:\/\/static-blogs.diariosur.es\/wp-content\/uploads\/sites\/12\/2013\/09\/13865_10201163153179884_195120531_n.jpg 500w, https:\/\/static-blogs.diariosur.es\/wp-content\/uploads\/sites\/12\/2013\/09\/13865_10201163153179884_195120531_n-300x400.jpg 300w\" sizes=\"(max-width: 500px) 100vw, 500px\" \/><\/a><\/p>\n<p><strong>No me pongo a gritar de alegr\u00eda porque estar\u00eda feo jejeje. Como pod\u00e9is ver es una hora poco habitual para abrir el \u00a0post, la ultima vez creo que fue anunciando una tormenta de madrugada. Pero no me he podido resistir, y aqui estoy con vosotros a una hora tan poco habitual.<\/strong><\/p>\n<p>&nbsp;<\/p>\n<p><strong>\u00a0De momento el Oto\u00f1o astron\u00f3mico entra con calor y sin lluvias. La dorsal Africana y el anticicl\u00f3n situado muy al norte de la\u00a0pen\u00ednsula\u00a0garantizara la estabilidad hasta el mi\u00e9rcoles. \u00a0Y no solo eso, las\u00a0m\u00e1ximas\u00a0tomaran protagonismo incluso en el norte peninsular. Os paso estos dos mapas previstos para ma\u00f1ana lunes dia 23.<\/strong><\/p>\n<p><a href=\"https:\/\/blogs.diariosur.es\/tormentas-y-rayos\/2013\/09\/22\/el-otono-comienza-caliente-perooooooooooooo\/a-24\/\" rel=\"attachment wp-att-6624\"><img loading=\"lazy\" class=\"aligncenter size-medium wp-image-6624\" title=\"a\" src=\"\/tormentas-y-rayos\/wp-content\/uploads\/sites\/12\/2013\/09\/a.png\" alt=\"\" width=\"600\" height=\"400\" srcset=\"https:\/\/static-blogs.diariosur.es\/wp-content\/uploads\/sites\/12\/2013\/09\/a.png 660w, https:\/\/static-blogs.diariosur.es\/wp-content\/uploads\/sites\/12\/2013\/09\/a-600x400.png 600w\" sizes=\"(max-width: 600px) 100vw, 600px\" \/><\/a><a href=\"https:\/\/blogs.diariosur.es\/tormentas-y-rayos\/2013\/09\/22\/el-otono-comienza-caliente-perooooooooooooo\/gfs-1-24\/\" rel=\"attachment wp-att-6625\"><img loading=\"lazy\" class=\"aligncenter size-medium wp-image-6625\" title=\"gfs-1-24\" src=\"\/tormentas-y-rayos\/wp-content\/uploads\/sites\/12\/2013\/09\/gfs-1-24.png\" alt=\"\" width=\"600\" height=\"400\" srcset=\"https:\/\/static-blogs.diariosur.es\/wp-content\/uploads\/sites\/12\/2013\/09\/gfs-1-24.png 768w, https:\/\/static-blogs.diariosur.es\/wp-content\/uploads\/sites\/12\/2013\/09\/gfs-1-24-600x400.png 600w\" sizes=\"(max-width: 600px) 100vw, 600px\" \/><\/a><\/p>\n<p>&nbsp;<\/p>\n<p><strong>Fijaros hasta donde llega la dorsal y las isos que tiene. Pero tambi\u00e9n si os fij\u00e1is tanto a la izquierda como a la derecha tenemos dos fuertes borrascas, la de la izquierda puede traer cambios importantes a partir del jueves a buena parte de la peninsula, estos cambios se har\u00edan patentes a partir del viernes en Andaluc\u00eda. Os pongo este mapa previsto para el jueves del modelo gfs fuente meteociel.<\/strong><\/p>\n<p><a href=\"https:\/\/blogs.diariosur.es\/tormentas-y-rayos\/2013\/09\/22\/el-otono-comienza-caliente-perooooooooooooo\/gfs-0-102\/\" rel=\"attachment wp-att-6626\"><img loading=\"lazy\" class=\"aligncenter size-medium wp-image-6626\" title=\"gfs-0-102\" src=\"\/tormentas-y-rayos\/wp-content\/uploads\/sites\/12\/2013\/09\/gfs-0-102.png\" alt=\"\" width=\"600\" height=\"400\" srcset=\"https:\/\/static-blogs.diariosur.es\/wp-content\/uploads\/sites\/12\/2013\/09\/gfs-0-102.png 768w, https:\/\/static-blogs.diariosur.es\/wp-content\/uploads\/sites\/12\/2013\/09\/gfs-0-102-600x400.png 600w\" sizes=\"(max-width: 600px) 100vw, 600px\" \/><\/a><\/p>\n<p><strong>Pero de esto iremos hablando el martes cuando actualice el blog, aun quedan muchos d\u00edas y todo puede cambiar. Como se que el s\u00e1bado 28 es un dia muy especial para los cofrades, os ir\u00e9 informando para el<span style=\"color: #0000ff;\"> Mater Dei.<\/span><\/strong><\/p>\n<p><strong>Si me permit\u00eds, antes de haceros el resumen en fotos de este fin de semana, que por cierto hay un mont\u00f3n, os pongo un enlace que habla de como se ha comportado el verano. Lo pod\u00e9is ver en la p\u00e1gina de la aemet. <a href=\"http:\/\/www.aemet.es\/es\/noticias\/2013\/09\/climatico-verano2013\" rel=\"external nofollow\">Un verano m\u00e1s c\u00e1lido de lo normal y ligeramente seco.<\/a><\/strong><\/p>\n<p><span style=\"color: #ff0000;\"><strong>RESUMEN FIN DE SEMANA\u00a0<\/strong><\/span><\/p>\n<p><strong>Bueno amigos \u00a0empecemos con el resumen desde el viernes, ya que este dia Ronda registro una tormenta que dejo casi 18 litros. Este dia el terral dejo de soplar y al cambiar a levante propicio que se formaran estas tormentas en la provincia malague\u00f1a. La foto que os pongo no es mirando a Ronda, si no hacia el norte de la provincia donde tambi\u00e9n se registraron chubascos.<\/strong><\/p>\n<p><strong><a href=\"https:\/\/blogs.diariosur.es\/tormentas-y-rayos\/2013\/09\/22\/el-otono-comienza-caliente-perooooooooooooo\/olympus-digital-camera-1467\/\" rel=\"attachment wp-att-6627\"><img loading=\"lazy\" class=\"aligncenter size-full wp-image-6627\" title=\"OLYMPUS DIGITAL CAMERA\" src=\"\/tormentas-y-rayos\/wp-content\/uploads\/sites\/12\/2013\/09\/ronda.jpg\" alt=\"\" width=\"660\" height=\"495\" srcset=\"https:\/\/static-blogs.diariosur.es\/wp-content\/uploads\/sites\/12\/2013\/09\/ronda.jpg 660w, https:\/\/static-blogs.diariosur.es\/wp-content\/uploads\/sites\/12\/2013\/09\/ronda-533x400.jpg 533w\" sizes=\"(max-width: 660px) 100vw, 660px\" \/><\/a><\/strong><\/p>\n<p><strong><\/strong><strong>\u00a0<\/strong><\/p>\n<p><strong>El s\u00e1bado como libraba estuvo muy entretenido jejeje. Sobre las siete y media de la ma\u00f1ana tire para la playa, ya que esperaba un pedazo de amanecer. Pero que va amigos, fue una cagada el amanecer, para muestra esta foto.<\/strong><\/p>\n<p><a href=\"https:\/\/blogs.diariosur.es\/tormentas-y-rayos\/2013\/09\/22\/el-otono-comienza-caliente-perooooooooooooo\/olympus-digital-camera-1468\/\" rel=\"attachment wp-att-6628\"><img loading=\"lazy\" class=\"aligncenter size-full wp-image-6628\" title=\"OLYMPUS DIGITAL CAMERA\" src=\"\/tormentas-y-rayos\/wp-content\/uploads\/sites\/12\/2013\/09\/A009.jpg\" alt=\"\" width=\"660\" height=\"495\" srcset=\"https:\/\/static-blogs.diariosur.es\/wp-content\/uploads\/sites\/12\/2013\/09\/A009.jpg 660w, https:\/\/static-blogs.diariosur.es\/wp-content\/uploads\/sites\/12\/2013\/09\/A009-533x400.jpg 533w\" sizes=\"(max-width: 660px) 100vw, 660px\" \/><\/a><\/p>\n<p><strong>Menos mal que luego mas tarde se arreglo el dia relativamente.<\/strong><\/p>\n<p><strong>\u00a0Nuestro amigo Juan A. Meneses Jim\u00e9nez me mandaba un mensaje con una preciosa foto desde la playa de la misericordia, sobre las tres de la tarde se empezaban a formar unos bonitos desarrollos. Gracias Juan por avisarme.<\/strong><\/p>\n<p><a href=\"https:\/\/blogs.diariosur.es\/tormentas-y-rayos\/2013\/09\/22\/el-otono-comienza-caliente-perooooooooooooo\/juannnnnnnn\/\" rel=\"attachment wp-att-6629\"><img loading=\"lazy\" class=\"aligncenter size-full wp-image-6629\" title=\"juannnnnnnn\" src=\"\/tormentas-y-rayos\/wp-content\/uploads\/sites\/12\/2013\/09\/juannnnnnnn.jpg\" alt=\"\" width=\"660\" height=\"495\" srcset=\"https:\/\/static-blogs.diariosur.es\/wp-content\/uploads\/sites\/12\/2013\/09\/juannnnnnnn.jpg 660w, https:\/\/static-blogs.diariosur.es\/wp-content\/uploads\/sites\/12\/2013\/09\/juannnnnnnn-533x400.jpg 533w\" sizes=\"(max-width: 660px) 100vw, 660px\" \/><\/a><\/p>\n<p><strong>En apenas media hora, estos c\u00famulos congestus se convirtieron en cumulonimbus, que dejaron un fuerte aguacero acompa\u00f1ado de granizo en la provincia de Granada. Os paso unas capturas del radar de la aemet y del satelite sat 24.<\/strong><\/p>\n<p><a href=\"https:\/\/blogs.diariosur.es\/tormentas-y-rayos\/2013\/09\/22\/el-otono-comienza-caliente-perooooooooooooo\/201309211420_r8ml\/\" rel=\"attachment wp-att-6630\"><img loading=\"lazy\" class=\"aligncenter size-full wp-image-6630\" title=\"201309211420_r8ml\" src=\"\/tormentas-y-rayos\/wp-content\/uploads\/sites\/12\/2013\/09\/201309211420_r8ml.gif\" alt=\"\" width=\"480\" height=\"530\" \/><\/a><a href=\"https:\/\/blogs.diariosur.es\/tormentas-y-rayos\/2013\/09\/22\/el-otono-comienza-caliente-perooooooooooooo\/captura-176\/\" rel=\"attachment wp-att-6631\"><img loading=\"lazy\" class=\"aligncenter size-medium wp-image-6631\" title=\"Captura\" src=\"\/tormentas-y-rayos\/wp-content\/uploads\/sites\/12\/2013\/09\/Captura9.jpg\" alt=\"\" width=\"534\" height=\"400\" srcset=\"https:\/\/static-blogs.diariosur.es\/wp-content\/uploads\/sites\/12\/2013\/09\/Captura9.jpg 801w, https:\/\/static-blogs.diariosur.es\/wp-content\/uploads\/sites\/12\/2013\/09\/Captura9-534x400.jpg 534w, https:\/\/static-blogs.diariosur.es\/wp-content\/uploads\/sites\/12\/2013\/09\/Captura9-768x575.jpg 768w\" sizes=\"(max-width: 534px) 100vw, 534px\" \/><\/a><\/p>\n<p>&nbsp;<\/p>\n<p><strong>En apenas media hora, estos c\u00famulos congestus se convirtieron en cumulonimbus, que dejaron un fuerte aguacero acompa\u00f1ado de granizo en la provincia de Granada. Os paso unas capturas del radar de la aemet y del satelite sat 24.<\/strong><\/p>\n<p><strong>He recibido algunas fotos de este cumulonimbus que son una pasada. La primera es de nuestra amiga Maril\u00f3 Diaz.\u00a0Impresionante\u00a0amiga.<\/strong><\/p>\n<p><a href=\"https:\/\/blogs.diariosur.es\/tormentas-y-rayos\/2013\/09\/22\/el-otono-comienza-caliente-perooooooooooooo\/b2-marilo-diaz\/\" rel=\"attachment wp-att-6632\"><img loading=\"lazy\" class=\"aligncenter size-full wp-image-6632\" title=\"b2 marilo diaz\" src=\"\/tormentas-y-rayos\/wp-content\/uploads\/sites\/12\/2013\/09\/b2-marilo-diaz.jpg\" alt=\"\" width=\"660\" height=\"495\" srcset=\"https:\/\/static-blogs.diariosur.es\/wp-content\/uploads\/sites\/12\/2013\/09\/b2-marilo-diaz.jpg 660w, https:\/\/static-blogs.diariosur.es\/wp-content\/uploads\/sites\/12\/2013\/09\/b2-marilo-diaz-533x400.jpg 533w\" sizes=\"(max-width: 660px) 100vw, 660px\" \/><\/a><\/p>\n<p><strong>Aurora Pulido Anillo tambi\u00e9n cazaba este cumulonimbus camino de Frigiliana, gracias es precioso.<\/strong><\/p>\n<p><a href=\"https:\/\/blogs.diariosur.es\/tormentas-y-rayos\/2013\/09\/22\/el-otono-comienza-caliente-perooooooooooooo\/aaurora-pulido-anillo\/\" rel=\"attachment wp-att-6633\"><img loading=\"lazy\" class=\"aligncenter size-full wp-image-6633\" title=\"Aaurora pulido anillo\" src=\"\/tormentas-y-rayos\/wp-content\/uploads\/sites\/12\/2013\/09\/Aaurora-pulido-anillo.jpg\" alt=\"\" width=\"660\" height=\"495\" srcset=\"https:\/\/static-blogs.diariosur.es\/wp-content\/uploads\/sites\/12\/2013\/09\/Aaurora-pulido-anillo.jpg 660w, https:\/\/static-blogs.diariosur.es\/wp-content\/uploads\/sites\/12\/2013\/09\/Aaurora-pulido-anillo-533x400.jpg 533w\" sizes=\"(max-width: 660px) 100vw, 660px\" \/><\/a><\/p>\n<p>&nbsp;<\/p>\n<p><strong>Pero lo mejor llegar\u00eda por la tarde amigos, y no solo desde M\u00e1laga. Tuvimos un impresionante atardecer, que yo me perd\u00ed al estar en el cine.<\/strong><\/p>\n<p><strong>La primera foto me la mando Lui desde Huelva. Una pasada.<\/strong><\/p>\n<p><a href=\"https:\/\/blogs.diariosur.es\/tormentas-y-rayos\/2013\/09\/22\/el-otono-comienza-caliente-perooooooooooooo\/alui\/\" rel=\"attachment wp-att-6634\"><img loading=\"lazy\" class=\"aligncenter size-full wp-image-6634\" title=\"Alui\" src=\"\/tormentas-y-rayos\/wp-content\/uploads\/sites\/12\/2013\/09\/Alui.jpg\" alt=\"\" width=\"660\" height=\"495\" srcset=\"https:\/\/static-blogs.diariosur.es\/wp-content\/uploads\/sites\/12\/2013\/09\/Alui.jpg 660w, https:\/\/static-blogs.diariosur.es\/wp-content\/uploads\/sites\/12\/2013\/09\/Alui-533x400.jpg 533w\" sizes=\"(max-width: 660px) 100vw, 660px\" \/><\/a><\/p>\n<p><strong>\u00a0<\/strong><\/p>\n<p><strong>La segunda foto es de Fernando Berrocal, impresionante.<\/strong><\/p>\n<p><a href=\"https:\/\/blogs.diariosur.es\/tormentas-y-rayos\/2013\/09\/22\/el-otono-comienza-caliente-perooooooooooooo\/fernando-berrocal-5\/\" rel=\"attachment wp-att-6636\"><img loading=\"lazy\" class=\"aligncenter size-full wp-image-6636\" title=\"fernando berrocal\" src=\"\/tormentas-y-rayos\/wp-content\/uploads\/sites\/12\/2013\/09\/fernando-berrocal.jpg\" alt=\"\" width=\"660\" height=\"372\" srcset=\"https:\/\/static-blogs.diariosur.es\/wp-content\/uploads\/sites\/12\/2013\/09\/fernando-berrocal.jpg 660w, https:\/\/static-blogs.diariosur.es\/wp-content\/uploads\/sites\/12\/2013\/09\/fernando-berrocal-640x361.jpg 640w\" sizes=\"(max-width: 660px) 100vw, 660px\" \/><\/a><\/p>\n<p><strong>Y la ultima me la mando esta ma\u00f1ana mi amigo Israel Fernandez desde el Puerto de M\u00e1laga, que cosa mas bonita amigo.<\/strong><\/p>\n<p><a href=\"https:\/\/blogs.diariosur.es\/tormentas-y-rayos\/2013\/09\/22\/el-otono-comienza-caliente-perooooooooooooo\/israel-fernandez-2\/\" rel=\"attachment wp-att-6637\"><img loading=\"lazy\" class=\"aligncenter size-full wp-image-6637\" title=\"israel fernandez\" src=\"\/tormentas-y-rayos\/wp-content\/uploads\/sites\/12\/2013\/09\/israel-fernandez.jpg\" alt=\"\" width=\"660\" height=\"489\" srcset=\"https:\/\/static-blogs.diariosur.es\/wp-content\/uploads\/sites\/12\/2013\/09\/israel-fernandez.jpg 660w, https:\/\/static-blogs.diariosur.es\/wp-content\/uploads\/sites\/12\/2013\/09\/israel-fernandez-540x400.jpg 540w\" sizes=\"(max-width: 660px) 100vw, 660px\" \/><\/a><\/p>\n<p><strong>Hoy domingo no se han dado desarrollos, las nubes bajas de levante han sido las protagonistas. Francisco Pedrosa me ha mandado hace un rato esta bonita foto de hoy domingo desde la Malagueta, el levante traia estos bonitos c\u00famulus humilis.<\/strong><\/p>\n<p><a href=\"https:\/\/blogs.diariosur.es\/tormentas-y-rayos\/2013\/09\/22\/el-otono-comienza-caliente-perooooooooooooo\/francisco-pedrosa-2\/\" rel=\"attachment wp-att-6643\"><img loading=\"lazy\" class=\"aligncenter size-full wp-image-6643\" title=\"francisco pedrosa\" src=\"\/tormentas-y-rayos\/wp-content\/uploads\/sites\/12\/2013\/09\/francisco-pedrosa1.jpg\" alt=\"\" width=\"660\" height=\"495\" srcset=\"https:\/\/static-blogs.diariosur.es\/wp-content\/uploads\/sites\/12\/2013\/09\/francisco-pedrosa1.jpg 660w, https:\/\/static-blogs.diariosur.es\/wp-content\/uploads\/sites\/12\/2013\/09\/francisco-pedrosa1-533x400.jpg 533w\" sizes=\"(max-width: 660px) 100vw, 660px\" \/><\/a><\/p>\n<p><strong>El \u00a0\u00faltimo amanecer del verano ha sido precioso, os paso la foto que he tomado esta ma\u00f1ana.<\/strong><\/p>\n<p><a href=\"https:\/\/blogs.diariosur.es\/tormentas-y-rayos\/2013\/09\/22\/el-otono-comienza-caliente-perooooooooooooo\/olympus-digital-camera-1469\/\" rel=\"attachment wp-att-6638\"><img loading=\"lazy\" class=\"aligncenter size-full wp-image-6638\" title=\"OLYMPUS DIGITAL CAMERA\" src=\"\/tormentas-y-rayos\/wp-content\/uploads\/sites\/12\/2013\/09\/b11.jpg\" alt=\"\" width=\"660\" height=\"488\" srcset=\"https:\/\/static-blogs.diariosur.es\/wp-content\/uploads\/sites\/12\/2013\/09\/b11.jpg 660w, https:\/\/static-blogs.diariosur.es\/wp-content\/uploads\/sites\/12\/2013\/09\/b11-541x400.jpg 541w\" sizes=\"(max-width: 660px) 100vw, 660px\" \/><\/a><\/p>\n<p><strong>El ultimo dia del verano se ha comportado como lo que es, las playas estaban bastantes concurridas.<\/strong><\/p>\n<p><a href=\"https:\/\/blogs.diariosur.es\/tormentas-y-rayos\/2013\/09\/22\/el-otono-comienza-caliente-perooooooooooooo\/olympus-digital-camera-1470\/\" rel=\"attachment wp-att-6639\"><img loading=\"lazy\" class=\"aligncenter size-full wp-image-6639\" title=\"OLYMPUS DIGITAL CAMERA\" src=\"\/tormentas-y-rayos\/wp-content\/uploads\/sites\/12\/2013\/09\/A019.jpg\" alt=\"\" width=\"660\" height=\"495\" srcset=\"https:\/\/static-blogs.diariosur.es\/wp-content\/uploads\/sites\/12\/2013\/09\/A019.jpg 660w, https:\/\/static-blogs.diariosur.es\/wp-content\/uploads\/sites\/12\/2013\/09\/A019-533x400.jpg 533w\" sizes=\"(max-width: 660px) 100vw, 660px\" \/><\/a><\/p>\n<p><strong>Y para terminar amigos de la meteo, os dejo con la \u00faltima puesta de sol de este verano. Un abrazo a todos y feliz oto\u00f1o, que contennnnnnnto estoyyyyyyy&#8230;.<\/strong><\/p>\n<p><a href=\"https:\/\/blogs.diariosur.es\/tormentas-y-rayos\/2013\/09\/22\/el-otono-comienza-caliente-perooooooooooooo\/olympus-digital-camera-1471\/\" rel=\"attachment wp-att-6640\"><img loading=\"lazy\" class=\"aligncenter size-full wp-image-6640\" title=\"OLYMPUS DIGITAL CAMERA\" src=\"\/tormentas-y-rayos\/wp-content\/uploads\/sites\/12\/2013\/09\/A022.jpg\" alt=\"\" width=\"660\" height=\"495\" srcset=\"https:\/\/static-blogs.diariosur.es\/wp-content\/uploads\/sites\/12\/2013\/09\/A022.jpg 660w, https:\/\/static-blogs.diariosur.es\/wp-content\/uploads\/sites\/12\/2013\/09\/A022-533x400.jpg 533w\" sizes=\"(max-width: 660px) 100vw, 660px\" \/><\/a><\/p>\n","protected":false},"excerpt":{"rendered":"<p>Buenas noches amigos de la meteo. \u00a0Son las 22 h:44 minutos y en estos momentos ya es &#8220;oto\u00f1o&#8221; en \u00a0el Blog Tormenta y Rayos.\u00a0Esta estaci\u00f3n durar\u00e1 89 d\u00edas y 2o horas, y terminara el 21 de diciembre con el comienzo del invierno. No me pongo a gritar de alegr\u00eda porque estar\u00eda feo jejeje. Como pod\u00e9is [&hellip;]<\/p>\n","protected":false},"author":16,"featured_media":6623,"comment_status":"open","ping_status":"open","sticky":false,"template":"","format":"standard","meta":[],"categories":[2],"tags":[21,81,208,269,744,962],"_links":{"self":[{"href":"https:\/\/blogs.diariosur.es\/tormentas-y-rayos\/wp-json\/wp\/v2\/posts\/6622"}],"collection":[{"href":"https:\/\/blogs.diariosur.es\/tormentas-y-rayos\/wp-json\/wp\/v2\/posts"}],"about":[{"href":"https:\/\/blogs.diariosur.es\/tormentas-y-rayos\/wp-json\/wp\/v2\/types\/post"}],"author":[{"embeddable":true,"href":"https:\/\/blogs.diariosur.es\/tormentas-y-rayos\/wp-json\/wp\/v2\/users\/16"}],"replies":[{"embeddable":true,"href":"https:\/\/blogs.diariosur.es\/tormentas-y-rayos\/wp-json\/wp\/v2\/comments?post=6622"}],"version-history":[{"count":0,"href":"https:\/\/blogs.diariosur.es\/tormentas-y-rayos\/wp-json\/wp\/v2\/posts\/6622\/revisions"}],"wp:featuredmedia":[{"embeddable":true,"href":"https:\/\/blogs.diariosur.es\/tormentas-y-rayos\/wp-json\/wp\/v2\/media\/6623"}],"wp:attachment":[{"href":"https:\/\/blogs.diariosur.es\/tormentas-y-rayos\/wp-json\/wp\/v2\/media?parent=6622"}],"wp:term":[{"taxonomy":"category","embeddable":true,"href":"https:\/\/blogs.diariosur.es\/tormentas-y-rayos\/wp-json\/wp\/v2\/categories?post=6622"},{"taxonomy":"post_tag","embeddable":true,"href":"https:\/\/blogs.diariosur.es\/tormentas-y-rayos\/wp-json\/wp\/v2\/tags?post=6622"}],"curies":[{"name":"wp","href":"https:\/\/api.w.org\/{rel}","templated":true}]}}