{"id":6644,"date":"2013-09-24T07:08:27","date_gmt":"2013-09-24T05:08:27","guid":{"rendered":"http:\/\/blogs.diariosur.es\/tormentas-y-rayos\/?p=6644"},"modified":"2013-09-24T07:08:27","modified_gmt":"2013-09-24T05:08:27","slug":"lucha-de-titanes-al-oeste-de-la-peninsula-posibilidad-de-lluvias-el-viernes-y-el-sabado-en-casi-toda-andalucia","status":"publish","type":"post","link":"https:\/\/blogs.diariosur.es\/tormentas-y-rayos\/2013\/09\/24\/lucha-de-titanes-al-oeste-de-la-peninsula-posibilidad-de-lluvias-el-viernes-y-el-sabado-en-casi-toda-andalucia\/","title":{"rendered":"Lucha de titanes al oeste de la pen\u00ednsula. Posibilidad de lluvias el viernes y el s\u00e1bado en casi toda Andaluc\u00eda."},"content":{"rendered":"<p><strong>Buenos d\u00edas amigos de la meteo. Son las seis de la ma\u00f1ana, registro 20.5 grados y los cielos est\u00e1n algo nubosos. <\/strong><\/p>\n<p><strong>He recibido montones de correos, mensajes, llamadas etc etc.. por lo del Mater Dei del pr\u00f3ximo fin de semana. La gran mayor\u00eda de los modelos acercan una potente borrasca al oeste de Portugal, no se trata de una dana amigos, si no de la primera borrasca oto\u00f1al que traer\u00e1 lluvias y bajadas de temperaturas. De momento tanto la borrasca como el frente est\u00e1n casi parados, el fuerte anticicl\u00f3n y la dorsal Africana se encargan de ello ( lucha de titanes). El primer frente frio dejara hoy martes y ma\u00f1ana\u00a0mi\u00e9rcoles\u00a0algunos chubascos, siendo mas posibles en Galicia y sin descartar algunas gotas en la provincia de Huelva.<\/strong><\/p>\n<p><strong> Os paso una imagen del satelite eumetsat de ayer por la tarde. Fuente meteogalicia.<\/strong><\/p>\n<p>&nbsp;<\/p>\n<p><a href=\"https:\/\/blogs.diariosur.es\/tormentas-y-rayos\/2013\/09\/24\/lucha-de-titanes-al-oeste-de-la-peninsula-posibilidad-de-lluvias-el-viernes-y-el-sabado-en-casi-toda-andalucia\/webexterna_ir87_17-15\/\" rel=\"attachment wp-att-6656\"><img loading=\"lazy\" class=\"aligncenter size-medium wp-image-6656\" title=\"webexterna_IR87_[17-15]\" src=\"\/tormentas-y-rayos\/wp-content\/uploads\/sites\/12\/2013\/09\/webexterna_IR87_17-15.jpg\" alt=\"\" width=\"579\" height=\"400\" srcset=\"https:\/\/static-blogs.diariosur.es\/wp-content\/uploads\/sites\/12\/2013\/09\/webexterna_IR87_17-15.jpg 750w, https:\/\/static-blogs.diariosur.es\/wp-content\/uploads\/sites\/12\/2013\/09\/webexterna_IR87_17-15-579x400.jpg 579w\" sizes=\"(max-width: 579px) 100vw, 579px\" \/><\/a><\/p>\n<p><strong>En esta otra imagen de hace pocos minutos se puede apreciar los que os cuento. El frente ha perdido fuerza en cuanto ha llegado a la\u00a0pen\u00ednsula. Nubes altas que pueden dejar un precioso candilazo hoy en el oeste de Andaluc\u00eda<\/strong><\/p>\n<p><a href=\"https:\/\/blogs.diariosur.es\/tormentas-y-rayos\/2013\/09\/24\/lucha-de-titanes-al-oeste-de-la-peninsula-posibilidad-de-lluvias-el-viernes-y-el-sabado-en-casi-toda-andalucia\/webexterna_ir87_04-30-5\/\" rel=\"attachment wp-att-6658\"><img loading=\"lazy\" class=\"aligncenter size-medium wp-image-6658\" title=\"webexterna_IR87_[04-30]\" src=\"\/tormentas-y-rayos\/wp-content\/uploads\/sites\/12\/2013\/09\/webexterna_IR87_04-30.jpg\" alt=\"\" width=\"579\" height=\"400\" srcset=\"https:\/\/static-blogs.diariosur.es\/wp-content\/uploads\/sites\/12\/2013\/09\/webexterna_IR87_04-30.jpg 750w, https:\/\/static-blogs.diariosur.es\/wp-content\/uploads\/sites\/12\/2013\/09\/webexterna_IR87_04-30-579x400.jpg 579w\" sizes=\"(max-width: 579px) 100vw, 579px\" \/><\/a><\/p>\n<p>&nbsp;<\/p>\n<p>&nbsp;<\/p>\n<p><strong>\u00a0 Pero a partir del jueves la borrasca tomara protagonismo y se situara muy cerca del oeste de Portugal con una presi\u00f3n de 985 mb. Creara un frente fr\u00edo que si dejara lluvias mas\u00a0cuantiosas.<\/strong><\/p>\n<p><strong>Fuente Aemet Hirlam mapa de superficie previsto para el jueves.<\/strong><\/p>\n<p><strong>\u00a0<\/strong><\/p>\n<p>&nbsp;<\/p>\n<p><strong><a href=\"https:\/\/blogs.diariosur.es\/tormentas-y-rayos\/2013\/09\/24\/lucha-de-titanes-al-oeste-de-la-peninsula-posibilidad-de-lluvias-el-viernes-y-el-sabado-en-casi-toda-andalucia\/b1-8\/\" rel=\"attachment wp-att-6647\"><img loading=\"lazy\" class=\"aligncenter size-medium wp-image-6647\" title=\"b1\" src=\"\/tormentas-y-rayos\/wp-content\/uploads\/sites\/12\/2013\/09\/b12.jpg\" alt=\"\" width=\"581\" height=\"400\" srcset=\"https:\/\/static-blogs.diariosur.es\/wp-content\/uploads\/sites\/12\/2013\/09\/b12.jpg 734w, https:\/\/static-blogs.diariosur.es\/wp-content\/uploads\/sites\/12\/2013\/09\/b12-581x400.jpg 581w\" sizes=\"(max-width: 581px) 100vw, 581px\" \/><\/a><\/strong><\/p>\n<p>&nbsp;<\/p>\n<p>&nbsp;<\/p>\n<p><strong>Y todos me preguntareis llueve o no llueve el s\u00e1bado Jose? Al tratarse de un frente frio el que cruzara parte de la\u00a0pen\u00ednsula, \u00a0 aun no tengo claro sobre que hora afectar\u00eda a la provincia malague\u00f1a. Las primeras lluvias se dar\u00edan por Huelva el viernes, y mas tarde por Sevilla, Cadiz y Estrecho, llegando a nuestra provincia durante el s\u00e1bado. Ya veremos lo que pasa amigos, aun quedan varios dias y se puede dar la\u00a0circunstancia\u00a0de que el frente no llegue hasta M\u00e1laga. I<\/strong><strong>r\u00e9 actualizando el blog casi todos los d\u00edas para teneros informados.\u00a0<\/strong><\/p>\n<p><strong>Os hago un peque\u00f1o resumen del lunes en fotos.<\/strong><\/p>\n<p><strong>Mi compa\u00f1ero Daniel S\u00e1nchez Mart\u00edn me mandaba esta bonita foto antes de salir el primer sol del oto\u00f1o. Me ha encantado amigo, preciosa foto.<\/strong><\/p>\n<p><a href=\"https:\/\/blogs.diariosur.es\/tormentas-y-rayos\/2013\/09\/24\/lucha-de-titanes-al-oeste-de-la-peninsula-posibilidad-de-lluvias-el-viernes-y-el-sabado-en-casi-toda-andalucia\/aimg_2779-2\/\" rel=\"attachment wp-att-6650\"><img loading=\"lazy\" class=\"aligncenter size-full wp-image-6650\" title=\"AIMG_2779\" src=\"\/tormentas-y-rayos\/wp-content\/uploads\/sites\/12\/2013\/09\/AIMG_27791.jpg\" alt=\"\" width=\"660\" height=\"495\" srcset=\"https:\/\/static-blogs.diariosur.es\/wp-content\/uploads\/sites\/12\/2013\/09\/AIMG_27791.jpg 660w, https:\/\/static-blogs.diariosur.es\/wp-content\/uploads\/sites\/12\/2013\/09\/AIMG_27791-533x400.jpg 533w\" sizes=\"(max-width: 660px) 100vw, 660px\" \/><\/a><\/p>\n<p><strong>Yo estaba a pocos cientos de metros de Daniel y pude fotografiar un impresionante amanecer desde la Torre Monica.\u00a0<\/strong><\/p>\n<p><a href=\"https:\/\/blogs.diariosur.es\/tormentas-y-rayos\/2013\/09\/24\/lucha-de-titanes-al-oeste-de-la-peninsula-posibilidad-de-lluvias-el-viernes-y-el-sabado-en-casi-toda-andalucia\/olympus-digital-camera-1472\/\" rel=\"attachment wp-att-6651\"><img loading=\"lazy\" class=\"aligncenter size-full wp-image-6651\" title=\"OLYMPUS DIGITAL CAMERA\" src=\"\/tormentas-y-rayos\/wp-content\/uploads\/sites\/12\/2013\/09\/bbb.jpg\" alt=\"\" width=\"660\" height=\"495\" srcset=\"https:\/\/static-blogs.diariosur.es\/wp-content\/uploads\/sites\/12\/2013\/09\/bbb.jpg 660w, https:\/\/static-blogs.diariosur.es\/wp-content\/uploads\/sites\/12\/2013\/09\/bbb-533x400.jpg 533w\" sizes=\"(max-width: 660px) 100vw, 660px\" \/><\/a><\/p>\n<p>&nbsp;<\/p>\n<p><a href=\"https:\/\/blogs.diariosur.es\/tormentas-y-rayos\/2013\/09\/24\/lucha-de-titanes-al-oeste-de-la-peninsula-posibilidad-de-lluvias-el-viernes-y-el-sabado-en-casi-toda-andalucia\/olympus-digital-camera-1473\/\" rel=\"attachment wp-att-6652\"><img loading=\"lazy\" class=\"aligncenter size-full wp-image-6652\" title=\"OLYMPUS DIGITAL CAMERA\" src=\"\/tormentas-y-rayos\/wp-content\/uploads\/sites\/12\/2013\/09\/bb1.jpg\" alt=\"\" width=\"660\" height=\"495\" srcset=\"https:\/\/static-blogs.diariosur.es\/wp-content\/uploads\/sites\/12\/2013\/09\/bb1.jpg 660w, https:\/\/static-blogs.diariosur.es\/wp-content\/uploads\/sites\/12\/2013\/09\/bb1-533x400.jpg 533w\" sizes=\"(max-width: 660px) 100vw, 660px\" \/><\/a><\/p>\n<p><strong>Sobre las once de la ma\u00f1ana tire para la desembocadura del Rio Guadalhorce, las nubes bajas de levante ( c\u00famulus congestus) adornaban los Montes de M\u00e1laga.<\/strong><\/p>\n<p><a href=\"https:\/\/blogs.diariosur.es\/tormentas-y-rayos\/2013\/09\/24\/lucha-de-titanes-al-oeste-de-la-peninsula-posibilidad-de-lluvias-el-viernes-y-el-sabado-en-casi-toda-andalucia\/olympus-digital-camera-1474\/\" rel=\"attachment wp-att-6653\"><img loading=\"lazy\" class=\"aligncenter size-full wp-image-6653\" title=\"OLYMPUS DIGITAL CAMERA\" src=\"\/tormentas-y-rayos\/wp-content\/uploads\/sites\/12\/2013\/09\/A043.jpg\" alt=\"\" width=\"660\" height=\"495\" srcset=\"https:\/\/static-blogs.diariosur.es\/wp-content\/uploads\/sites\/12\/2013\/09\/A043.jpg 660w, https:\/\/static-blogs.diariosur.es\/wp-content\/uploads\/sites\/12\/2013\/09\/A043-533x400.jpg 533w\" sizes=\"(max-width: 660px) 100vw, 660px\" \/><\/a><\/p>\n<p><strong>De vuelta por el paseo mar\u00edtimo no parec\u00eda oto\u00f1o, las playas estaban muy concurridas. La temperatura del agua era de casi 25 grados.<\/strong><\/p>\n<p><a href=\"https:\/\/blogs.diariosur.es\/tormentas-y-rayos\/2013\/09\/24\/lucha-de-titanes-al-oeste-de-la-peninsula-posibilidad-de-lluvias-el-viernes-y-el-sabado-en-casi-toda-andalucia\/olympus-digital-camera-1475\/\" rel=\"attachment wp-att-6654\"><img loading=\"lazy\" class=\"aligncenter size-full wp-image-6654\" title=\"OLYMPUS DIGITAL CAMERA\" src=\"\/tormentas-y-rayos\/wp-content\/uploads\/sites\/12\/2013\/09\/A044.jpg\" alt=\"\" width=\"660\" height=\"495\" srcset=\"https:\/\/static-blogs.diariosur.es\/wp-content\/uploads\/sites\/12\/2013\/09\/A044.jpg 660w, https:\/\/static-blogs.diariosur.es\/wp-content\/uploads\/sites\/12\/2013\/09\/A044-533x400.jpg 533w\" sizes=\"(max-width: 660px) 100vw, 660px\" \/><\/a><\/p>\n<p><strong>Poco mas que contar amigos de la meteo. Os dejo con este fot\u00f3n de mi amigo Carlos Castro. Pedazo de atardecer.<\/strong><\/p>\n<p><a href=\"https:\/\/blogs.diariosur.es\/tormentas-y-rayos\/2013\/09\/24\/lucha-de-titanes-al-oeste-de-la-peninsula-posibilidad-de-lluvias-el-viernes-y-el-sabado-en-casi-toda-andalucia\/1237423_473313916100821_313054324_o\/\" rel=\"attachment wp-att-6655\"><img loading=\"lazy\" class=\"aligncenter size-full wp-image-6655\" title=\"1237423_473313916100821_313054324_o\" src=\"\/tormentas-y-rayos\/wp-content\/uploads\/sites\/12\/2013\/09\/1237423_473313916100821_313054324_o.jpg\" alt=\"\" width=\"660\" height=\"434\" srcset=\"https:\/\/static-blogs.diariosur.es\/wp-content\/uploads\/sites\/12\/2013\/09\/1237423_473313916100821_313054324_o.jpg 660w, https:\/\/static-blogs.diariosur.es\/wp-content\/uploads\/sites\/12\/2013\/09\/1237423_473313916100821_313054324_o-608x400.jpg 608w\" sizes=\"(max-width: 660px) 100vw, 660px\" \/><\/a><\/p>\n","protected":false},"excerpt":{"rendered":"<p>Buenos d\u00edas amigos de la meteo. Son las seis de la ma\u00f1ana, registro 20.5 grados y los cielos est\u00e1n algo nubosos. He recibido montones de correos, mensajes, llamadas etc etc.. por lo del Mater Dei del pr\u00f3ximo fin de semana. La gran mayor\u00eda de los modelos acercan una potente borrasca al oeste de Portugal, no [&hellip;]<\/p>\n","protected":false},"author":16,"featured_media":6651,"comment_status":"open","ping_status":"open","sticky":false,"template":"","format":"standard","meta":[],"categories":[2],"tags":[100,316,569,575,620,987],"_links":{"self":[{"href":"https:\/\/blogs.diariosur.es\/tormentas-y-rayos\/wp-json\/wp\/v2\/posts\/6644"}],"collection":[{"href":"https:\/\/blogs.diariosur.es\/tormentas-y-rayos\/wp-json\/wp\/v2\/posts"}],"about":[{"href":"https:\/\/blogs.diariosur.es\/tormentas-y-rayos\/wp-json\/wp\/v2\/types\/post"}],"author":[{"embeddable":true,"href":"https:\/\/blogs.diariosur.es\/tormentas-y-rayos\/wp-json\/wp\/v2\/users\/16"}],"replies":[{"embeddable":true,"href":"https:\/\/blogs.diariosur.es\/tormentas-y-rayos\/wp-json\/wp\/v2\/comments?post=6644"}],"version-history":[{"count":0,"href":"https:\/\/blogs.diariosur.es\/tormentas-y-rayos\/wp-json\/wp\/v2\/posts\/6644\/revisions"}],"wp:featuredmedia":[{"embeddable":true,"href":"https:\/\/blogs.diariosur.es\/tormentas-y-rayos\/wp-json\/wp\/v2\/media\/6651"}],"wp:attachment":[{"href":"https:\/\/blogs.diariosur.es\/tormentas-y-rayos\/wp-json\/wp\/v2\/media?parent=6644"}],"wp:term":[{"taxonomy":"category","embeddable":true,"href":"https:\/\/blogs.diariosur.es\/tormentas-y-rayos\/wp-json\/wp\/v2\/categories?post=6644"},{"taxonomy":"post_tag","embeddable":true,"href":"https:\/\/blogs.diariosur.es\/tormentas-y-rayos\/wp-json\/wp\/v2\/tags?post=6644"}],"curies":[{"name":"wp","href":"https:\/\/api.w.org\/{rel}","templated":true}]}}