{"id":6659,"date":"2013-09-25T07:22:50","date_gmt":"2013-09-25T05:22:50","guid":{"rendered":"http:\/\/blogs.diariosur.es\/tormentas-y-rayos\/?p=6659"},"modified":"2013-09-25T07:22:50","modified_gmt":"2013-09-25T05:22:50","slug":"especial-prevision-del-tiempo-para-el-mater-dei-primera-borrasca-atlantica","status":"publish","type":"post","link":"https:\/\/blogs.diariosur.es\/tormentas-y-rayos\/2013\/09\/25\/especial-prevision-del-tiempo-para-el-mater-dei-primera-borrasca-atlantica\/","title":{"rendered":"Especial previsi\u00f3n del tiempo para el Mater Dei. Primera borrasca Atl\u00e1ntica."},"content":{"rendered":"<p><strong>Buenos d\u00edas amigos de la meteo, son las cinco y media de la ma\u00f1ana, registro unos agradables 19,7 \u00a0grados y los cielos est\u00e1n poco nubosos.<\/strong><\/p>\n<p><strong>Como os promet\u00ed en el post de ayer y debido a la celebraci\u00f3n del dia del Mater Dei, intentare hacer un seguimiento a la primera borrasca oto\u00f1al que desde ayer por la noche ya afecta sobre todo a Galicia con sus primeras l\u00edneas de inestabilidad. <\/strong><\/p>\n<p><strong>Aunque ayer os daba una peque\u00f1a explicaci\u00f3n de la situaci\u00f3n que tenemos ahora mismo, os explico de nuevo de forma sencilla lo que los modelos prev\u00e9n para estos d\u00edas.<\/strong><\/p>\n<p><strong>Primero os presento a la borrasca que tanto esta dando que hablar, esta imagen es de ayer por la noche. Fuente eumetsat meteogalicia<\/strong><\/p>\n<p><a href=\"https:\/\/blogs.diariosur.es\/tormentas-y-rayos\/2013\/09\/25\/especial-prevision-del-tiempo-para-el-mater-dei-primera-borrasca-atlantica\/webexterna_colorir87_19-30\/\" rel=\"attachment wp-att-6661\"><img loading=\"lazy\" class=\"aligncenter size-medium wp-image-6661\" title=\"webexterna_ColorIR87_[19-30]\" src=\"\/tormentas-y-rayos\/wp-content\/uploads\/sites\/12\/2013\/09\/webexterna_ColorIR87_19-30.jpg\" alt=\"\" width=\"579\" height=\"400\" srcset=\"https:\/\/static-blogs.diariosur.es\/wp-content\/uploads\/sites\/12\/2013\/09\/webexterna_ColorIR87_19-30.jpg 750w, https:\/\/static-blogs.diariosur.es\/wp-content\/uploads\/sites\/12\/2013\/09\/webexterna_ColorIR87_19-30-579x400.jpg 579w\" sizes=\"(max-width: 579px) 100vw, 579px\" \/><\/a><\/p>\n<p><strong>\u00a0<\/strong><\/p>\n<p><strong>Esta otra imagen es de hace una hora, fijaros como apenas la borrasca se ha movido. Pero se ven lineas de\u00a0inestabilidad\u00a0que tanto hoy como ma\u00f1ana afectaran a las zonas mas al oeste de la pen\u00ednsula.<\/strong><\/p>\n<p><a href=\"https:\/\/blogs.diariosur.es\/tormentas-y-rayos\/2013\/09\/25\/especial-prevision-del-tiempo-para-el-mater-dei-primera-borrasca-atlantica\/miercoles-borrasca\/\" rel=\"attachment wp-att-6670\"><img loading=\"lazy\" class=\"aligncenter size-medium wp-image-6670\" title=\"miercoles borrasca\" src=\"\/tormentas-y-rayos\/wp-content\/uploads\/sites\/12\/2013\/09\/miercoles-borrasca.jpg\" alt=\"\" width=\"579\" height=\"400\" srcset=\"https:\/\/static-blogs.diariosur.es\/wp-content\/uploads\/sites\/12\/2013\/09\/miercoles-borrasca.jpg 750w, https:\/\/static-blogs.diariosur.es\/wp-content\/uploads\/sites\/12\/2013\/09\/miercoles-borrasca-579x400.jpg 579w\" sizes=\"(max-width: 579px) 100vw, 579px\" \/><\/a><\/p>\n<p>&nbsp;<\/p>\n<p><strong>Esto se debe a que el anticicl\u00f3n y la dorsal africana aun tienen fuerza para dejarla estacionaria.<a href=\"https:\/\/blogs.diariosur.es\/tormentas-y-rayos\/2013\/09\/24\/lucha-de-titanes-al-oeste-de-la-peninsula-posibilidad-de-lluvias-el-viernes-y-el-sabado-en-casi-toda-andalucia\/\"> Si pinch\u00e1is en el post de ayer,<\/a> ver\u00e9is como el primer frente que genero en la madrugada del lunes se deshac\u00eda nada mas tocar la\u00a0pen\u00ednsula. Os paso una imagen del modelo gfs prevista para hoy, se ve claramente como el anticicl\u00f3n sigue luchando con la borrasca.<\/strong><\/p>\n<p><a href=\"https:\/\/blogs.diariosur.es\/tormentas-y-rayos\/2013\/09\/25\/especial-prevision-del-tiempo-para-el-mater-dei-primera-borrasca-atlantica\/rtavn301-3\/\" rel=\"attachment wp-att-6662\"><img loading=\"lazy\" class=\"aligncenter size-medium wp-image-6662\" title=\"Rtavn301\" src=\"\/tormentas-y-rayos\/wp-content\/uploads\/sites\/12\/2013\/09\/Rtavn301.png\" alt=\"\" width=\"487\" height=\"400\" srcset=\"https:\/\/static-blogs.diariosur.es\/wp-content\/uploads\/sites\/12\/2013\/09\/Rtavn301.png 790w, https:\/\/static-blogs.diariosur.es\/wp-content\/uploads\/sites\/12\/2013\/09\/Rtavn301-488x400.png 488w, https:\/\/static-blogs.diariosur.es\/wp-content\/uploads\/sites\/12\/2013\/09\/Rtavn301-768x630.png 768w\" sizes=\"(max-width: 487px) 100vw, 487px\" \/><\/a><\/p>\n<p><strong>Sera el jueves cuando en anticicl\u00f3n ceda terreno, debido a que la borrasca se refuerza como pod\u00e9is ver en este mapa previsto para el jueves por la tarde.\u00a0Seg\u00fan\u00a0el modelo hirlam le da 986 mb Fuente aemet.<\/strong><\/p>\n<p><a href=\"https:\/\/blogs.diariosur.es\/tormentas-y-rayos\/2013\/09\/25\/especial-prevision-del-tiempo-para-el-mater-dei-primera-borrasca-atlantica\/boraasca\/\" rel=\"attachment wp-att-6663\"><img loading=\"lazy\" class=\"aligncenter size-full wp-image-6663\" title=\"boraasca\" src=\"\/tormentas-y-rayos\/wp-content\/uploads\/sites\/12\/2013\/09\/boraasca.jpg\" alt=\"\" width=\"678\" height=\"553\" srcset=\"https:\/\/static-blogs.diariosur.es\/wp-content\/uploads\/sites\/12\/2013\/09\/boraasca.jpg 678w, https:\/\/static-blogs.diariosur.es\/wp-content\/uploads\/sites\/12\/2013\/09\/boraasca-490x400.jpg 490w\" sizes=\"(max-width: 678px) 100vw, 678px\" \/><\/a><\/p>\n<p>&nbsp;<\/p>\n<p><strong>\u00a0<\/strong><\/p>\n<p><strong>Sera entonces cuando a primeras horas del viernes un frente fr\u00edo muy potente empiece a cruzar la\u00a0pen\u00ednsula.\u00a0 El sentido de este frente no sera de oeste a este, si no de sur a noroeste, no se si me explico, os pongo unas \u00a0im\u00e1genes\u00a0para que me entend\u00e1is, porque esto es muy importante.\u00a0<\/strong><\/p>\n<p><a href=\"https:\/\/blogs.diariosur.es\/tormentas-y-rayos\/2013\/09\/25\/especial-prevision-del-tiempo-para-el-mater-dei-primera-borrasca-atlantica\/captura-177\/\" rel=\"attachment wp-att-6664\"><img loading=\"lazy\" class=\"aligncenter size-medium wp-image-6664\" title=\"Captura\" src=\"\/tormentas-y-rayos\/wp-content\/uploads\/sites\/12\/2013\/09\/Captura10.jpg\" alt=\"\" width=\"600\" height=\"385\" srcset=\"https:\/\/static-blogs.diariosur.es\/wp-content\/uploads\/sites\/12\/2013\/09\/Captura10.jpg 1069w, https:\/\/static-blogs.diariosur.es\/wp-content\/uploads\/sites\/12\/2013\/09\/Captura10-622x400.jpg 622w, https:\/\/static-blogs.diariosur.es\/wp-content\/uploads\/sites\/12\/2013\/09\/Captura10-768x494.jpg 768w\" sizes=\"(max-width: 600px) 100vw, 600px\" \/><\/a><\/p>\n<p><a href=\"https:\/\/blogs.diariosur.es\/tormentas-y-rayos\/2013\/09\/25\/especial-prevision-del-tiempo-para-el-mater-dei-primera-borrasca-atlantica\/ccaca\/\" rel=\"attachment wp-att-6665\"><img loading=\"lazy\" class=\"aligncenter size-medium wp-image-6665\" title=\"ccaca\" src=\"\/tormentas-y-rayos\/wp-content\/uploads\/sites\/12\/2013\/09\/ccaca.jpg\" alt=\"\" width=\"600\" height=\"390\" srcset=\"https:\/\/static-blogs.diariosur.es\/wp-content\/uploads\/sites\/12\/2013\/09\/ccaca.jpg 1070w, https:\/\/static-blogs.diariosur.es\/wp-content\/uploads\/sites\/12\/2013\/09\/ccaca-614x400.jpg 614w, https:\/\/static-blogs.diariosur.es\/wp-content\/uploads\/sites\/12\/2013\/09\/ccaca-768x500.jpg 768w\" sizes=\"(max-width: 600px) 100vw, 600px\" \/><\/a><\/p>\n<p>&nbsp;<\/p>\n<p><strong>Se mover\u00eda como la primera imagen, con esto quiero decir que estar\u00eda mas tiempo lloviendo por donde pasara el frente. Las zonas de Gredos y Sierra de Grazalema registrar\u00edan mucha precipitaci\u00f3n. Si fuese al rev\u00e9s el frente pasar\u00eda mas r\u00e1pidamente y la cantidad de\u00a0lluvia\u00a0seria menor.<\/strong><\/p>\n<p><strong><span><span><span style=\"color: #ff0000;\">Despu\u00e9s de todo este rollo que os \u00a0he metido, \u00a0todos me preguntareis Joseeeeeeee \u00a0pero llueve no llueve \u00a0el dia del Mater Dei. \u00a0Pues amigos, hay modelos que frenan un poco al frente y lo dejan \u00a0a las puertas de nuestra provincia. En cambio hay otros modelos que debido al aire fr\u00edo en altura y al estar aun el mediterr\u00e1neo muy caliente formar\u00edan tormentas \u00a0que si podr\u00edan llegar a toda nuestra provincia, es decir para que me\u00a0entend\u00e1is\u00a0el frente se\u00a0<\/span><\/span><span><span style=\"color: #ff0000;\">reactivar\u00eda. \u00a0Pero ya\u00a0sab\u00e9is\u00a0que M\u00e1laga Capital es muy particular a la hora de las lluvias, asi que de momento que no cunda el\u00a0p\u00e1nico. Si el frente se adelanta entre la madrugada del\u00a0s\u00e1bado\u00a0y primeras horas de la ma\u00f1ana,&#8221; hay posibilidad de que la tarde noche del\u00a0s\u00e1bado\u00a0no llueva&#8221;.<\/span><\/span><\/span><\/strong><\/p>\n<p><strong><span style=\"color: #ff0000;\">Todo esto lo veremos ma\u00f1ana cuando de nuevo actualice el blog y los modelos se\u00a0aclaren.\u00a0<\/span><\/strong><\/p>\n<p>&nbsp;<\/p>\n<p><span style=\"color: #008000;\"><strong>Os hago un peque\u00f1o resumen del dia de ayer. Os digo peque\u00f1o porque con el turno partido que tengo hay poco tiempo para fotografiar. La m\u00e1xima del martes fue de 28 grados y la m\u00ednima de 19. Con traje y corbata jejeje, me fui sobre las siete y media de la ma\u00f1ana a fotografiar el amanecer. Alli en nuestra piedra favorita me encontr\u00e9 con Joaqu\u00edn y Pedro Toro, pens\u00e1bamos que \u00edbamos a tener un candilazo, pero las nubes llegaron tarde.\u00a0 Asi que sin hacer una foto tire para el curro. En el camino de vuelta y ya llegando a la ultima rotonda, empez\u00f3 a salir el sol en el horizonte, asi que pare la moto y me dije como me voy a ir sin echar una foto jejeje. Pues aqu\u00ed la ten\u00e9is amigos.<\/strong><\/span><\/p>\n<p><span style=\"color: #008000;\"><a href=\"https:\/\/blogs.diariosur.es\/tormentas-y-rayos\/2013\/09\/25\/especial-prevision-del-tiempo-para-el-mater-dei-primera-borrasca-atlantica\/olympus-digital-camera-1476\/\" rel=\"attachment wp-att-6666\"><span style=\"color: #008000;\"><img loading=\"lazy\" class=\"aligncenter size-full wp-image-6666\" title=\"OLYMPUS DIGITAL CAMERA\" src=\"\/tormentas-y-rayos\/wp-content\/uploads\/sites\/12\/2013\/09\/A001.jpg\" alt=\"\" width=\"660\" height=\"495\" srcset=\"https:\/\/static-blogs.diariosur.es\/wp-content\/uploads\/sites\/12\/2013\/09\/A001.jpg 660w, https:\/\/static-blogs.diariosur.es\/wp-content\/uploads\/sites\/12\/2013\/09\/A001-533x400.jpg 533w\" sizes=\"(max-width: 660px) 100vw, 660px\" \/><\/span><\/a><\/span><\/p>\n<p>&nbsp;<\/p>\n<p><span style=\"color: #008000;\"><strong>A la misma hora nuestro amigo Antonio Portillo lo fotografiaba desde la zona de cruceros del Puerto de M\u00e1laga. Un fot\u00f3n.<\/strong><\/span><\/p>\n<p><span style=\"color: #008000;\"><a href=\"https:\/\/blogs.diariosur.es\/tormentas-y-rayos\/2013\/09\/25\/especial-prevision-del-tiempo-para-el-mater-dei-primera-borrasca-atlantica\/1262878_4882678644040_139794573_o\/\" rel=\"attachment wp-att-6667\"><span style=\"color: #008000;\"><img loading=\"lazy\" class=\"aligncenter size-full wp-image-6667\" title=\"1262878_4882678644040_139794573_o\" src=\"\/tormentas-y-rayos\/wp-content\/uploads\/sites\/12\/2013\/09\/1262878_4882678644040_139794573_o.jpg\" alt=\"\" width=\"660\" height=\"440\" srcset=\"https:\/\/static-blogs.diariosur.es\/wp-content\/uploads\/sites\/12\/2013\/09\/1262878_4882678644040_139794573_o.jpg 660w, https:\/\/static-blogs.diariosur.es\/wp-content\/uploads\/sites\/12\/2013\/09\/1262878_4882678644040_139794573_o-600x400.jpg 600w\" sizes=\"(max-width: 660px) 100vw, 660px\" \/><\/span><\/a><\/span><\/p>\n<p>&nbsp;<\/p>\n<p><span style=\"color: #008000;\"><strong>Mas suerte tuvo mi amigo Jose Luis Gil desde Marbella, en esa zona llegaban cirros cumulos que dejaban tambien un impresionante amanecer.<\/strong><\/span><\/p>\n<p><a href=\"https:\/\/blogs.diariosur.es\/tormentas-y-rayos\/2013\/09\/25\/especial-prevision-del-tiempo-para-el-mater-dei-primera-borrasca-atlantica\/jose-luis-gil-3\/\" rel=\"attachment wp-att-6672\"><img loading=\"lazy\" class=\"aligncenter size-full wp-image-6672\" title=\"jose luis gil\" src=\"\/tormentas-y-rayos\/wp-content\/uploads\/sites\/12\/2013\/09\/jose-luis-gil.jpg\" alt=\"\" width=\"660\" height=\"397\" srcset=\"https:\/\/static-blogs.diariosur.es\/wp-content\/uploads\/sites\/12\/2013\/09\/jose-luis-gil.jpg 660w, https:\/\/static-blogs.diariosur.es\/wp-content\/uploads\/sites\/12\/2013\/09\/jose-luis-gil-640x385.jpg 640w\" sizes=\"(max-width: 660px) 100vw, 660px\" \/><\/a><\/p>\n<p><span><strong><span style=\"color: #008000;\">Estos mismos amaneceres fotografiados \u00a0en M\u00e1laga y Marbella, tambien lo cazaba mi amigo Jose Antonio Perez desde Qintana (C\u00f3rdoba). Preciosa la foto Jose.<\/span><\/strong><\/span><\/p>\n<p><span style=\"color: #008000;\"><a href=\"https:\/\/blogs.diariosur.es\/tormentas-y-rayos\/2013\/09\/25\/especial-prevision-del-tiempo-para-el-mater-dei-primera-borrasca-atlantica\/jose-antonio-perez-2\/\" rel=\"attachment wp-att-6668\"><span style=\"color: #008000;\"><img loading=\"lazy\" class=\"aligncenter size-full wp-image-6668\" title=\"jose antonio perez\" src=\"\/tormentas-y-rayos\/wp-content\/uploads\/sites\/12\/2013\/09\/jose-antonio-perez1.jpg\" alt=\"\" width=\"660\" height=\"371\" srcset=\"https:\/\/static-blogs.diariosur.es\/wp-content\/uploads\/sites\/12\/2013\/09\/jose-antonio-perez1.jpg 660w, https:\/\/static-blogs.diariosur.es\/wp-content\/uploads\/sites\/12\/2013\/09\/jose-antonio-perez1-640x360.jpg 640w\" sizes=\"(max-width: 660px) 100vw, 660px\" \/><\/span><\/a><\/span><\/p>\n<p><span style=\"color: #008000;\"><strong>Hasta ma\u00f1ana amigos de la meteo. Os dejo con la nota imformativa que saco ayer la Aemet.<\/strong><\/span><\/p>\n<p><a href=\"https:\/\/blogs.diariosur.es\/tormentas-y-rayos\/2013\/09\/25\/especial-prevision-del-tiempo-para-el-mater-dei-primera-borrasca-atlantica\/nota\/\" rel=\"attachment wp-att-6669\"><img loading=\"lazy\" class=\"aligncenter size-large wp-image-6669\" title=\"nota\" src=\"\/tormentas-y-rayos\/wp-content\/uploads\/sites\/12\/2013\/09\/nota.jpg\" alt=\"\" width=\"564\" height=\"600\" srcset=\"https:\/\/static-blogs.diariosur.es\/wp-content\/uploads\/sites\/12\/2013\/09\/nota.jpg 755w, https:\/\/static-blogs.diariosur.es\/wp-content\/uploads\/sites\/12\/2013\/09\/nota-376x400.jpg 376w\" sizes=\"(max-width: 564px) 100vw, 564px\" \/><\/a><\/p>\n","protected":false},"excerpt":{"rendered":"<p>Buenos d\u00edas amigos de la meteo, son las cinco y media de la ma\u00f1ana, registro unos agradables 19,7 \u00a0grados y los cielos est\u00e1n poco nubosos. Como os promet\u00ed en el post de ayer y debido a la celebraci\u00f3n del dia del Mater Dei, intentare hacer un seguimiento a la primera borrasca oto\u00f1al que desde ayer [&hellip;]<\/p>\n","protected":false},"author":16,"featured_media":6671,"comment_status":"open","ping_status":"open","sticky":false,"template":"","format":"standard","meta":[],"categories":[2],"tags":[188,316,587,620,809,818,980],"_links":{"self":[{"href":"https:\/\/blogs.diariosur.es\/tormentas-y-rayos\/wp-json\/wp\/v2\/posts\/6659"}],"collection":[{"href":"https:\/\/blogs.diariosur.es\/tormentas-y-rayos\/wp-json\/wp\/v2\/posts"}],"about":[{"href":"https:\/\/blogs.diariosur.es\/tormentas-y-rayos\/wp-json\/wp\/v2\/types\/post"}],"author":[{"embeddable":true,"href":"https:\/\/blogs.diariosur.es\/tormentas-y-rayos\/wp-json\/wp\/v2\/users\/16"}],"replies":[{"embeddable":true,"href":"https:\/\/blogs.diariosur.es\/tormentas-y-rayos\/wp-json\/wp\/v2\/comments?post=6659"}],"version-history":[{"count":0,"href":"https:\/\/blogs.diariosur.es\/tormentas-y-rayos\/wp-json\/wp\/v2\/posts\/6659\/revisions"}],"wp:featuredmedia":[{"embeddable":true,"href":"https:\/\/blogs.diariosur.es\/tormentas-y-rayos\/wp-json\/wp\/v2\/media\/6671"}],"wp:attachment":[{"href":"https:\/\/blogs.diariosur.es\/tormentas-y-rayos\/wp-json\/wp\/v2\/media?parent=6659"}],"wp:term":[{"taxonomy":"category","embeddable":true,"href":"https:\/\/blogs.diariosur.es\/tormentas-y-rayos\/wp-json\/wp\/v2\/categories?post=6659"},{"taxonomy":"post_tag","embeddable":true,"href":"https:\/\/blogs.diariosur.es\/tormentas-y-rayos\/wp-json\/wp\/v2\/tags?post=6659"}],"curies":[{"name":"wp","href":"https:\/\/api.w.org\/{rel}","templated":true}]}}