{"id":6673,"date":"2013-09-26T07:11:14","date_gmt":"2013-09-26T05:11:14","guid":{"rendered":"http:\/\/blogs.diariosur.es\/tormentas-y-rayos\/?p=6673"},"modified":"2013-09-26T07:11:14","modified_gmt":"2013-09-26T05:11:14","slug":"mater-dei-prevision-del-tiempo-la-probabilidad-de-lluvias-serian-de-madrugada-y-primeras-horas-de-la-manana-del-sabado","status":"publish","type":"post","link":"https:\/\/blogs.diariosur.es\/tormentas-y-rayos\/2013\/09\/26\/mater-dei-prevision-del-tiempo-la-probabilidad-de-lluvias-serian-de-madrugada-y-primeras-horas-de-la-manana-del-sabado\/","title":{"rendered":"Mater Dei. Previsi\u00f3n del tiempo. &#8220;La probabilidad de lluvias serian de madrugada y primeras horas de la ma\u00f1ana del s\u00e1bado&#8221;."},"content":{"rendered":"<p>&nbsp;<\/p>\n<p><span style=\"color: #ff0000;\"><strong>\u00daLTIMA HORA AMIGOS DE LA METEO<\/strong><\/span><\/p>\n<p><span style=\"color: #ff00ff;\"><strong>Esta ma\u00f1ana os comentaba en el post, que lo mas seguro es que\u00a0entr\u00e1ramos\u00a0en aviso amarillo la zona occidental de la Provincia Malague\u00f1a. Hace un par de horas la AEMET ha activado este aviso por tormentas y lluvias a toda la provincia. A partir de las 00:00 horas del\u00a0s\u00e1bado y hasta 15.00 de la tarde\u00a0permanecer\u00e1\u00a0este aviso.<\/strong><\/span><\/p>\n<p><span style=\"color: #ff00ff;\"><strong>\u00a0<\/strong><\/span><\/p>\n<p><a href=\"https:\/\/blogs.diariosur.es\/tormentas-y-rayos\/2013\/09\/26\/mater-dei-prevision-del-tiempo-la-probabilidad-de-lluvias-serian-de-madrugada-y-primeras-horas-de-la-manana-del-sabado\/aviso-malaga\/\" rel=\"attachment wp-att-6684\"><img loading=\"lazy\" class=\"aligncenter size-full wp-image-6684\" title=\"aviso malaga\" src=\"\/tormentas-y-rayos\/wp-content\/uploads\/sites\/12\/2013\/09\/aviso-malaga.jpg\" alt=\"\" width=\"575\" height=\"433\" srcset=\"https:\/\/static-blogs.diariosur.es\/wp-content\/uploads\/sites\/12\/2013\/09\/aviso-malaga.jpg 575w, https:\/\/static-blogs.diariosur.es\/wp-content\/uploads\/sites\/12\/2013\/09\/aviso-malaga-531x400.jpg 531w\" sizes=\"(max-width: 575px) 100vw, 575px\" \/><\/a><\/p>\n<p>&nbsp;<\/p>\n<p><strong>Buenos dias amigos de la meteo.<\/strong><\/p>\n<p><strong>\u00a0Son las seis de la ma\u00f1ana, registro 20 grados y los cielos est\u00e1n poco nubosos.<\/strong><\/p>\n<p><strong>De nuevo con todos vosotros para seguir la evoluci\u00f3n de esta primera borrasca oto\u00f1al. Para no hacer muy largo el post \u00a0y explicar de nuevo lo que llevo explicando desde el lunes, os paso el <a href=\"https:\/\/blogs.diariosur.es\/tormentas-y-rayos\/\">enlace al blog principal y que cada uno pinche en el post que quiera ok?.<\/a><\/strong><\/p>\n<p><strong>Vamos \u00a0al meollo de la cuesti\u00f3n, ayer os presentaba a la borrasca, \u00a0hoy toca presentar al frente que nos afectara a partir de ma\u00f1ana y que ya ayer se formaba a \u00faltima hora de la tarde. En esta imagen de las nueve y cuarto de la noche \u00a0de ayer se ve claramente. Fuente Meteogalicia. Satelite Eumetsat<\/strong><\/p>\n<p><a href=\"https:\/\/blogs.diariosur.es\/tormentas-y-rayos\/2013\/09\/26\/mater-dei-prevision-del-tiempo-la-probabilidad-de-lluvias-serian-de-madrugada-y-primeras-horas-de-la-manana-del-sabado\/webexterna_ir87_19-15\/\" rel=\"attachment wp-att-6674\"><img loading=\"lazy\" class=\"aligncenter size-medium wp-image-6674\" title=\"webexterna_IR87_[19-15]\" src=\"\/tormentas-y-rayos\/wp-content\/uploads\/sites\/12\/2013\/09\/webexterna_IR87_19-15.jpg\" alt=\"\" width=\"579\" height=\"400\" srcset=\"https:\/\/static-blogs.diariosur.es\/wp-content\/uploads\/sites\/12\/2013\/09\/webexterna_IR87_19-15.jpg 750w, https:\/\/static-blogs.diariosur.es\/wp-content\/uploads\/sites\/12\/2013\/09\/webexterna_IR87_19-15-579x400.jpg 579w\" sizes=\"(max-width: 579px) 100vw, 579px\" \/><\/a><\/p>\n<p><strong>En esta otra imagen de hace pocas horas de hoy jueves se ve mas definido. Impresionante el primer frente fr\u00edo del oto\u00f1o\u00a0meteorol\u00f3gico.<\/strong><\/p>\n<p>&nbsp;<\/p>\n<p><a href=\"https:\/\/blogs.diariosur.es\/tormentas-y-rayos\/2013\/09\/26\/mater-dei-prevision-del-tiempo-la-probabilidad-de-lluvias-serian-de-madrugada-y-primeras-horas-de-la-manana-del-sabado\/pedazo-de-frente\/\" rel=\"attachment wp-att-6678\"><img loading=\"lazy\" class=\"aligncenter size-medium wp-image-6678\" title=\"pedazo de frente\" src=\"\/tormentas-y-rayos\/wp-content\/uploads\/sites\/12\/2013\/09\/pedazo-de-frente.jpg\" alt=\"\" width=\"579\" height=\"400\" srcset=\"https:\/\/static-blogs.diariosur.es\/wp-content\/uploads\/sites\/12\/2013\/09\/pedazo-de-frente.jpg 750w, https:\/\/static-blogs.diariosur.es\/wp-content\/uploads\/sites\/12\/2013\/09\/pedazo-de-frente-579x400.jpg 579w\" sizes=\"(max-width: 579px) 100vw, 579px\" \/><\/a><\/p>\n<p><strong>Este frente si tiene mas fuerza que los otros que se han ido acercando desde el lunes pasado y que como todos\u00a0sab\u00e9is\u00a0se quedaban sin fuerzas al llegar a la\u00a0<\/strong><strong>pen\u00ednsula. En esos momentos la dorsal Africana y el anticicl\u00f3n se encargaban de ello.<\/strong><\/p>\n<p><strong>Fijaros en esta imagen que os ponia el dia pasado, con la que os pongo a continuaci\u00f3n.<\/strong><\/p>\n<p><a href=\"https:\/\/blogs.diariosur.es\/tormentas-y-rayos\/2013\/09\/26\/mater-dei-prevision-del-tiempo-la-probabilidad-de-lluvias-serian-de-madrugada-y-primeras-horas-de-la-manana-del-sabado\/rtavn301-487x400\/\" rel=\"attachment wp-att-6680\"><img loading=\"lazy\" class=\"aligncenter size-full wp-image-6680\" title=\"Rtavn301-487x400\" src=\"\/tormentas-y-rayos\/wp-content\/uploads\/sites\/12\/2013\/09\/Rtavn301.png\" alt=\"\" width=\"487\" height=\"400\" \/><\/a><\/p>\n<p>&nbsp;<\/p>\n<p><a href=\"https:\/\/blogs.diariosur.es\/tormentas-y-rayos\/2013\/09\/26\/mater-dei-prevision-del-tiempo-la-probabilidad-de-lluvias-serian-de-madrugada-y-primeras-horas-de-la-manana-del-sabado\/gfs-0-42\/\" rel=\"attachment wp-att-6681\"><img loading=\"lazy\" class=\"aligncenter size-medium wp-image-6681\" title=\"gfs-0-42\" src=\"\/tormentas-y-rayos\/wp-content\/uploads\/sites\/12\/2013\/09\/gfs-0-42.png\" alt=\"\" width=\"600\" height=\"400\" srcset=\"https:\/\/static-blogs.diariosur.es\/wp-content\/uploads\/sites\/12\/2013\/09\/gfs-0-42.png 768w, https:\/\/static-blogs.diariosur.es\/wp-content\/uploads\/sites\/12\/2013\/09\/gfs-0-42-600x400.png 600w\" sizes=\"(max-width: 600px) 100vw, 600px\" \/><\/a><\/p>\n<p>&nbsp;<\/p>\n<p><strong>En esta \u00faltima se ve claramente como el anticicl\u00f3n pierde terreno y deja pasar al frente.<\/strong><\/p>\n<p>&nbsp;<\/p>\n<p><strong>Otro dato a destacar, es que la Aemet activa \u00a0para ma\u00f1ana viernes el aviso amarillo por lluvias en Andaluc\u00eda Occidental y en otros puntos de la fachada occidental peninsular. <\/strong><\/p>\n<p><span style=\"color: #ff00ff;\"><strong>No me extra\u00f1ar\u00eda que hoy ese aviso amarillo tambi\u00e9n lo activen en la zona occidental de la provincia malague\u00f1a para la madrugada del\u00a0s\u00e1bado. La Serrania de Ronda y zonas cercanas seria donde mas lloviera.<\/strong><\/span><\/p>\n<p><a href=\"https:\/\/blogs.diariosur.es\/tormentas-y-rayos\/2013\/09\/26\/mater-dei-prevision-del-tiempo-la-probabilidad-de-lluvias-serian-de-madrugada-y-primeras-horas-de-la-manana-del-sabado\/20130925195000_avi_pmna\/\" rel=\"attachment wp-att-6675\"><img loading=\"lazy\" class=\"aligncenter size-full wp-image-6675\" title=\"20130925195000_avi_pmna\" src=\"\/tormentas-y-rayos\/wp-content\/uploads\/sites\/12\/2013\/09\/20130925195000_avi_pmna.jpg\" alt=\"\" width=\"660\" height=\"441\" srcset=\"https:\/\/static-blogs.diariosur.es\/wp-content\/uploads\/sites\/12\/2013\/09\/20130925195000_avi_pmna.jpg 660w, https:\/\/static-blogs.diariosur.es\/wp-content\/uploads\/sites\/12\/2013\/09\/20130925195000_avi_pmna-599x400.jpg 599w\" sizes=\"(max-width: 660px) 100vw, 660px\" \/><\/a><\/p>\n<p><strong>\u00a0<\/strong><\/p>\n<p><strong>Como os comento en el titulo del post, el frente afectar\u00eda a nuestra provincia \u00a0malague\u00f1a durante la madrugada del s\u00e1bado y primeras horas de la ma\u00f1ana. En este modelo de lluvias del Hirlam pod\u00e9is ver la secuencia. Con esto no quiero decir que por la tarde del s\u00e1bado no caiga ninguna gota, esto ya lo ver\u00edamos mejor ma\u00f1ana viernes. Os paso la secuencia de las precipitaciones previstas desde las 20 horas del viernes, hasta las 14 horas del\u00a0s\u00e1bado.<\/strong><\/p>\n<p><a href=\"https:\/\/blogs.diariosur.es\/tormentas-y-rayos\/2013\/09\/26\/mater-dei-prevision-del-tiempo-la-probabilidad-de-lluvias-serian-de-madrugada-y-primeras-horas-de-la-manana-del-sabado\/1-vert-7\/\" rel=\"attachment wp-att-6679\"><img loading=\"lazy\" class=\"aligncenter size-full wp-image-6679\" title=\"1-vert\" src=\"\/tormentas-y-rayos\/wp-content\/uploads\/sites\/12\/2013\/09\/1-vert.jpg\" alt=\"\" width=\"426\" height=\"1188\" srcset=\"https:\/\/static-blogs.diariosur.es\/wp-content\/uploads\/sites\/12\/2013\/09\/1-vert.jpg 426w, https:\/\/static-blogs.diariosur.es\/wp-content\/uploads\/sites\/12\/2013\/09\/1-vert-143x400.jpg 143w\" sizes=\"(max-width: 426px) 100vw, 426px\" \/><\/a><\/p>\n<p>&nbsp;<\/p>\n<p>&nbsp;<\/p>\n<p><a href=\"https:\/\/blogs.diariosur.es\/tormentas-y-rayos\/2013\/09\/26\/mater-dei-prevision-del-tiempo-la-probabilidad-de-lluvias-serian-de-madrugada-y-primeras-horas-de-la-manana-del-sabado\/nazaseriojl-20\/\" rel=\"attachment wp-att-6682\"><img loading=\"lazy\" class=\"aligncenter size-full wp-image-6682\" title=\"NazaSerioJL\" src=\"\/tormentas-y-rayos\/wp-content\/uploads\/sites\/12\/2013\/09\/NazaSerioJL.jpg\" alt=\"\" width=\"400\" height=\"465\" srcset=\"https:\/\/static-blogs.diariosur.es\/wp-content\/uploads\/sites\/12\/2013\/09\/NazaSerioJL.jpg 400w, https:\/\/static-blogs.diariosur.es\/wp-content\/uploads\/sites\/12\/2013\/09\/NazaSerioJL-344x400.jpg 344w\" sizes=\"(max-width: 400px) 100vw, 400px\" \/><\/a><\/p>\n<p>&nbsp;<\/p>\n<p><strong>Poco mas que contar amigos de la meteo.\u00a0<\/strong><\/p>\n<p><strong>Ma\u00f1ana de nuevo\u00a0estar\u00e9\u00a0con vosotros.<\/strong><\/p>\n<p><strong> Hoy os dejo con este fot\u00f3n de mi amigo Luis G. Marin<\/strong><\/p>\n<p><a href=\"https:\/\/blogs.diariosur.es\/tormentas-y-rayos\/2013\/09\/26\/mater-dei-prevision-del-tiempo-la-probabilidad-de-lluvias-serian-de-madrugada-y-primeras-horas-de-la-manana-del-sabado\/1271930_10200610993138868_781693065_o\/\" rel=\"attachment wp-att-6676\"><img loading=\"lazy\" class=\"aligncenter size-full wp-image-6676\" title=\"1271930_10200610993138868_781693065_o\" src=\"\/tormentas-y-rayos\/wp-content\/uploads\/sites\/12\/2013\/09\/1271930_10200610993138868_781693065_o.jpg\" alt=\"\" width=\"660\" height=\"410\" srcset=\"https:\/\/static-blogs.diariosur.es\/wp-content\/uploads\/sites\/12\/2013\/09\/1271930_10200610993138868_781693065_o.jpg 660w, https:\/\/static-blogs.diariosur.es\/wp-content\/uploads\/sites\/12\/2013\/09\/1271930_10200610993138868_781693065_o-640x398.jpg 640w\" sizes=\"(max-width: 660px) 100vw, 660px\" \/><\/a><\/p>\n<p>&nbsp;<\/p>\n<p>&nbsp;<\/p>\n<p><strong>\u00a0<\/strong><\/p>\n","protected":false},"excerpt":{"rendered":"<p>&nbsp; \u00daLTIMA HORA AMIGOS DE LA METEO Esta ma\u00f1ana os comentaba en el post, que lo mas seguro es que\u00a0entr\u00e1ramos\u00a0en aviso amarillo la zona occidental de la Provincia Malague\u00f1a. Hace un par de horas la AEMET ha activado este aviso por tormentas y lluvias a toda la provincia. A partir de las 00:00 horas del\u00a0s\u00e1bado [&hellip;]<\/p>\n","protected":false},"author":16,"featured_media":6678,"comment_status":"open","ping_status":"open","sticky":false,"template":"","format":"standard","meta":[],"categories":[2],"tags":[63,94,151,316,569,620,809,980],"_links":{"self":[{"href":"https:\/\/blogs.diariosur.es\/tormentas-y-rayos\/wp-json\/wp\/v2\/posts\/6673"}],"collection":[{"href":"https:\/\/blogs.diariosur.es\/tormentas-y-rayos\/wp-json\/wp\/v2\/posts"}],"about":[{"href":"https:\/\/blogs.diariosur.es\/tormentas-y-rayos\/wp-json\/wp\/v2\/types\/post"}],"author":[{"embeddable":true,"href":"https:\/\/blogs.diariosur.es\/tormentas-y-rayos\/wp-json\/wp\/v2\/users\/16"}],"replies":[{"embeddable":true,"href":"https:\/\/blogs.diariosur.es\/tormentas-y-rayos\/wp-json\/wp\/v2\/comments?post=6673"}],"version-history":[{"count":0,"href":"https:\/\/blogs.diariosur.es\/tormentas-y-rayos\/wp-json\/wp\/v2\/posts\/6673\/revisions"}],"wp:featuredmedia":[{"embeddable":true,"href":"https:\/\/blogs.diariosur.es\/tormentas-y-rayos\/wp-json\/wp\/v2\/media\/6678"}],"wp:attachment":[{"href":"https:\/\/blogs.diariosur.es\/tormentas-y-rayos\/wp-json\/wp\/v2\/media?parent=6673"}],"wp:term":[{"taxonomy":"category","embeddable":true,"href":"https:\/\/blogs.diariosur.es\/tormentas-y-rayos\/wp-json\/wp\/v2\/categories?post=6673"},{"taxonomy":"post_tag","embeddable":true,"href":"https:\/\/blogs.diariosur.es\/tormentas-y-rayos\/wp-json\/wp\/v2\/tags?post=6673"}],"curies":[{"name":"wp","href":"https:\/\/api.w.org\/{rel}","templated":true}]}}