{"id":6685,"date":"2013-09-27T07:23:35","date_gmt":"2013-09-27T05:23:35","guid":{"rendered":"http:\/\/blogs.diariosur.es\/tormentas-y-rayos\/?p=6685"},"modified":"2013-09-27T07:23:35","modified_gmt":"2013-09-27T05:23:35","slug":"mater-dei-aviso-amarillo-por-lluvias-y-tormentas-en-malaga-naranja-en-huelva-y-cadiz-bajadas-de-temperaturas-importante","status":"publish","type":"post","link":"https:\/\/blogs.diariosur.es\/tormentas-y-rayos\/2013\/09\/27\/mater-dei-aviso-amarillo-por-lluvias-y-tormentas-en-malaga-naranja-en-huelva-y-cadiz-bajadas-de-temperaturas-importante\/","title":{"rendered":"Ultima Hora: el frente ya esta en la provincia malague\u00f1a."},"content":{"rendered":"<p><span style=\"color: #0000ff;\"><strong>NOTA INFORMATIVA 22:00 horas:<\/strong><\/span><\/p>\n<p><strong>Buenas noches amigos de la meteo. <\/strong><\/p>\n<p><strong>Acabo de salir del curro y os doy la \u00faltima hora de como va el frente, en estos momentos el frente ya toca la provincia malague\u00f1a como\u00a0pod\u00e9is\u00a0ver en esta imagen del radar de M\u00e1laga.<\/strong><\/p>\n<p><a href=\"https:\/\/blogs.diariosur.es\/tormentas-y-rayos\/2013\/09\/27\/mater-dei-aviso-amarillo-por-lluvias-y-tormentas-en-malaga-naranja-en-huelva-y-cadiz-bajadas-de-temperaturas-importante\/radar-noche\/\" rel=\"attachment wp-att-6701\"><img loading=\"lazy\" class=\"aligncenter size-full wp-image-6701\" title=\"radar noche\" src=\"\/tormentas-y-rayos\/wp-content\/uploads\/sites\/12\/2013\/09\/radar-noche.gif\" alt=\"\" width=\"480\" height=\"530\" \/><\/a><\/p>\n<p>&nbsp;<\/p>\n<p><strong>El frente llegara a M\u00e1laga Capital dentro de unas horas, lo mas seguro es que escuchemos algunos truenos que\u00a0ir\u00e1n\u00a0acompa\u00f1ados de\u00a0alg\u00fan\u00a0chaparr\u00f3n fuerte. De todas formas sigo opinando que el frente ha perdido un poco de fuelle. Os dejo con una imagen de hace pocos minutos del satelite eumetsat.<\/strong><\/p>\n<p><a href=\"https:\/\/blogs.diariosur.es\/tormentas-y-rayos\/2013\/09\/27\/mater-dei-aviso-amarillo-por-lluvias-y-tormentas-en-malaga-naranja-en-huelva-y-cadiz-bajadas-de-temperaturas-importante\/201309272000_s93g\/\" rel=\"attachment wp-att-6702\"><img loading=\"lazy\" class=\"aligncenter size-full wp-image-6702\" title=\"201309272000_s93g\" src=\"\/tormentas-y-rayos\/wp-content\/uploads\/sites\/12\/2013\/09\/201309272000_s93g.gif\" alt=\"\" width=\"550\" height=\"488\" \/><\/a><\/p>\n<p>&nbsp;<\/p>\n<p><strong>Ma\u00f1ana tambien curro pero \u00a0estar\u00e9 con vosotros de nuevo y actualizare el blog. Ya veremos que dicen los modelos de ultima hora para lo del Mater Dei.\u00a0<\/strong><\/p>\n<p>&nbsp;<\/p>\n<p><span style=\"color: #ff0000;\"><strong>ULTIMA HORA HORA<\/strong><\/span><\/p>\n<p><strong>Hola amigos de la meteo son las cinco de la tarde, los cielos est\u00e1n muy nubosos y registro casi 27 grados.\u00a0Aprovechando\u00a0mi hora de comida de \u00a0curro os cuento cosas. El frente sigue su camino, en estos momentos llueve en Sevilla, Huelva y Cadiz, e incluso caen gotas por el Rinc\u00f3n segun mi cu\u00f1ado. Viendo las ultimas\u00a0im\u00e1genes\u00a0parece que el frente pierde fuelle. No se si cuando pase el estrecho\u00a0coger\u00e1\u00a0fuerza.<\/strong><\/p>\n<p><a href=\"https:\/\/blogs.diariosur.es\/tormentas-y-rayos\/2013\/09\/27\/mater-dei-aviso-amarillo-por-lluvias-y-tormentas-en-malaga-naranja-en-huelva-y-cadiz-bajadas-de-temperaturas-importante\/201309271430_r8pb\/\" rel=\"attachment wp-att-6699\"><img loading=\"lazy\" class=\"aligncenter size-full wp-image-6699\" title=\"201309271430_r8pb\" src=\"\/tormentas-y-rayos\/wp-content\/uploads\/sites\/12\/2013\/09\/201309271430_r8pb.gif\" alt=\"\" width=\"500\" height=\"500\" \/><\/a><\/p>\n<p>&nbsp;<\/p>\n<p><strong>Es la impresi\u00f3n que me da a mi, luego cuando llegue esta noche del curro\u00a0dar\u00e9\u00a0una nueva nota\u00a0informativa\u00a0 de ultima hora y os\u00a0explicare\u00a0porque no se ha reactivado el frente. Os dejo con la ultima imagen del frente.<\/strong><\/p>\n<p><a href=\"https:\/\/blogs.diariosur.es\/tormentas-y-rayos\/2013\/09\/27\/mater-dei-aviso-amarillo-por-lluvias-y-tormentas-en-malaga-naranja-en-huelva-y-cadiz-bajadas-de-temperaturas-importante\/frente-tarde\/\" rel=\"attachment wp-att-6700\"><img loading=\"lazy\" class=\"aligncenter size-medium wp-image-6700\" title=\"frente tarde\" src=\"\/tormentas-y-rayos\/wp-content\/uploads\/sites\/12\/2013\/09\/frente-tarde.jpg\" alt=\"\" width=\"579\" height=\"400\" srcset=\"https:\/\/static-blogs.diariosur.es\/wp-content\/uploads\/sites\/12\/2013\/09\/frente-tarde.jpg 750w, https:\/\/static-blogs.diariosur.es\/wp-content\/uploads\/sites\/12\/2013\/09\/frente-tarde-579x400.jpg 579w\" sizes=\"(max-width: 579px) 100vw, 579px\" \/><\/a><\/p>\n<p>&nbsp;<\/p>\n<p><strong>Buenos d\u00edas amigos de la meteo. <\/strong><\/p>\n<p><strong>Son las cinco y media de la ma\u00f1ana, registro 21 grados y los cielos est\u00e1n nubosos. As\u00ed que lo mas seguro es que hoy tengamos un bonito candilazo que pienso fotografiar.<\/strong><\/p>\n<p><strong>Como la gran mayor\u00eda sab\u00e9is, la aemet activo ayer por la tarde el aviso amarillo por lluvias y tormentas en casi toda la Provincia Malague\u00f1a. Esta alerta comenzara a las 00:00 horas del s\u00e1bado y finalizara a las 15:00 horas. Fuente AEMET.<span style=\"color: #ff0000;\"> En el titulo del aviso lo pongo entre comillas porque yo aun no tengo muy claro como llegara ese frente a M\u00e1laga Capital, pero esto es una apreciaci\u00f3n \u00a0mia muy particular. En el trascurso del dia ya veremos esto que os he dicho.<\/span><\/strong><\/p>\n<p><a href=\"https:\/\/blogs.diariosur.es\/tormentas-y-rayos\/2013\/09\/27\/mater-dei-aviso-amarillo-por-lluvias-y-tormentas-en-malaga-naranja-en-huelva-y-cadiz-bajadas-de-temperaturas-importante\/aviso-malaga-2\/\" rel=\"attachment wp-att-6686\"><img loading=\"lazy\" class=\"aligncenter size-full wp-image-6686\" title=\"aviso malaga\" src=\"\/tormentas-y-rayos\/wp-content\/uploads\/sites\/12\/2013\/09\/aviso-malaga1.jpg\" alt=\"\" width=\"575\" height=\"433\" srcset=\"https:\/\/static-blogs.diariosur.es\/wp-content\/uploads\/sites\/12\/2013\/09\/aviso-malaga1.jpg 575w, https:\/\/static-blogs.diariosur.es\/wp-content\/uploads\/sites\/12\/2013\/09\/aviso-malaga1-531x400.jpg 531w\" sizes=\"(max-width: 575px) 100vw, 575px\" \/><\/a><\/p>\n<p><a href=\"https:\/\/blogs.diariosur.es\/tormentas-y-rayos\/2013\/09\/27\/mater-dei-aviso-amarillo-por-lluvias-y-tormentas-en-malaga-naranja-en-huelva-y-cadiz-bajadas-de-temperaturas-importante\/bbb-5\/\" rel=\"attachment wp-att-6687\"><img loading=\"lazy\" class=\"aligncenter size-full wp-image-6687\" title=\"bbb\" src=\"\/tormentas-y-rayos\/wp-content\/uploads\/sites\/12\/2013\/09\/bbb1.jpg\" alt=\"\" width=\"489\" height=\"377\" \/><\/a><\/p>\n<p><strong>\u00a0<\/strong><\/p>\n<p><strong>Para los muchos que entr\u00e1is nuevos a mi blog os paso el enlace al blog principal, en \u00e9l pod\u00e9is ver desde el lunes los distintos post que he abierto sobre esta situaci\u00f3n que se avecinaba. <a href=\"https:\/\/blogs.diariosur.es\/tormentas-y-rayos\/\">Os paso el enlace ya que os ayudara a los que entend\u00e9is poco sobre meteorolog\u00eda.<\/a><\/strong><\/p>\n<p><strong>\u00a0Ayer os guarde esta imagen de las diez de la noche del satelite eumetsat, pod\u00e9is ver como el frente casi toca la\u00a0pen\u00ednsula.<\/strong><\/p>\n<p><a href=\"https:\/\/blogs.diariosur.es\/tormentas-y-rayos\/2013\/09\/27\/mater-dei-aviso-amarillo-por-lluvias-y-tormentas-en-malaga-naranja-en-huelva-y-cadiz-bajadas-de-temperaturas-importante\/webexterna_ir87_20-30\/\" rel=\"attachment wp-att-6688\"><img loading=\"lazy\" class=\"aligncenter size-medium wp-image-6688\" title=\"webexterna_IR87_[20-30]\" src=\"\/tormentas-y-rayos\/wp-content\/uploads\/sites\/12\/2013\/09\/webexterna_IR87_20-30.jpg\" alt=\"\" width=\"579\" height=\"400\" srcset=\"https:\/\/static-blogs.diariosur.es\/wp-content\/uploads\/sites\/12\/2013\/09\/webexterna_IR87_20-30.jpg 750w, https:\/\/static-blogs.diariosur.es\/wp-content\/uploads\/sites\/12\/2013\/09\/webexterna_IR87_20-30-579x400.jpg 579w\" sizes=\"(max-width: 579px) 100vw, 579px\" \/><\/a><\/p>\n<p>&nbsp;<\/p>\n<p><strong>Esta otra imagen es de las cinco y media de la ma\u00f1ana de hoy, el frente ya afecta con chubascos a Huelva. Ademas se ven \u00a0tormentas llegando a Portugal. El radar de lluvias en estos momentos no funciona. Pero os paso el de Portugal.<\/strong><\/p>\n<p><a href=\"https:\/\/blogs.diariosur.es\/tormentas-y-rayos\/2013\/09\/27\/mater-dei-aviso-amarillo-por-lluvias-y-tormentas-en-malaga-naranja-en-huelva-y-cadiz-bajadas-de-temperaturas-importante\/webexterna_ir87_04-00\/\" rel=\"attachment wp-att-6692\"><img loading=\"lazy\" class=\"aligncenter size-medium wp-image-6692\" title=\"webexterna_IR87_[04-00]\" src=\"\/tormentas-y-rayos\/wp-content\/uploads\/sites\/12\/2013\/09\/webexterna_IR87_04-00.jpg\" alt=\"\" width=\"579\" height=\"400\" srcset=\"https:\/\/static-blogs.diariosur.es\/wp-content\/uploads\/sites\/12\/2013\/09\/webexterna_IR87_04-00.jpg 750w, https:\/\/static-blogs.diariosur.es\/wp-content\/uploads\/sites\/12\/2013\/09\/webexterna_IR87_04-00-579x400.jpg 579w\" sizes=\"(max-width: 579px) 100vw, 579px\" \/><\/a><\/p>\n<p>&nbsp;<\/p>\n<p><strong>En esta imagen de vapor de agua se ven mejor esas tormentas que os comento, son impresionantes.<\/strong><\/p>\n<p><a href=\"https:\/\/blogs.diariosur.es\/tormentas-y-rayos\/2013\/09\/27\/mater-dei-aviso-amarillo-por-lluvias-y-tormentas-en-malaga-naranja-en-huelva-y-cadiz-bajadas-de-temperaturas-importante\/webexterna_wvatlantico_04-15\/\" rel=\"attachment wp-att-6693\"><img loading=\"lazy\" class=\"aligncenter size-medium wp-image-6693\" title=\"webexterna_WVAtlantico_[04-15]\" src=\"\/tormentas-y-rayos\/wp-content\/uploads\/sites\/12\/2013\/09\/webexterna_WVAtlantico_04-15.jpg\" alt=\"\" width=\"579\" height=\"400\" srcset=\"https:\/\/static-blogs.diariosur.es\/wp-content\/uploads\/sites\/12\/2013\/09\/webexterna_WVAtlantico_04-15.jpg 750w, https:\/\/static-blogs.diariosur.es\/wp-content\/uploads\/sites\/12\/2013\/09\/webexterna_WVAtlantico_04-15-579x400.jpg 579w\" sizes=\"(max-width: 579px) 100vw, 579px\" \/><\/a><\/p>\n<p><a href=\"https:\/\/blogs.diariosur.es\/tormentas-y-rayos\/2013\/09\/27\/mater-dei-aviso-amarillo-por-lluvias-y-tormentas-en-malaga-naranja-en-huelva-y-cadiz-bajadas-de-temperaturas-importante\/por130927044030\/\" rel=\"attachment wp-att-6694\"><img loading=\"lazy\" class=\"aligncenter size-full wp-image-6694\" title=\"por130927044030\" src=\"\/tormentas-y-rayos\/wp-content\/uploads\/sites\/12\/2013\/09\/por130927044030.jpg\" alt=\"\" width=\"600\" height=\"600\" srcset=\"https:\/\/static-blogs.diariosur.es\/wp-content\/uploads\/sites\/12\/2013\/09\/por130927044030.jpg 600w, https:\/\/static-blogs.diariosur.es\/wp-content\/uploads\/sites\/12\/2013\/09\/por130927044030-150x150.jpg 150w, https:\/\/static-blogs.diariosur.es\/wp-content\/uploads\/sites\/12\/2013\/09\/por130927044030-400x400.jpg 400w\" sizes=\"(max-width: 600px) 100vw, 600px\" \/><\/a><\/p>\n<p>&nbsp;<\/p>\n<p><strong>Poco a poco el frente se ira adentrando por la zona occidental andaluza y llegara a M\u00e1laga a \u00faltima hora de la noche o primeras horas de la madrugada, puede llegar con fuerza o con menos fuerza. Ya\u00a0sab\u00e9is\u00a0que M\u00e1laga Capital es muy particular con la meteo.<\/strong><\/p>\n<p><strong> Os paso una secuencia de la probabilidad de lluvia que da el GFS .<\/strong><\/p>\n<p><a href=\"https:\/\/blogs.diariosur.es\/tormentas-y-rayos\/2013\/09\/27\/mater-dei-aviso-amarillo-por-lluvias-y-tormentas-en-malaga-naranja-en-huelva-y-cadiz-bajadas-de-temperaturas-importante\/2-vert\/\" rel=\"attachment wp-att-6697\"><img loading=\"lazy\" class=\"aligncenter size-full wp-image-6697\" title=\"2-vert\" src=\"\/tormentas-y-rayos\/wp-content\/uploads\/sites\/12\/2013\/09\/2-vert.jpg\" alt=\"\" width=\"438\" height=\"876\" srcset=\"https:\/\/static-blogs.diariosur.es\/wp-content\/uploads\/sites\/12\/2013\/09\/2-vert.jpg 438w, https:\/\/static-blogs.diariosur.es\/wp-content\/uploads\/sites\/12\/2013\/09\/2-vert-200x400.jpg 200w\" sizes=\"(max-width: 438px) 100vw, 438px\" \/><\/a><\/p>\n<p>&nbsp;<\/p>\n<p><strong>Seg\u00fan los modelos habr\u00e1 un momento que escampara, pero pienso que nuevas l\u00edneas de inestabilidad se pueden acercar y dejar alg\u00fan chubasco por la noche del\u00a0s\u00e1bado\u00a0y madrugada del domingo.<\/strong><\/p>\n<p><strong><span style=\"color: #ff00ff;\"> Mas no os puedo decir amigos, lo mismo hay suerte y da tiempo para hacer el recorrido del Mater Dei, pero yo estar\u00eda atento al radar por si acaso ( que por cierto ahora no funciona).<\/span><\/strong><\/p>\n<p><strong>Otro dato a destacar sera la bajada de las\u00a0m\u00e1ximas\u00a0en casi toda la\u00a0pen\u00ednsula sobre todo el domingo.\u00a0En provincias que ayer, \u00a0y hoy llegaran a los 30 grados, el\u00a0s\u00e1bado\u00a0y el domingo no pasaran de 20. En M\u00e1laga el domingo tambien lo notaremos. Os paso un mapa de temperaturas a 850 hpa ( 1500 m) el primero es de hoy y el segundo previsto para el domingo.<\/strong><\/p>\n<p><a href=\"https:\/\/blogs.diariosur.es\/tormentas-y-rayos\/2013\/09\/27\/mater-dei-aviso-amarillo-por-lluvias-y-tormentas-en-malaga-naranja-en-huelva-y-cadiz-bajadas-de-temperaturas-importante\/frio-1\/\" rel=\"attachment wp-att-6695\"><img loading=\"lazy\" class=\"aligncenter size-medium wp-image-6695\" title=\"frio 1\" src=\"\/tormentas-y-rayos\/wp-content\/uploads\/sites\/12\/2013\/09\/frio-1.jpg\" alt=\"\" width=\"553\" height=\"400\" srcset=\"https:\/\/static-blogs.diariosur.es\/wp-content\/uploads\/sites\/12\/2013\/09\/frio-1.jpg 751w, https:\/\/static-blogs.diariosur.es\/wp-content\/uploads\/sites\/12\/2013\/09\/frio-1-553x400.jpg 553w\" sizes=\"(max-width: 553px) 100vw, 553px\" \/><\/a><a href=\"https:\/\/blogs.diariosur.es\/tormentas-y-rayos\/2013\/09\/27\/mater-dei-aviso-amarillo-por-lluvias-y-tormentas-en-malaga-naranja-en-huelva-y-cadiz-bajadas-de-temperaturas-importante\/frio-2-2\/\" rel=\"attachment wp-att-6696\"><img loading=\"lazy\" class=\"aligncenter size-medium wp-image-6696\" title=\"frio 2\" src=\"\/tormentas-y-rayos\/wp-content\/uploads\/sites\/12\/2013\/09\/frio-2.jpg\" alt=\"\" width=\"529\" height=\"400\" srcset=\"https:\/\/static-blogs.diariosur.es\/wp-content\/uploads\/sites\/12\/2013\/09\/frio-2.jpg 752w, https:\/\/static-blogs.diariosur.es\/wp-content\/uploads\/sites\/12\/2013\/09\/frio-2-530x400.jpg 530w\" sizes=\"(max-width: 529px) 100vw, 529px\" \/><\/a><\/p>\n<p><strong>Os hago un peque\u00f1o resumen del jueves.<\/strong><\/p>\n<p><strong>La maxima fue de casi 30 grados y la\u00a0m\u00ednima\u00a0de 19. De nuevo tire para la playa pensando que\u00a0abr\u00eda un bonito amanecer, pero estuvo soso. Esta foto es la\u00a0\u00fanica\u00a0que\u00a0mereci\u00f3\u00a0la pena.\u00a0<\/strong><\/p>\n<p><a href=\"https:\/\/blogs.diariosur.es\/tormentas-y-rayos\/2013\/09\/27\/mater-dei-aviso-amarillo-por-lluvias-y-tormentas-en-malaga-naranja-en-huelva-y-cadiz-bajadas-de-temperaturas-importante\/a006\/\" rel=\"attachment wp-att-6689\"><img loading=\"lazy\" class=\"aligncenter size-full wp-image-6689\" title=\"A006\" src=\"\/tormentas-y-rayos\/wp-content\/uploads\/sites\/12\/2013\/09\/A006.jpg\" alt=\"\" width=\"660\" height=\"440\" srcset=\"https:\/\/static-blogs.diariosur.es\/wp-content\/uploads\/sites\/12\/2013\/09\/A006.jpg 660w, https:\/\/static-blogs.diariosur.es\/wp-content\/uploads\/sites\/12\/2013\/09\/A006-600x400.jpg 600w\" sizes=\"(max-width: 660px) 100vw, 660px\" \/><\/a><\/p>\n<p><strong>Sobre el mediodia empezaron a llegar nubes tipo cirrocumulos y altocumulus, estan nubes anuncian cambio de tiempo. Como yo estaba currando mis amigos Marilo \u00a0y Israel cazaban estos bonitos cielos en distintos puntos de M\u00e1laga.<\/strong><\/p>\n<p><strong>La primera foto es de Maril\u00f3 Di\u00e1z.<\/strong><\/p>\n<p><a href=\"https:\/\/blogs.diariosur.es\/tormentas-y-rayos\/2013\/09\/27\/mater-dei-aviso-amarillo-por-lluvias-y-tormentas-en-malaga-naranja-en-huelva-y-cadiz-bajadas-de-temperaturas-importante\/1267307_257268101064738_1647490745_o\/\" rel=\"attachment wp-att-6690\"><img loading=\"lazy\" class=\"aligncenter size-full wp-image-6690\" title=\"1267307_257268101064738_1647490745_o\" src=\"\/tormentas-y-rayos\/wp-content\/uploads\/sites\/12\/2013\/09\/1267307_257268101064738_1647490745_o.jpg\" alt=\"\" width=\"660\" height=\"495\" srcset=\"https:\/\/static-blogs.diariosur.es\/wp-content\/uploads\/sites\/12\/2013\/09\/1267307_257268101064738_1647490745_o.jpg 660w, https:\/\/static-blogs.diariosur.es\/wp-content\/uploads\/sites\/12\/2013\/09\/1267307_257268101064738_1647490745_o-533x400.jpg 533w\" sizes=\"(max-width: 660px) 100vw, 660px\" \/><\/a><strong>Y la segunda de Israel Fernandez.<\/strong><\/p>\n<p><a href=\"https:\/\/blogs.diariosur.es\/tormentas-y-rayos\/2013\/09\/27\/mater-dei-aviso-amarillo-por-lluvias-y-tormentas-en-malaga-naranja-en-huelva-y-cadiz-bajadas-de-temperaturas-importante\/1277742_10202036720548818_531483646_o\/\" rel=\"attachment wp-att-6691\"><img loading=\"lazy\" class=\"aligncenter size-full wp-image-6691\" title=\"1277742_10202036720548818_531483646_o\" src=\"\/tormentas-y-rayos\/wp-content\/uploads\/sites\/12\/2013\/09\/1277742_10202036720548818_531483646_o.jpg\" alt=\"\" width=\"660\" height=\"493\" srcset=\"https:\/\/static-blogs.diariosur.es\/wp-content\/uploads\/sites\/12\/2013\/09\/1277742_10202036720548818_531483646_o.jpg 660w, https:\/\/static-blogs.diariosur.es\/wp-content\/uploads\/sites\/12\/2013\/09\/1277742_10202036720548818_531483646_o-535x400.jpg 535w\" sizes=\"(max-width: 660px) 100vw, 660px\" \/><\/a><\/p>\n<p><strong>\u00a0Con estas dos impresionantes fotos me despido de vosotros. Ma\u00f1ana\u00a0s\u00e1bado\u00a0si puedo os\u00a0pondr\u00e9\u00a0en este mismo post una ultima hora. Que paseis un finde y que tengais suerte y se celebre el Mater Dei.<\/strong><\/p>\n","protected":false},"excerpt":{"rendered":"<p>NOTA INFORMATIVA 22:00 horas: Buenas noches amigos de la meteo. Acabo de salir del curro y os doy la \u00faltima hora de como va el frente, en estos momentos el frente ya toca la provincia malague\u00f1a como\u00a0pod\u00e9is\u00a0ver en esta imagen del radar de M\u00e1laga. &nbsp; El frente llegara a M\u00e1laga Capital dentro de unas horas, [&hellip;]<\/p>\n","protected":false},"author":16,"featured_media":6686,"comment_status":"open","ping_status":"open","sticky":false,"template":"","format":"standard","meta":[],"categories":[2],"tags":[63,94,100,151,160,316,569,587,620,676,962,996],"_links":{"self":[{"href":"https:\/\/blogs.diariosur.es\/tormentas-y-rayos\/wp-json\/wp\/v2\/posts\/6685"}],"collection":[{"href":"https:\/\/blogs.diariosur.es\/tormentas-y-rayos\/wp-json\/wp\/v2\/posts"}],"about":[{"href":"https:\/\/blogs.diariosur.es\/tormentas-y-rayos\/wp-json\/wp\/v2\/types\/post"}],"author":[{"embeddable":true,"href":"https:\/\/blogs.diariosur.es\/tormentas-y-rayos\/wp-json\/wp\/v2\/users\/16"}],"replies":[{"embeddable":true,"href":"https:\/\/blogs.diariosur.es\/tormentas-y-rayos\/wp-json\/wp\/v2\/comments?post=6685"}],"version-history":[{"count":0,"href":"https:\/\/blogs.diariosur.es\/tormentas-y-rayos\/wp-json\/wp\/v2\/posts\/6685\/revisions"}],"wp:featuredmedia":[{"embeddable":true,"href":"https:\/\/blogs.diariosur.es\/tormentas-y-rayos\/wp-json\/wp\/v2\/media\/6686"}],"wp:attachment":[{"href":"https:\/\/blogs.diariosur.es\/tormentas-y-rayos\/wp-json\/wp\/v2\/media?parent=6685"}],"wp:term":[{"taxonomy":"category","embeddable":true,"href":"https:\/\/blogs.diariosur.es\/tormentas-y-rayos\/wp-json\/wp\/v2\/categories?post=6685"},{"taxonomy":"post_tag","embeddable":true,"href":"https:\/\/blogs.diariosur.es\/tormentas-y-rayos\/wp-json\/wp\/v2\/tags?post=6685"}],"curies":[{"name":"wp","href":"https:\/\/api.w.org\/{rel}","templated":true}]}}