{"id":6703,"date":"2013-09-28T07:22:10","date_gmt":"2013-09-28T05:22:10","guid":{"rendered":"http:\/\/blogs.diariosur.es\/tormentas-y-rayos\/?p=6703"},"modified":"2013-09-28T07:22:10","modified_gmt":"2013-09-28T05:22:10","slug":"mater-dei-prevision-del-tiempo-se-quita-el-aviso-amarillo-la-probabilidad-mas-alta-de-chubascos-sera-por-el-interior","status":"publish","type":"post","link":"https:\/\/blogs.diariosur.es\/tormentas-y-rayos\/2013\/09\/28\/mater-dei-prevision-del-tiempo-se-quita-el-aviso-amarillo-la-probabilidad-mas-alta-de-chubascos-sera-por-el-interior\/","title":{"rendered":"Mater Dei. Previsi\u00f3n del tiempo. Se quita el aviso amarillo. &#8220;La probabilidad mas alta de chubascos sera por el interior&#8221;"},"content":{"rendered":"<p><strong>Buenos d\u00edas amigos de la meteo. Son las seis de la ma\u00f1ana, registro 21 grados y los cielos est\u00e1n nubosos. LLego el gran dia para muchos malague\u00f1os y \u00a0tendremos que estar atentos al cielo y mirar el radar durante todo el dia. El frente ha dejado cantidades entre los 27 litros de Ojen y los 14 que he contabilizado en mi pluvi\u00f3metro. Hace unos minutos la Aemet ha quitado el aviso amarillo por lluvias en la Provincia Malague\u00f1a.<\/strong><\/p>\n<p><a href=\"https:\/\/blogs.diariosur.es\/tormentas-y-rayos\/2013\/09\/28\/mater-dei-prevision-del-tiempo-se-quita-el-aviso-amarillo-la-probabilidad-mas-alta-de-chubascos-sera-por-el-interior\/captura-178\/\" rel=\"attachment wp-att-6710\"><img loading=\"lazy\" class=\"aligncenter size-full wp-image-6710\" title=\"Captura\" src=\"\/tormentas-y-rayos\/wp-content\/uploads\/sites\/12\/2013\/09\/Captura11.jpg\" alt=\"\" width=\"640\" height=\"426\" srcset=\"https:\/\/static-blogs.diariosur.es\/wp-content\/uploads\/sites\/12\/2013\/09\/Captura11.jpg 640w, https:\/\/static-blogs.diariosur.es\/wp-content\/uploads\/sites\/12\/2013\/09\/Captura11-601x400.jpg 601w\" sizes=\"(max-width: 640px) 100vw, 640px\" \/><\/a><\/p>\n<p><strong>En estos momentos la borrasca empieza a cruzar la\u00a0pen\u00ednsula\u00a0de oeste a este.\u00a0<\/strong><\/p>\n<p><strong>\u00a0<\/strong><a href=\"https:\/\/blogs.diariosur.es\/tormentas-y-rayos\/2013\/09\/28\/mater-dei-prevision-del-tiempo-se-quita-el-aviso-amarillo-la-probabilidad-mas-alta-de-chubascos-sera-por-el-interior\/borrasca-sabado-4\/\" rel=\"attachment wp-att-6708\"><img loading=\"lazy\" class=\"aligncenter size-medium wp-image-6708\" title=\"borrasca sabado\" src=\"\/tormentas-y-rayos\/wp-content\/uploads\/sites\/12\/2013\/09\/borrasca-sabado.jpg\" alt=\"\" width=\"579\" height=\"400\" srcset=\"https:\/\/static-blogs.diariosur.es\/wp-content\/uploads\/sites\/12\/2013\/09\/borrasca-sabado.jpg 750w, https:\/\/static-blogs.diariosur.es\/wp-content\/uploads\/sites\/12\/2013\/09\/borrasca-sabado-579x400.jpg 579w\" sizes=\"(max-width: 579px) 100vw, 579px\" \/><\/a><\/p>\n<p>&nbsp;<\/p>\n<p><strong>A su paso por la\u00a0pen\u00ednsula\u00a0generara lineas de inestabilidad, que pueden dejar chubascos\u00a0espor\u00e1dicos\u00a0 en\u00a0Andaluc\u00eda, asi como en nuestra provincia. Tendremos ratos de sol y ratos de nublado. Como os comento mas arriba, un dia para mirar el radar. Os paso la probabilidad de lluvias del modelo hirlam para\u00a0Andaluc\u00eda\u00a0y \u00a0M\u00e1laga Capital. Si os\u00a0fij\u00e1is\u00a0la mayor probabilidad se da por el interior de la provincia. Pero a ultima hora de la noche en M\u00e1laga Capital\u00a0podr\u00edan\u00a0caer chubascos.\u00a0<\/strong><\/p>\n<p><a href=\"https:\/\/blogs.diariosur.es\/tormentas-y-rayos\/2013\/09\/28\/mater-dei-prevision-del-tiempo-se-quita-el-aviso-amarillo-la-probabilidad-mas-alta-de-chubascos-sera-por-el-interior\/mmmmmm\/\" rel=\"attachment wp-att-6709\"><img loading=\"lazy\" class=\"aligncenter size-full wp-image-6709\" title=\"mmmmmm\" src=\"\/tormentas-y-rayos\/wp-content\/uploads\/sites\/12\/2013\/09\/mmmmmm.jpg\" alt=\"\" width=\"404\" height=\"1539\" srcset=\"https:\/\/static-blogs.diariosur.es\/wp-content\/uploads\/sites\/12\/2013\/09\/mmmmmm.jpg 404w, https:\/\/static-blogs.diariosur.es\/wp-content\/uploads\/sites\/12\/2013\/09\/mmmmmm-105x400.jpg 105w\" sizes=\"(max-width: 404px) 100vw, 404px\" \/><\/a><\/p>\n<p>&nbsp;<\/p>\n<p><strong>Ma\u00f1ana domingo el protagonista sera el viento, que soplara fuerte a partir del\u00a0mediod\u00eda.\u00a0Tendr\u00e1\u00a0componente noroeste, es decir terral de oto\u00f1o. En la zona del Rinc\u00f3n sera poniente y se notara mas la bajada de temperaturas. Tambien se puede dar chubascos por el interior de la provincia.<\/strong><\/p>\n<p>&nbsp;<\/p>\n<p><strong>Os hago un peque\u00f1o resumen de ayer viernes amigos de la meteo.<\/strong><\/p>\n<p><strong>La maxima fue de 27 grados y la\u00a0m\u00ednima\u00a0de casi 20.\u00a0Despu\u00e9s\u00a0de actualizar el blog tire para la playa,\u00a0all\u00ed\u00a0me\u00a0encontr\u00e9\u00a0con Joaquin, Pedro, y una gran sorpresa, nuestro gran\u00a0fot\u00f3grafo\u00a0Eloy que iba acompa\u00f1ado de su novia. Solo pude estar un ratito con todos ellos ,ya que entraba al curro. Os paso una foto que tome nada mas llegar.<\/strong><\/p>\n<p><a href=\"https:\/\/blogs.diariosur.es\/tormentas-y-rayos\/2013\/09\/28\/mater-dei-prevision-del-tiempo-se-quita-el-aviso-amarillo-la-probabilidad-mas-alta-de-chubascos-sera-por-el-interior\/olympus-digital-camera-1477\/\" rel=\"attachment wp-att-6704\"><img loading=\"lazy\" class=\"aligncenter size-full wp-image-6704\" title=\"OLYMPUS DIGITAL CAMERA\" src=\"\/tormentas-y-rayos\/wp-content\/uploads\/sites\/12\/2013\/09\/A018.jpg\" alt=\"\" width=\"660\" height=\"495\" srcset=\"https:\/\/static-blogs.diariosur.es\/wp-content\/uploads\/sites\/12\/2013\/09\/A018.jpg 660w, https:\/\/static-blogs.diariosur.es\/wp-content\/uploads\/sites\/12\/2013\/09\/A018-533x400.jpg 533w\" sizes=\"(max-width: 660px) 100vw, 660px\" \/><\/a><\/p>\n<p><strong>Antes de salir el sol cogi la moto y tire para el curro. Nada mas llegar el cielo se puso impresionante como\u00a0pod\u00e9is\u00a0ver en esta foto.<\/strong><\/p>\n<p><a href=\"https:\/\/blogs.diariosur.es\/tormentas-y-rayos\/2013\/09\/28\/mater-dei-prevision-del-tiempo-se-quita-el-aviso-amarillo-la-probabilidad-mas-alta-de-chubascos-sera-por-el-interior\/olympus-digital-camera-1478\/\" rel=\"attachment wp-att-6705\"><img loading=\"lazy\" class=\"aligncenter size-full wp-image-6705\" title=\"OLYMPUS DIGITAL CAMERA\" src=\"\/tormentas-y-rayos\/wp-content\/uploads\/sites\/12\/2013\/09\/A024.jpg\" alt=\"\" width=\"660\" height=\"495\" srcset=\"https:\/\/static-blogs.diariosur.es\/wp-content\/uploads\/sites\/12\/2013\/09\/A024.jpg 660w, https:\/\/static-blogs.diariosur.es\/wp-content\/uploads\/sites\/12\/2013\/09\/A024-533x400.jpg 533w\" sizes=\"(max-width: 660px) 100vw, 660px\" \/><\/a><\/p>\n<p><strong>Pero mas impresionante fue ver esa misma nube desde la playa. Nuestro cazador de amaneceres Pedro Toro Palomo la inmortalizo desde la Playa de la Misericordia, ole por Pedro.<\/strong><\/p>\n<p><a href=\"https:\/\/blogs.diariosur.es\/tormentas-y-rayos\/2013\/09\/28\/mater-dei-prevision-del-tiempo-se-quita-el-aviso-amarillo-la-probabilidad-mas-alta-de-chubascos-sera-por-el-interior\/1278932_861328220550778_130326066_o\/\" rel=\"attachment wp-att-6706\"><img loading=\"lazy\" class=\"aligncenter size-full wp-image-6706\" title=\"1278932_861328220550778_130326066_o\" src=\"\/tormentas-y-rayos\/wp-content\/uploads\/sites\/12\/2013\/09\/1278932_861328220550778_130326066_o.jpg\" alt=\"\" width=\"660\" height=\"439\" srcset=\"https:\/\/static-blogs.diariosur.es\/wp-content\/uploads\/sites\/12\/2013\/09\/1278932_861328220550778_130326066_o.jpg 660w, https:\/\/static-blogs.diariosur.es\/wp-content\/uploads\/sites\/12\/2013\/09\/1278932_861328220550778_130326066_o-601x400.jpg 601w\" sizes=\"(max-width: 660px) 100vw, 660px\" \/><\/a><\/p>\n<p><strong>En la hora de la comida, ademas de poner una nota informativa en el post, tambien me dio tiempo antes de entrar de nuevo al curro de fotografiar los cielos malague\u00f1os tan\u00a0ca\u00f3ticos\u00a0 cuando eran las cinco y media de la tarde.<\/strong><\/p>\n<p><a href=\"https:\/\/blogs.diariosur.es\/tormentas-y-rayos\/2013\/09\/28\/mater-dei-prevision-del-tiempo-se-quita-el-aviso-amarillo-la-probabilidad-mas-alta-de-chubascos-sera-por-el-interior\/olympus-digital-camera-1479\/\" rel=\"attachment wp-att-6707\"><img loading=\"lazy\" class=\"aligncenter size-full wp-image-6707\" title=\"OLYMPUS DIGITAL CAMERA\" src=\"\/tormentas-y-rayos\/wp-content\/uploads\/sites\/12\/2013\/09\/A025.jpg\" alt=\"\" width=\"660\" height=\"495\" srcset=\"https:\/\/static-blogs.diariosur.es\/wp-content\/uploads\/sites\/12\/2013\/09\/A025.jpg 660w, https:\/\/static-blogs.diariosur.es\/wp-content\/uploads\/sites\/12\/2013\/09\/A025-533x400.jpg 533w\" sizes=\"(max-width: 660px) 100vw, 660px\" \/><\/a><\/p>\n<p>&nbsp;<\/p>\n<p><strong>Os dejo que hoy me espera un dia largo en el trabajo. Hasta ma\u00f1ana o hasta el lunes.<\/strong><\/p>\n","protected":false},"excerpt":{"rendered":"<p>Buenos d\u00edas amigos de la meteo. Son las seis de la ma\u00f1ana, registro 21 grados y los cielos est\u00e1n nubosos. LLego el gran dia para muchos malague\u00f1os y \u00a0tendremos que estar atentos al cielo y mirar el radar durante todo el dia. El frente ha dejado cantidades entre los 27 litros de Ojen y los [&hellip;]<\/p>\n","protected":false},"author":16,"featured_media":6708,"comment_status":"open","ping_status":"open","sticky":false,"template":"","format":"standard","meta":[],"categories":[2],"tags":[412,621,809,980],"_links":{"self":[{"href":"https:\/\/blogs.diariosur.es\/tormentas-y-rayos\/wp-json\/wp\/v2\/posts\/6703"}],"collection":[{"href":"https:\/\/blogs.diariosur.es\/tormentas-y-rayos\/wp-json\/wp\/v2\/posts"}],"about":[{"href":"https:\/\/blogs.diariosur.es\/tormentas-y-rayos\/wp-json\/wp\/v2\/types\/post"}],"author":[{"embeddable":true,"href":"https:\/\/blogs.diariosur.es\/tormentas-y-rayos\/wp-json\/wp\/v2\/users\/16"}],"replies":[{"embeddable":true,"href":"https:\/\/blogs.diariosur.es\/tormentas-y-rayos\/wp-json\/wp\/v2\/comments?post=6703"}],"version-history":[{"count":0,"href":"https:\/\/blogs.diariosur.es\/tormentas-y-rayos\/wp-json\/wp\/v2\/posts\/6703\/revisions"}],"wp:featuredmedia":[{"embeddable":true,"href":"https:\/\/blogs.diariosur.es\/tormentas-y-rayos\/wp-json\/wp\/v2\/media\/6708"}],"wp:attachment":[{"href":"https:\/\/blogs.diariosur.es\/tormentas-y-rayos\/wp-json\/wp\/v2\/media?parent=6703"}],"wp:term":[{"taxonomy":"category","embeddable":true,"href":"https:\/\/blogs.diariosur.es\/tormentas-y-rayos\/wp-json\/wp\/v2\/categories?post=6703"},{"taxonomy":"post_tag","embeddable":true,"href":"https:\/\/blogs.diariosur.es\/tormentas-y-rayos\/wp-json\/wp\/v2\/tags?post=6703"}],"curies":[{"name":"wp","href":"https:\/\/api.w.org\/{rel}","templated":true}]}}