{"id":6712,"date":"2013-09-30T06:55:11","date_gmt":"2013-09-30T04:55:11","guid":{"rendered":"http:\/\/blogs.diariosur.es\/tormentas-y-rayos\/?p=6712"},"modified":"2013-09-30T06:55:11","modified_gmt":"2013-09-30T04:55:11","slug":"ya-huele-a-castanas-y-a-otono-borrasca-a-la-vista-manana-martes-estoy-en-el-programa-el-despertador-de-radio-victoria","status":"publish","type":"post","link":"https:\/\/blogs.diariosur.es\/tormentas-y-rayos\/2013\/09\/30\/ya-huele-a-castanas-y-a-otono-borrasca-a-la-vista-manana-martes-estoy-en-el-programa-el-despertador-de-radio-victoria\/","title":{"rendered":"Ya huele a casta\u00f1as y a Oto\u00f1o. Borrasca a la vista.  Ma\u00f1ana martes estoy en el programa el Despertador de Radio Victoria."},"content":{"rendered":"<p><strong>Buenos d\u00edas amigos de la meteo. Son las seis de la ma\u00f1ana, registro 23 grados y los cielos est\u00e1n algo nubosos.<\/strong><\/p>\n<p><strong>\u00a0Ma\u00f1ana martes a las nueve y treinta minutos, mi amigo Roberto L\u00f3pez que lleva el programa de radio El Despertador me har\u00e1 una entrevista y charlaremos sobre el oto\u00f1o. El dial es Radio Victoria 107.1.<\/strong><\/p>\n<p><strong>As\u00ed es amigos ya huele a oto\u00f1o. Aunque aun hace calorcillo, los puestos casta\u00f1as ya son protagonistas en muchos puntos de la provincia malague\u00f1a. Y que me\u00a0dec\u00eds\u00a0el olor a tierra mojada que tuvimos el dia pasado.\u00a0<\/strong><strong>El chaparr\u00f3n de la madrugada del s\u00e1bado y los cielos tan oto\u00f1ales que hemos tenido, a mi me han cargado las pilas. Os paso unas fotos de ayer domingo y <span style=\"color: #ff00ff;\">luego hablamos un poco de la previsi\u00f3n para estos primeros d\u00edas de Octubre que tenemos borrasca a la vista.<\/span><\/strong><\/p>\n<p><strong>La m\u00e1xima del domingo fue de 28 grados, la verdad que yo esperaba que bajara un poco mas. Pero el terral de oto\u00f1o hizo de las suyas. Yo pensaba que a 850 hpa (1500 m ) las\u00a0temperaturas\u00a0estar\u00edan\u00a0mas bajas. En cambio por el norte peninsular que la semana pasada llegaban a los 30 o mas, ayer no pasaron de 20 grados.<\/strong><\/p>\n<p><strong>Lo primero que hice el domingo es tirar para la playa, y fotografiar este impresionante amanecer.<\/strong><\/p>\n<p><a href=\"https:\/\/blogs.diariosur.es\/tormentas-y-rayos\/2013\/09\/30\/ya-huele-a-castanas-y-a-otono-borrasca-a-la-vista-manana-martes-estoy-en-el-programa-el-despertador-de-radio-victoria\/olympus-digital-camera-1480\/\" rel=\"attachment wp-att-6713\"><img loading=\"lazy\" class=\"aligncenter size-full wp-image-6713\" title=\"OLYMPUS DIGITAL CAMERA\" src=\"\/tormentas-y-rayos\/wp-content\/uploads\/sites\/12\/2013\/09\/A047.jpg\" alt=\"\" width=\"660\" height=\"495\" srcset=\"https:\/\/static-blogs.diariosur.es\/wp-content\/uploads\/sites\/12\/2013\/09\/A047.jpg 660w, https:\/\/static-blogs.diariosur.es\/wp-content\/uploads\/sites\/12\/2013\/09\/A047-533x400.jpg 533w\" sizes=\"(max-width: 660px) 100vw, 660px\" \/><\/a><\/p>\n<p><strong>Mas tarde cog\u00ed la moto y me fui para\u00a0T\u00e9rmica\u00a0, all\u00ed me esperaba esta guapa modelo.<\/strong><\/p>\n<p><a href=\"https:\/\/blogs.diariosur.es\/tormentas-y-rayos\/2013\/09\/30\/ya-huele-a-castanas-y-a-otono-borrasca-a-la-vista-manana-martes-estoy-en-el-programa-el-despertador-de-radio-victoria\/olympus-digital-camera-1481\/\" rel=\"attachment wp-att-6714\"><img loading=\"lazy\" class=\"aligncenter size-full wp-image-6714\" title=\"OLYMPUS DIGITAL CAMERA\" src=\"\/tormentas-y-rayos\/wp-content\/uploads\/sites\/12\/2013\/09\/A057.jpg\" alt=\"\" width=\"660\" height=\"581\" srcset=\"https:\/\/static-blogs.diariosur.es\/wp-content\/uploads\/sites\/12\/2013\/09\/A057.jpg 660w, https:\/\/static-blogs.diariosur.es\/wp-content\/uploads\/sites\/12\/2013\/09\/A057-454x400.jpg 454w\" sizes=\"(max-width: 660px) 100vw, 660px\" \/><\/a><\/p>\n<p><strong>Como no quiso ligar conmigo me fui solo para el Espig\u00f3n de la T\u00e9rmica jejeje.<\/strong><\/p>\n<p><a href=\"https:\/\/blogs.diariosur.es\/tormentas-y-rayos\/2013\/09\/30\/ya-huele-a-castanas-y-a-otono-borrasca-a-la-vista-manana-martes-estoy-en-el-programa-el-despertador-de-radio-victoria\/olympus-digital-camera-1482\/\" rel=\"attachment wp-att-6715\"><img loading=\"lazy\" class=\"aligncenter size-full wp-image-6715\" title=\"OLYMPUS DIGITAL CAMERA\" src=\"\/tormentas-y-rayos\/wp-content\/uploads\/sites\/12\/2013\/09\/A062.jpg\" alt=\"\" width=\"660\" height=\"495\" srcset=\"https:\/\/static-blogs.diariosur.es\/wp-content\/uploads\/sites\/12\/2013\/09\/A062.jpg 660w, https:\/\/static-blogs.diariosur.es\/wp-content\/uploads\/sites\/12\/2013\/09\/A062-533x400.jpg 533w\" sizes=\"(max-width: 660px) 100vw, 660px\" \/><\/a><\/p>\n<p>&nbsp;<\/p>\n<p><strong>No sab\u00e9is lo que disfruto con estos cielos, fijaros que luz tan bonita oto\u00f1al ten\u00edamos el domingo.\u00a0<\/strong><\/p>\n<p>&nbsp;<\/p>\n<p><a href=\"https:\/\/blogs.diariosur.es\/tormentas-y-rayos\/2013\/09\/30\/ya-huele-a-castanas-y-a-otono-borrasca-a-la-vista-manana-martes-estoy-en-el-programa-el-despertador-de-radio-victoria\/olympus-digital-camera-1485\/\" rel=\"attachment wp-att-6718\"><img loading=\"lazy\" class=\"aligncenter size-full wp-image-6718\" title=\"OLYMPUS DIGITAL CAMERA\" src=\"\/tormentas-y-rayos\/wp-content\/uploads\/sites\/12\/2013\/09\/A067_1.jpg\" alt=\"\" width=\"660\" height=\"495\" srcset=\"https:\/\/static-blogs.diariosur.es\/wp-content\/uploads\/sites\/12\/2013\/09\/A067_1.jpg 660w, https:\/\/static-blogs.diariosur.es\/wp-content\/uploads\/sites\/12\/2013\/09\/A067_1-533x400.jpg 533w\" sizes=\"(max-width: 660px) 100vw, 660px\" \/><\/a><\/p>\n<p>&nbsp;<\/p>\n<p><a href=\"https:\/\/blogs.diariosur.es\/tormentas-y-rayos\/2013\/09\/30\/ya-huele-a-castanas-y-a-otono-borrasca-a-la-vista-manana-martes-estoy-en-el-programa-el-despertador-de-radio-victoria\/olympus-digital-camera-1486\/\" rel=\"attachment wp-att-6719\"><img loading=\"lazy\" class=\"aligncenter size-full wp-image-6719\" title=\"OLYMPUS DIGITAL CAMERA\" src=\"\/tormentas-y-rayos\/wp-content\/uploads\/sites\/12\/2013\/09\/A068_1.jpg\" alt=\"\" width=\"660\" height=\"495\" srcset=\"https:\/\/static-blogs.diariosur.es\/wp-content\/uploads\/sites\/12\/2013\/09\/A068_1.jpg 660w, https:\/\/static-blogs.diariosur.es\/wp-content\/uploads\/sites\/12\/2013\/09\/A068_1-533x400.jpg 533w\" sizes=\"(max-width: 660px) 100vw, 660px\" \/><\/a><\/p>\n<p><strong>Sobre las seis y media de la tarde el cielo se puso ca\u00f3tico, me encanta este cielo de cumulus mediocris y fractus..<\/strong><\/p>\n<p><a href=\"https:\/\/blogs.diariosur.es\/tormentas-y-rayos\/2013\/09\/30\/ya-huele-a-castanas-y-a-otono-borrasca-a-la-vista-manana-martes-estoy-en-el-programa-el-despertador-de-radio-victoria\/olympus-digital-camera-1487\/\" rel=\"attachment wp-att-6720\"><img loading=\"lazy\" class=\"aligncenter size-full wp-image-6720\" title=\"OLYMPUS DIGITAL CAMERA\" src=\"\/tormentas-y-rayos\/wp-content\/uploads\/sites\/12\/2013\/09\/A073.jpg\" alt=\"\" width=\"660\" height=\"508\" srcset=\"https:\/\/static-blogs.diariosur.es\/wp-content\/uploads\/sites\/12\/2013\/09\/A073.jpg 660w, https:\/\/static-blogs.diariosur.es\/wp-content\/uploads\/sites\/12\/2013\/09\/A073-520x400.jpg 520w\" sizes=\"(max-width: 660px) 100vw, 660px\" \/><\/a><\/p>\n<p><a href=\"https:\/\/blogs.diariosur.es\/tormentas-y-rayos\/2013\/09\/30\/ya-huele-a-castanas-y-a-otono-borrasca-a-la-vista-manana-martes-estoy-en-el-programa-el-despertador-de-radio-victoria\/olympus-digital-camera-1488\/\" rel=\"attachment wp-att-6721\"><img loading=\"lazy\" class=\"aligncenter size-full wp-image-6721\" title=\"OLYMPUS DIGITAL CAMERA\" src=\"\/tormentas-y-rayos\/wp-content\/uploads\/sites\/12\/2013\/09\/A074.jpg\" alt=\"\" width=\"660\" height=\"495\" srcset=\"https:\/\/static-blogs.diariosur.es\/wp-content\/uploads\/sites\/12\/2013\/09\/A074.jpg 660w, https:\/\/static-blogs.diariosur.es\/wp-content\/uploads\/sites\/12\/2013\/09\/A074-533x400.jpg 533w\" sizes=\"(max-width: 660px) 100vw, 660px\" \/><\/a><\/p>\n<p><strong>Como todos los a\u00f1os y nada mas que empiezan los puestos de casta\u00f1as les hago una foto. Mi amigo Chavez, su se\u00f1ora y su hija me\u00a0permiten\u00a0que les haga siempre en estas fechas una foto. Gracias familia.<\/strong><\/p>\n<p><a href=\"https:\/\/blogs.diariosur.es\/tormentas-y-rayos\/2013\/09\/30\/ya-huele-a-castanas-y-a-otono-borrasca-a-la-vista-manana-martes-estoy-en-el-programa-el-despertador-de-radio-victoria\/olympus-digital-camera-1489\/\" rel=\"attachment wp-att-6722\"><img loading=\"lazy\" class=\"aligncenter size-full wp-image-6722\" title=\"OLYMPUS DIGITAL CAMERA\" src=\"\/tormentas-y-rayos\/wp-content\/uploads\/sites\/12\/2013\/09\/A076.jpg\" alt=\"\" width=\"660\" height=\"495\" srcset=\"https:\/\/static-blogs.diariosur.es\/wp-content\/uploads\/sites\/12\/2013\/09\/A076.jpg 660w, https:\/\/static-blogs.diariosur.es\/wp-content\/uploads\/sites\/12\/2013\/09\/A076-533x400.jpg 533w\" sizes=\"(max-width: 660px) 100vw, 660px\" \/><\/a><\/p>\n<p><strong>Sobre las site y media de la tarde al ponerse el sol dejo tambien unos cielos muy bonitos.\u00a0<\/strong><\/p>\n<p><a href=\"https:\/\/blogs.diariosur.es\/tormentas-y-rayos\/2013\/09\/30\/ya-huele-a-castanas-y-a-otono-borrasca-a-la-vista-manana-martes-estoy-en-el-programa-el-despertador-de-radio-victoria\/olympus-digital-camera-1490\/\" rel=\"attachment wp-att-6723\"><img loading=\"lazy\" class=\"aligncenter size-full wp-image-6723\" title=\"OLYMPUS DIGITAL CAMERA\" src=\"\/tormentas-y-rayos\/wp-content\/uploads\/sites\/12\/2013\/09\/A077.jpg\" alt=\"\" width=\"480\" height=\"640\" srcset=\"https:\/\/static-blogs.diariosur.es\/wp-content\/uploads\/sites\/12\/2013\/09\/A077.jpg 480w, https:\/\/static-blogs.diariosur.es\/wp-content\/uploads\/sites\/12\/2013\/09\/A077-300x400.jpg 300w\" sizes=\"(max-width: 480px) 100vw, 480px\" \/><\/a><\/p>\n<p><strong>Incluso se dejaron ver algunos lenticularis debido al viento de terral de oto\u00f1o. Mas tarde estos lenticularis cogieron un color muy especial.<\/strong><\/p>\n<p><a href=\"https:\/\/blogs.diariosur.es\/tormentas-y-rayos\/2013\/09\/30\/ya-huele-a-castanas-y-a-otono-borrasca-a-la-vista-manana-martes-estoy-en-el-programa-el-despertador-de-radio-victoria\/olympus-digital-camera-1491\/\" rel=\"attachment wp-att-6724\"><img loading=\"lazy\" class=\"aligncenter size-full wp-image-6724\" title=\"OLYMPUS DIGITAL CAMERA\" src=\"\/tormentas-y-rayos\/wp-content\/uploads\/sites\/12\/2013\/09\/A080.jpg\" alt=\"\" width=\"660\" height=\"495\" srcset=\"https:\/\/static-blogs.diariosur.es\/wp-content\/uploads\/sites\/12\/2013\/09\/A080.jpg 660w, https:\/\/static-blogs.diariosur.es\/wp-content\/uploads\/sites\/12\/2013\/09\/A080-533x400.jpg 533w\" sizes=\"(max-width: 660px) 100vw, 660px\" \/><\/a><\/p>\n<p><a href=\"https:\/\/blogs.diariosur.es\/tormentas-y-rayos\/2013\/09\/30\/ya-huele-a-castanas-y-a-otono-borrasca-a-la-vista-manana-martes-estoy-en-el-programa-el-despertador-de-radio-victoria\/olympus-digital-camera-1492\/\" rel=\"attachment wp-att-6725\"><img loading=\"lazy\" class=\"aligncenter size-full wp-image-6725\" title=\"OLYMPUS DIGITAL CAMERA\" src=\"\/tormentas-y-rayos\/wp-content\/uploads\/sites\/12\/2013\/09\/A086.jpg\" alt=\"\" width=\"660\" height=\"495\" srcset=\"https:\/\/static-blogs.diariosur.es\/wp-content\/uploads\/sites\/12\/2013\/09\/A086.jpg 660w, https:\/\/static-blogs.diariosur.es\/wp-content\/uploads\/sites\/12\/2013\/09\/A086-533x400.jpg 533w\" sizes=\"(max-width: 660px) 100vw, 660px\" \/><\/a><\/p>\n<p>&nbsp;<\/p>\n<p><span style=\"color: #ff0000;\"><strong>PREVISI\u00d3N DEL TIEMPO:<\/strong><\/span><\/p>\n<p><span style=\"color: #0000ff;\"><strong>Seguimos bajo la influencia de una borrasca muy potente que esta en el Atl\u00e1ntico. Fuente Aemet Hirlam<\/strong><\/span><\/p>\n<p><span style=\"color: #0000ff;\"><a href=\"https:\/\/blogs.diariosur.es\/tormentas-y-rayos\/2013\/09\/30\/ya-huele-a-castanas-y-a-otono-borrasca-a-la-vista-manana-martes-estoy-en-el-programa-el-despertador-de-radio-victoria\/suprefiie\/\" rel=\"attachment wp-att-6726\"><span style=\"color: #0000ff;\"><img loading=\"lazy\" class=\"aligncenter size-medium wp-image-6726\" title=\"suprefiie\" src=\"\/tormentas-y-rayos\/wp-content\/uploads\/sites\/12\/2013\/09\/suprefiie.jpg\" alt=\"\" width=\"570\" height=\"400\" srcset=\"https:\/\/static-blogs.diariosur.es\/wp-content\/uploads\/sites\/12\/2013\/09\/suprefiie.jpg 749w, https:\/\/static-blogs.diariosur.es\/wp-content\/uploads\/sites\/12\/2013\/09\/suprefiie-571x400.jpg 571w\" sizes=\"(max-width: 570px) 100vw, 570px\" \/><\/span><\/a><\/span><\/p>\n<p><span style=\"color: #0000ff;\"><strong>Seguir\u00e1 mandando a la\u00a0pen\u00ednsula\u00a0l\u00edneas de inestabilidad, pero donde mas lluvia se espera hoy lunes es la provincia de C\u00e1ceres , Toledo, Ciudad Real , Comunidad de Madrid y Salamanca. Por este motivo la Aemet activa el aviso amarillo en esta zona. Os paso una imagen reciente del eumetsat. Fuente meteogalicia y Aemet<\/strong><\/span><\/p>\n<p><span style=\"color: #0000ff;\"><a href=\"https:\/\/blogs.diariosur.es\/tormentas-y-rayos\/2013\/09\/30\/ya-huele-a-castanas-y-a-otono-borrasca-a-la-vista-manana-martes-estoy-en-el-programa-el-despertador-de-radio-victoria\/20130930041000_avi_hoy\/\" rel=\"attachment wp-att-6728\"><span style=\"color: #0000ff;\"><img loading=\"lazy\" class=\"aligncenter size-full wp-image-6728\" title=\"20130930041000_avi_hoy\" src=\"\/tormentas-y-rayos\/wp-content\/uploads\/sites\/12\/2013\/09\/20130930041000_avi_hoy.png\" alt=\"\" width=\"500\" height=\"334\" \/><\/span><\/a><\/span><\/p>\n<p>&nbsp;<\/p>\n<p>&nbsp;<\/p>\n<p><span style=\"color: #0000ff;\"><a href=\"https:\/\/blogs.diariosur.es\/tormentas-y-rayos\/2013\/09\/30\/ya-huele-a-castanas-y-a-otono-borrasca-a-la-vista-manana-martes-estoy-en-el-programa-el-despertador-de-radio-victoria\/imagen-lunes\/\" rel=\"attachment wp-att-6727\"><span style=\"color: #0000ff;\"><img loading=\"lazy\" class=\"aligncenter size-medium wp-image-6727\" title=\"imagen lunes\" src=\"\/tormentas-y-rayos\/wp-content\/uploads\/sites\/12\/2013\/09\/imagen-lunes.jpg\" alt=\"\" width=\"579\" height=\"400\" srcset=\"https:\/\/static-blogs.diariosur.es\/wp-content\/uploads\/sites\/12\/2013\/09\/imagen-lunes.jpg 750w, https:\/\/static-blogs.diariosur.es\/wp-content\/uploads\/sites\/12\/2013\/09\/imagen-lunes-579x400.jpg 579w\" sizes=\"(max-width: 579px) 100vw, 579px\" \/><\/span><\/a><\/span><\/p>\n<p>&nbsp;<\/p>\n<p>&nbsp;<\/p>\n<p><span style=\"color: #0000ff;\"><strong>En Andaluc\u00eda Occidental se pueden registrar chubascos, los vientos en esta zona soplaran del suroeste con rachas moderadas. En nuestra provincia malague\u00f1a las nubes medias y altas de nuevo\u00a0ser\u00e1n\u00a0las protagonistas. Por el interior se pueden escapar algunas gotas y el viento de terral de oto\u00f1o\u00a0seguir\u00e1\u00a0soplando.<\/strong><\/span><\/p>\n<p><strong><span style=\"color: #0000ff;\">Ma\u00f1ana martes\u00a0sera \u00a0parecido al lunes, \u00a0aunque con menos probabilidad de lluvias. Las temperaturas\u00a0subir\u00e1n\u00a0y de momento no espero fr\u00edo. En M\u00e1laga\u00a0seguir\u00e1\u00a0soplando \u00a0terral de oto\u00f1o que\u00a0har\u00e1\u00a0que las\u00a0m\u00e1ximas\u00a0ronden los 28 y 29 grados.\u00a0<\/span><\/strong><\/p>\n<p><span style=\"color: #0000ff;\"><strong>Poco mas que contar amigos de la meteo. El\u00a0mi\u00e9rcoles\u00a0abrir\u00e9\u00a0otro post, y hablaremos de esta borrasca que parece que se quiere acercar a partir del jueves. Os dejo con esta preciosa foto de mi amiga Maria Canals Esteva. ES una puesta de sol desde la Playa de Ciudad Jard\u00edn en Palma de Mallorca.<\/strong><\/span><\/p>\n<p><a href=\"https:\/\/blogs.diariosur.es\/tormentas-y-rayos\/2013\/09\/30\/ya-huele-a-castanas-y-a-otono-borrasca-a-la-vista-manana-martes-estoy-en-el-programa-el-despertador-de-radio-victoria\/a1380293_585941828120760_946621930_n\/\" rel=\"attachment wp-att-6729\"><img loading=\"lazy\" class=\"aligncenter size-full wp-image-6729\" title=\"A1380293_585941828120760_946621930_n\" src=\"\/tormentas-y-rayos\/wp-content\/uploads\/sites\/12\/2013\/09\/A1380293_585941828120760_946621930_n.jpg\" alt=\"\" width=\"660\" height=\"492\" srcset=\"https:\/\/static-blogs.diariosur.es\/wp-content\/uploads\/sites\/12\/2013\/09\/A1380293_585941828120760_946621930_n.jpg 660w, https:\/\/static-blogs.diariosur.es\/wp-content\/uploads\/sites\/12\/2013\/09\/A1380293_585941828120760_946621930_n-537x400.jpg 537w\" sizes=\"(max-width: 660px) 100vw, 660px\" \/><\/a><\/p>\n<p>&nbsp;<\/p>\n<p>&nbsp;<\/p>\n","protected":false},"excerpt":{"rendered":"<p>Buenos d\u00edas amigos de la meteo. Son las seis de la ma\u00f1ana, registro 23 grados y los cielos est\u00e1n algo nubosos. \u00a0Ma\u00f1ana martes a las nueve y treinta minutos, mi amigo Roberto L\u00f3pez que lleva el programa de radio El Despertador me har\u00e1 una entrevista y charlaremos sobre el oto\u00f1o. El dial es Radio Victoria [&hellip;]<\/p>\n","protected":false},"author":16,"featured_media":6722,"comment_status":"open","ping_status":"open","sticky":false,"template":"","format":"standard","meta":[],"categories":[2],"tags":[188,231,353,488,744,843,868],"_links":{"self":[{"href":"https:\/\/blogs.diariosur.es\/tormentas-y-rayos\/wp-json\/wp\/v2\/posts\/6712"}],"collection":[{"href":"https:\/\/blogs.diariosur.es\/tormentas-y-rayos\/wp-json\/wp\/v2\/posts"}],"about":[{"href":"https:\/\/blogs.diariosur.es\/tormentas-y-rayos\/wp-json\/wp\/v2\/types\/post"}],"author":[{"embeddable":true,"href":"https:\/\/blogs.diariosur.es\/tormentas-y-rayos\/wp-json\/wp\/v2\/users\/16"}],"replies":[{"embeddable":true,"href":"https:\/\/blogs.diariosur.es\/tormentas-y-rayos\/wp-json\/wp\/v2\/comments?post=6712"}],"version-history":[{"count":0,"href":"https:\/\/blogs.diariosur.es\/tormentas-y-rayos\/wp-json\/wp\/v2\/posts\/6712\/revisions"}],"wp:featuredmedia":[{"embeddable":true,"href":"https:\/\/blogs.diariosur.es\/tormentas-y-rayos\/wp-json\/wp\/v2\/media\/6722"}],"wp:attachment":[{"href":"https:\/\/blogs.diariosur.es\/tormentas-y-rayos\/wp-json\/wp\/v2\/media?parent=6712"}],"wp:term":[{"taxonomy":"category","embeddable":true,"href":"https:\/\/blogs.diariosur.es\/tormentas-y-rayos\/wp-json\/wp\/v2\/categories?post=6712"},{"taxonomy":"post_tag","embeddable":true,"href":"https:\/\/blogs.diariosur.es\/tormentas-y-rayos\/wp-json\/wp\/v2\/tags?post=6712"}],"curies":[{"name":"wp","href":"https:\/\/api.w.org\/{rel}","templated":true}]}}