{"id":7427,"date":"2013-12-23T07:28:22","date_gmt":"2013-12-23T06:28:22","guid":{"rendered":"http:\/\/blogs.diariosur.es\/tormentas-y-rayos\/?p=7427"},"modified":"2013-12-23T07:28:22","modified_gmt":"2013-12-23T06:28:22","slug":"ultima-hora-ciclogenesis-explosiva-dirk-traera-lluvias-y-fuertes-vientos-hoy-en-nochebuena-y-navidad-a-toda-la-peninsula","status":"publish","type":"post","link":"https:\/\/blogs.diariosur.es\/tormentas-y-rayos\/2013\/12\/23\/ultima-hora-ciclogenesis-explosiva-dirk-traera-lluvias-y-fuertes-vientos-hoy-en-nochebuena-y-navidad-a-toda-la-peninsula\/","title":{"rendered":"Ultima hora. Ciclog\u00e9nesis explosiva ( Dirk), traer\u00e1 lluvias y fuertes vientos hoy, en Nochebuena y Navidad a toda la pen\u00ednsula."},"content":{"rendered":"<p><span style=\"color: #ff0000;\"><strong><a href=\"https:\/\/blogs.diariosur.es\/tormentas-y-rayos\/wp-admin\/post.php?post=7436&#038;action=edit&#038;message=1\">ACTUALIZACI\u00d3N 24-12-2013\u00a0<\/a><\/strong><\/span><\/p>\n<p>&nbsp;<\/p>\n<p>&nbsp;<\/p>\n<p><a href=\"https:\/\/blogs.diariosur.es\/tormentas-y-rayos\/2013\/12\/23\/ultima-hora-ciclogenesis-explosiva-dirk-traera-lluvias-y-fuertes-vientos-hoy-en-nochebuena-y-navidad-a-toda-la-peninsula\/captura-217\/\" rel=\"attachment wp-att-7435\"><img loading=\"lazy\" class=\"aligncenter size-thumbnail wp-image-7435\" title=\"Captura\" src=\"\/tormentas-y-rayos\/wp-content\/uploads\/sites\/12\/2013\/12\/Captura10-150x150.jpg\" alt=\"\" width=\"150\" height=\"150\" \/><\/a><\/p>\n<p>&nbsp;<\/p>\n<p><strong>Buenos dias amigos de la meteo. Son las seis de la ma\u00f1ana, registro 11 grados y los cielos est\u00e1n despejados aunque con bancos de nieblas.<\/strong><\/p>\n<p><strong>Se confirman los\u00a0pron\u00f3sticos\u00a0y el dia de Nochebuena y Navidad la lluvia acompa\u00f1ada de fuertes \u00a0vientos ser\u00e1n los protagonistas. Durante hoy lunes y ma\u00f1ana martes se\u00a0producir\u00e1\u00a0una bestial\u00a0 <span style=\"color: #ff00ff;\">ciclog\u00e9nesis explosiva<\/span>\u00a0en el\u00a0Atl\u00e1ntico\u00a0Norte. \u00a0Como muchos\u00a0sab\u00e9is\u00a0una ciclog\u00e9nesis es una bajada de\u00a0presi\u00f3n en poco tiempo. Os paso estos mapas del modelo gfs fuente meteociel y lo\u00a0entender\u00e9is\u00a0mejor.<\/strong><\/p>\n<p><a href=\"https:\/\/blogs.diariosur.es\/tormentas-y-rayos\/2013\/12\/23\/ultima-hora-ciclogenesis-explosiva-dirk-traera-lluvias-y-fuertes-vientos-hoy-en-nochebuena-y-navidad-a-toda-la-peninsula\/1-vert-11\/\" rel=\"attachment wp-att-7428\"><img loading=\"lazy\" class=\"aligncenter size-full wp-image-7428\" title=\"1-vert\" src=\"\/tormentas-y-rayos\/wp-content\/uploads\/sites\/12\/2013\/12\/1-vert.jpg\" alt=\"\" width=\"660\" height=\"1641\" srcset=\"https:\/\/static-blogs.diariosur.es\/wp-content\/uploads\/sites\/12\/2013\/12\/1-vert.jpg 660w, https:\/\/static-blogs.diariosur.es\/wp-content\/uploads\/sites\/12\/2013\/12\/1-vert-161x400.jpg 161w\" sizes=\"(max-width: 660px) 100vw, 660px\" \/><\/a><strong><\/strong><\/p>\n<p>&nbsp;<\/p>\n<p><strong>Fijaros que llega a 93o hpa y como las isobaras se juntan. Os aseguro que esa zona sera noticia por los\u00a0vientos\u00a0 que\u00a0ser\u00e1n\u00a0huracanados y por las grandes olas que se\u00a0<\/strong><strong>dar\u00e1n.<\/strong><\/p>\n<p><strong>Esta borrasca ya tiene nombre, le han puesto Dirk y os aseguro que\u00a0dar\u00e1\u00a0que hablar.<\/strong><\/p>\n<p>&nbsp;<\/p>\n<p><strong>Estas potentes borrascas se forman al contacto de masas de aire\u00a0fr\u00edo\u00a0polar\u00a0mar\u00edtimo, con masas de aire c\u00e1lido\u00a0h\u00famedo\u00a0e inestable de origen subtropical. Os paso esta captura de ayer\u00a0del\u00a0sat\u00e9lite\u00a0eumetsat\u00a0cuando aun no han hecho contacto estas masas. Fuente Meteogalicia.\u00a0<\/strong><\/p>\n<p><a href=\"https:\/\/blogs.diariosur.es\/tormentas-y-rayos\/2013\/12\/23\/ultima-hora-ciclogenesis-explosiva-dirk-traera-lluvias-y-fuertes-vientos-hoy-en-nochebuena-y-navidad-a-toda-la-peninsula\/webexterna_ir87_20-45\/\" rel=\"attachment wp-att-7429\"><img loading=\"lazy\" class=\"aligncenter size-medium wp-image-7429\" title=\"webexterna_IR87_[20-45]\" src=\"\/tormentas-y-rayos\/wp-content\/uploads\/sites\/12\/2013\/12\/webexterna_IR87_20-45-579x400.jpg\" alt=\"\" width=\"579\" height=\"400\" srcset=\"https:\/\/static-blogs.diariosur.es\/wp-content\/uploads\/sites\/12\/2013\/12\/webexterna_IR87_20-45-579x400.jpg 579w, https:\/\/static-blogs.diariosur.es\/wp-content\/uploads\/sites\/12\/2013\/12\/webexterna_IR87_20-45.jpg 750w\" sizes=\"(max-width: 579px) 100vw, 579px\" \/><\/a><\/p>\n<p>&nbsp;<\/p>\n<p><strong>\u00a0En esta otra imagen de hace unos minutos, ya se ve \u00a0como han contactado las distintas masas de aire y el frente empieza a tomar protagonismo. Las primeras lluvias y fuertes vientos llegaran a Galicia en unas horas.<\/strong><\/p>\n<p><a href=\"https:\/\/blogs.diariosur.es\/tormentas-y-rayos\/2013\/12\/23\/ultima-hora-ciclogenesis-explosiva-dirk-traera-lluvias-y-fuertes-vientos-hoy-en-nochebuena-y-navidad-a-toda-la-peninsula\/lunes-11\/\" rel=\"attachment wp-att-7431\"><img loading=\"lazy\" class=\"aligncenter size-medium wp-image-7431\" title=\"lunes\" src=\"\/tormentas-y-rayos\/wp-content\/uploads\/sites\/12\/2013\/12\/lunes-571x400.jpg\" alt=\"\" width=\"571\" height=\"400\" srcset=\"https:\/\/static-blogs.diariosur.es\/wp-content\/uploads\/sites\/12\/2013\/12\/lunes-571x400.jpg 571w, https:\/\/static-blogs.diariosur.es\/wp-content\/uploads\/sites\/12\/2013\/12\/lunes.jpg 730w\" sizes=\"(max-width: 571px) 100vw, 571px\" \/><\/a><\/p>\n<p>&nbsp;<\/p>\n<p><strong><span style=\"color: #ff0000;\">Muchos me preguntareis: Jose, \u00a0\u00bf si la borrasca esta una jarta de lejos porque nos afectara tanto ? muy f\u00e1cil amigos, os cuento. Se formara un frente fr\u00edo muy potente, que ir\u00e1 acompa\u00f1ado de fuertes vientos y lluvias que en algunos puntos\u00a0ser\u00e1n\u00a0de moderadas a fuertes. Otro factor importante es el movimiento del frente, que ser\u00e1 de suroeste. Es decir, que tardara mas tiempo en cruzar\u00a0la\u00a0pen\u00ednsula. Los acumulados en\u00a024 horas en algunos puntos pueden llegar como es el caso de Grazalema \u00a0a los 100 litros. Por este motivo la Aemet ha sacado un aviso especial de temporal de lluvia y viento. Y activa los avisos amarillos y naranjas en casi toda la\u00a0pen\u00ednsula. Os paso el mapa de avisos \u00a0de ma\u00f1ana dia 24. El del dia 25 aun no ha salido, pero estoy seguro que toda Andalucia ya sea por viento o por lluvias estara en aviso amarillo o naranja.<\/span><\/strong><\/p>\n<p><a href=\"https:\/\/blogs.diariosur.es\/tormentas-y-rayos\/2013\/12\/23\/ultima-hora-ciclogenesis-explosiva-dirk-traera-lluvias-y-fuertes-vientos-hoy-en-nochebuena-y-navidad-a-toda-la-peninsula\/captura-216\/\" rel=\"attachment wp-att-7432\"><img loading=\"lazy\" class=\"aligncenter size-full wp-image-7432\" title=\"Captura\" src=\"\/tormentas-y-rayos\/wp-content\/uploads\/sites\/12\/2013\/12\/Captura9.jpg\" alt=\"\" width=\"632\" height=\"473\" srcset=\"https:\/\/static-blogs.diariosur.es\/wp-content\/uploads\/sites\/12\/2013\/12\/Captura9.jpg 632w, https:\/\/static-blogs.diariosur.es\/wp-content\/uploads\/sites\/12\/2013\/12\/Captura9-534x400.jpg 534w\" sizes=\"(max-width: 632px) 100vw, 632px\" \/><\/a><\/p>\n<p><strong><span style=\"color: #0000ff;\">Aunque ma\u00f1ana martes trabajo, intentare por la ma\u00f1ana actualizar de nuevo el blog y comentaros sobre que hora llegaran la lluvias \u00a0a\u00a0Andaluc\u00eda\u00a0y a M\u00e1laga.\u00a0Tambi\u00e9n\u00a0hablaremos de la\u00a0cota de nieve que ira bajando a medida que el frente pase y el viento sea de terral de invierno. Lo que si esta claro, es que en Sierra Nevada\u00a0caer\u00e1\u00a0un buen paquet\u00f3n de nieve.<\/span><\/strong><\/p>\n<p><strong>PREVISI\u00d3N AEMET<\/strong><\/p>\n<p><a href=\"https:\/\/blogs.diariosur.es\/tormentas-y-rayos\/2013\/12\/23\/ultima-hora-ciclogenesis-explosiva-dirk-traera-lluvias-y-fuertes-vientos-hoy-en-nochebuena-y-navidad-a-toda-la-peninsula\/z-13\/\" rel=\"attachment wp-att-7433\"><img loading=\"lazy\" class=\"aligncenter size-medium wp-image-7433\" title=\"z\" src=\"\/tormentas-y-rayos\/wp-content\/uploads\/sites\/12\/2013\/12\/z4-467x400.jpg\" alt=\"\" width=\"467\" height=\"400\" srcset=\"https:\/\/static-blogs.diariosur.es\/wp-content\/uploads\/sites\/12\/2013\/12\/z4-467x400.jpg 467w, https:\/\/static-blogs.diariosur.es\/wp-content\/uploads\/sites\/12\/2013\/12\/z4.jpg 584w\" sizes=\"(max-width: 467px) 100vw, 467px\" \/><\/a><a href=\"https:\/\/blogs.diariosur.es\/tormentas-y-rayos\/2013\/12\/23\/ultima-hora-ciclogenesis-explosiva-dirk-traera-lluvias-y-fuertes-vientos-hoy-en-nochebuena-y-navidad-a-toda-la-peninsula\/z1-9\/\" rel=\"attachment wp-att-7434\"><img loading=\"lazy\" class=\"aligncenter size-full wp-image-7434\" title=\"z1\" src=\"\/tormentas-y-rayos\/wp-content\/uploads\/sites\/12\/2013\/12\/z12.jpg\" alt=\"\" width=\"510\" height=\"242\" \/><\/a><\/p>\n<p><strong><span style=\"color: #000080;\">Poco mas que contar amigos, este fin de semana he trabajado y no me ha dado tiempo para haceros un resumen del\u00a0s\u00e1bado\u00a0y el domingo. Os dejo para que cargu\u00e9is las pilas con varias fotos que hice\u00a0hace tiempo.<\/span><\/strong><\/p>\n<p><img loading=\"lazy\" class=\"aligncenter\" src=\"\/\/farm4.staticflickr.com\/3449\/3265433085_871b9bc7c7_z.jpg?zz=1\" alt=\"\" width=\"640\" height=\"427\" \/><\/p>\n<p>&nbsp;<\/p>\n<p><img loading=\"lazy\" class=\"aligncenter\" src=\"\/\/farm3.staticflickr.com\/2777\/4336917871_94a67aee9a_z.jpg?zz=1\" alt=\"\" width=\"640\" height=\"419\" \/><\/p>\n<p>&nbsp;<\/p>\n<p><img loading=\"lazy\" class=\"aligncenter\" src=\"\/\/farm5.staticflickr.com\/4026\/4543401191_9752ccba88_z.jpg\" alt=\"\" width=\"640\" height=\"427\" \/><\/p>\n<p><img loading=\"lazy\" class=\"aligncenter\" src=\"\/\/farm6.staticflickr.com\/5206\/5243596730_51db6d9439_z.jpg\" alt=\"\" width=\"481\" height=\"640\" \/><\/p>\n<p>&nbsp;<\/p>\n<p><img loading=\"lazy\" class=\"aligncenter\" src=\"\/\/farm8.staticflickr.com\/7150\/6482540193_e904564f71_z.jpg\" alt=\"\" width=\"640\" height=\"427\" \/><\/p>\n<p>&nbsp;<\/p>\n<p><img loading=\"lazy\" class=\"aligncenter\" src=\"\/\/farm8.staticflickr.com\/7050\/6966401735_dfb1d5b74d_z.jpg\" alt=\"\" width=\"640\" height=\"480\" \/><\/p>\n<p>&nbsp;<\/p>\n<p>&nbsp;<\/p>\n","protected":false},"excerpt":{"rendered":"<p>ACTUALIZACI\u00d3N 24-12-2013\u00a0 &nbsp; &nbsp; &nbsp; Buenos dias amigos de la meteo. Son las seis de la ma\u00f1ana, registro 11 grados y los cielos est\u00e1n despejados aunque con bancos de nieblas. Se confirman los\u00a0pron\u00f3sticos\u00a0y el dia de Nochebuena y Navidad la lluvia acompa\u00f1ada de fuertes \u00a0vientos ser\u00e1n los protagonistas. Durante hoy lunes y ma\u00f1ana martes se\u00a0producir\u00e1\u00a0una [&hellip;]<\/p>\n","protected":false},"author":16,"featured_media":7430,"comment_status":"open","ping_status":"open","sticky":false,"template":"","format":"standard","meta":[],"categories":[2],"tags":[63,94,151,252,337,375,395,485,569,676,681,690,708,769,1028,1059],"_links":{"self":[{"href":"https:\/\/blogs.diariosur.es\/tormentas-y-rayos\/wp-json\/wp\/v2\/posts\/7427"}],"collection":[{"href":"https:\/\/blogs.diariosur.es\/tormentas-y-rayos\/wp-json\/wp\/v2\/posts"}],"about":[{"href":"https:\/\/blogs.diariosur.es\/tormentas-y-rayos\/wp-json\/wp\/v2\/types\/post"}],"author":[{"embeddable":true,"href":"https:\/\/blogs.diariosur.es\/tormentas-y-rayos\/wp-json\/wp\/v2\/users\/16"}],"replies":[{"embeddable":true,"href":"https:\/\/blogs.diariosur.es\/tormentas-y-rayos\/wp-json\/wp\/v2\/comments?post=7427"}],"version-history":[{"count":0,"href":"https:\/\/blogs.diariosur.es\/tormentas-y-rayos\/wp-json\/wp\/v2\/posts\/7427\/revisions"}],"wp:featuredmedia":[{"embeddable":true,"href":"https:\/\/blogs.diariosur.es\/tormentas-y-rayos\/wp-json\/wp\/v2\/media\/7430"}],"wp:attachment":[{"href":"https:\/\/blogs.diariosur.es\/tormentas-y-rayos\/wp-json\/wp\/v2\/media?parent=7427"}],"wp:term":[{"taxonomy":"category","embeddable":true,"href":"https:\/\/blogs.diariosur.es\/tormentas-y-rayos\/wp-json\/wp\/v2\/categories?post=7427"},{"taxonomy":"post_tag","embeddable":true,"href":"https:\/\/blogs.diariosur.es\/tormentas-y-rayos\/wp-json\/wp\/v2\/tags?post=7427"}],"curies":[{"name":"wp","href":"https:\/\/api.w.org\/{rel}","templated":true}]}}