{"id":7468,"date":"2013-12-26T09:49:08","date_gmt":"2013-12-26T08:49:08","guid":{"rendered":"http:\/\/blogs.diariosur.es\/tormentas-y-rayos\/?p=7468"},"modified":"2013-12-26T09:49:08","modified_gmt":"2013-12-26T08:49:08","slug":"resumen-de-la-ciclogenesis-dirk-impresionantes-fotos-de-la-ciclogenesis-pero-tipo-familiar-navidena","status":"publish","type":"post","link":"https:\/\/blogs.diariosur.es\/tormentas-y-rayos\/2013\/12\/26\/resumen-de-la-ciclogenesis-dirk-impresionantes-fotos-de-la-ciclogenesis-pero-tipo-familiar-navidena\/","title":{"rendered":"Resumen de la ciclog\u00e9nesis Dirk. Impresionantes fotos de la ciclog\u00e9nesis pero tipo familiar navide\u00f1a."},"content":{"rendered":"<p><strong>Buenos d\u00edas amigos de la meteo, son las siete y media de la ma\u00f1ana, registro 13 grados y los cielos est\u00e1n algo nubosos. Aprovechando mi dia libre, os hago un peque\u00f1o resumen en datos de lo que ha dado de si la ciclog\u00e9nesis explosiva. Las fotos impresionantes prohibidas verlas, hasta que\u00a0le\u00e1is\u00a0el post, ehhhhh que os veo.<\/strong><\/p>\n<p><strong>Ayer os comentaba que una vez pasara el frente al mediod\u00eda, entrar\u00edan los chubascos post-frontales y\u00a0as\u00ed\u00a0fue. Se noto primero en la fuerza del viento, que le acompa\u00f1o una bajada de temperatura, y con chubascos espor\u00e1dicos mas frecuentes por el interior y en las sierras malague\u00f1as. Incluso en el norte de la provincia hubo tormenta. Os paso unos gr\u00e1ficos de viento, temperatura y mapa de rayos. Fijaros en la direcci\u00f3n del viento y como cambia a terral de invierno y la bajada brusca de temperatura.<\/strong><\/p>\n<p><a href=\"https:\/\/blogs.diariosur.es\/tormentas-y-rayos\/2013\/12\/26\/resumen-de-la-ciclogenesis-dirk-impresionantes-fotos-de-la-ciclogenesis-pero-tipo-familiar-navidena\/racha-4\/\" rel=\"attachment wp-att-7469\"><img loading=\"lazy\" class=\"aligncenter size-medium wp-image-7469\" title=\"racha\" src=\"\/tormentas-y-rayos\/wp-content\/uploads\/sites\/12\/2013\/12\/racha-600x256.jpg\" alt=\"\" width=\"600\" height=\"256\" \/><\/a><a href=\"https:\/\/blogs.diariosur.es\/tormentas-y-rayos\/2013\/12\/26\/resumen-de-la-ciclogenesis-dirk-impresionantes-fotos-de-la-ciclogenesis-pero-tipo-familiar-navidena\/masa-fria-2\/\" rel=\"attachment wp-att-7470\"><img loading=\"lazy\" class=\"aligncenter size-medium wp-image-7470\" title=\"masa fria\" src=\"\/tormentas-y-rayos\/wp-content\/uploads\/sites\/12\/2013\/12\/masa-fria-600x254.jpg\" alt=\"\" width=\"600\" height=\"254\" \/><\/a><a href=\"https:\/\/blogs.diariosur.es\/tormentas-y-rayos\/2013\/12\/26\/resumen-de-la-ciclogenesis-dirk-impresionantes-fotos-de-la-ciclogenesis-pero-tipo-familiar-navidena\/ra\/\" rel=\"attachment wp-att-7471\"><img loading=\"lazy\" class=\"aligncenter size-medium wp-image-7471\" title=\"ra\" src=\"\/tormentas-y-rayos\/wp-content\/uploads\/sites\/12\/2013\/12\/ra-427x400.jpg\" alt=\"\" width=\"427\" height=\"400\" srcset=\"https:\/\/static-blogs.diariosur.es\/wp-content\/uploads\/sites\/12\/2013\/12\/ra-427x400.jpg 427w, https:\/\/static-blogs.diariosur.es\/wp-content\/uploads\/sites\/12\/2013\/12\/ra.jpg 578w\" sizes=\"(max-width: 427px) 100vw, 427px\" \/><\/a><\/p>\n<p><strong>Os paso esta foto que tome desde la playa con Geno, enese momento la lluvia era la protagonista.<\/strong><\/p>\n<p><a href=\"https:\/\/blogs.diariosur.es\/tormentas-y-rayos\/2013\/12\/26\/resumen-de-la-ciclogenesis-dirk-impresionantes-fotos-de-la-ciclogenesis-pero-tipo-familiar-navidena\/olympus-digital-camera-1565\/\" rel=\"attachment wp-att-7472\"><img loading=\"lazy\" class=\"aligncenter size-full wp-image-7472\" title=\"OLYMPUS DIGITAL CAMERA\" src=\"\/tormentas-y-rayos\/wp-content\/uploads\/sites\/12\/2013\/12\/017.jpg\" alt=\"\" width=\"640\" height=\"388\" \/><\/a><\/p>\n<p><strong>Os dejo\u00a0un momento y tiro para la playa de huelin, me da la corazonada que vamos a tener un bonito amanecer.<\/strong><\/p>\n<p><strong>Ya de vuelta amigos, una pasada el amanecer de hoy, os paso un par de fotos<\/strong>.<\/p>\n<p>&nbsp;<\/p>\n<p><img loading=\"lazy\" class=\"aligncenter\" src=\"\/\/farm4.staticflickr.com\/3683\/11561490154_a3a6c33061_z.jpg\" alt=\"\" width=\"640\" height=\"480\" \/><\/p>\n<p>&nbsp;<\/p>\n<p><img loading=\"lazy\" class=\"aligncenter\" src=\"\/\/farm6.staticflickr.com\/5550\/11561489854_4ee7a0f54d_z.jpg\" alt=\"\" width=\"640\" height=\"410\" \/><\/p>\n<p><strong>La ciclog\u00e9nesis explosiva dejo en Galicia y en Asturias \u00a0acumulados de precipitaci\u00f3n muy \u00a0cuantiosos y \u00a0rachas de viento que llegaron a los 180 km\/h. Pero donde se registro mas precipitaci\u00f3n fue en Grazalema Cadiz, con casi 250 litros y en Sierra Luna con 430 litros. M\u00e1laga Capital y\u00a0seg\u00fan\u00a0mi\u00a0pluvi\u00f3metro\u00a0contabilice 30.5 litros, pero destaca en la provincia malague\u00f1a\u00a0El Colmenar Las Buitreras Gaucin \u00a088 mm. En las Sierras Granadinas orientadas al suroeste tambien recibieron muy buenos litros, destaca en la provincia de Granada los 112 litros de Sierra de C\u00e1zulas. Os paso algunas cantidades mas de la provincia de M\u00e1laga.<\/strong><\/p>\n<p><a href=\"https:\/\/blogs.diariosur.es\/tormentas-y-rayos\/2013\/12\/26\/resumen-de-la-ciclogenesis-dirk-impresionantes-fotos-de-la-ciclogenesis-pero-tipo-familiar-navidena\/1-31\/\" rel=\"attachment wp-att-7473\"><img loading=\"lazy\" class=\"aligncenter size-medium wp-image-7473\" title=\"1\" src=\"\/tormentas-y-rayos\/wp-content\/uploads\/sites\/12\/2013\/12\/11-600x290.jpg\" alt=\"\" width=\"600\" height=\"290\" \/><\/a><a href=\"https:\/\/blogs.diariosur.es\/tormentas-y-rayos\/2013\/12\/26\/resumen-de-la-ciclogenesis-dirk-impresionantes-fotos-de-la-ciclogenesis-pero-tipo-familiar-navidena\/z1-10\/\" rel=\"attachment wp-att-7474\"><img loading=\"lazy\" class=\"aligncenter size-medium wp-image-7474\" title=\"z1\" src=\"\/tormentas-y-rayos\/wp-content\/uploads\/sites\/12\/2013\/12\/z13-600x264.jpg\" alt=\"\" width=\"600\" height=\"264\" \/><\/a><a href=\"https:\/\/blogs.diariosur.es\/tormentas-y-rayos\/2013\/12\/26\/resumen-de-la-ciclogenesis-dirk-impresionantes-fotos-de-la-ciclogenesis-pero-tipo-familiar-navidena\/z2-4\/\" rel=\"attachment wp-att-7476\"><img loading=\"lazy\" class=\"aligncenter size-medium wp-image-7476\" title=\"z2\" src=\"\/tormentas-y-rayos\/wp-content\/uploads\/sites\/12\/2013\/12\/z21-600x140.jpg\" alt=\"\" width=\"600\" height=\"140\" \/><\/a><\/p>\n<p><strong>Otro dato significativo fue la racha de viento que se dio ayer en Marbella con 105 km\/h. Poco mas que contar de la ciclog\u00e9nesis Dirk. Os paso este video desde la terraza de Geno cuando empezo a soplar fuerte.<\/strong><\/p>\n<p><iframe loading=\"lazy\" src=\"\/\/www.youtube.com\/embed\/04NMlskdB68?list=UUYIavtRXvVwBTrHwMVrZa4g\" frameborder=\"0\" width=\"640\" height=\"360\"><\/iframe><\/p>\n<p>&nbsp;<\/p>\n<p><strong>Os paso las fotos impresionantes de la ciclog\u00e9sis familiar escudero jijij. Os cuento brevemente. Para\u00a0explicarle\u00a0a la abuela Emilia lo que es una ciclog\u00e9nesis, mis hijas, \u00a0y \u00a0yo \u00a0hicimos una parodia jijij, a esta\u00a0parodia se unio el novio de mi hija con la\u00a0c\u00e1mara\u00a0y el\u00a0flash\u00a0haciendo de\u00a0rel\u00e1mpagos. Se trataba de explicarle que tranquilamente una borrasca de pronto se vuelve loca y baja la\u00a0presi\u00f3n\u00a0hasta\u00a0que\u00a0se cae por los suelos , al final me parece que\u00a0tampoco\u00a0se entero pero nos\u00a0re\u00edmos\u00a0un mont\u00f3n. Os paso las fotos y ma\u00f1ana\u00a0dar\u00e9\u00a0la previsi\u00f3n del tiempo para el fin de semana. Yo ya\u00a0no\u00a0libro hasta el dia 1 y el 6 de enero, pero intentare estar con\u00a0vosotros.<\/strong><\/p>\n<p><img loading=\"lazy\" class=\"aligncenter\" src=\"\/\/farm6.staticflickr.com\/5516\/11561357244_5e6c3dd096_z.jpg\" alt=\"\" width=\"640\" height=\"480\" \/><img loading=\"lazy\" class=\"aligncenter\" src=\"\/\/farm8.staticflickr.com\/7440\/11561464043_fd454d8e1d_z.jpg\" alt=\"\" width=\"640\" height=\"533\" \/><\/p>\n<p><img loading=\"lazy\" class=\"aligncenter\" src=\"\/\/farm6.staticflickr.com\/5506\/11561723173_f14664e85e_z.jpg\" alt=\"\" width=\"640\" height=\"480\" \/><\/p>\n<p><img loading=\"lazy\" class=\"aligncenter\" src=\"\/\/farm3.staticflickr.com\/2841\/11561463453_4ab1b94d4b_z.jpg\" alt=\"\" width=\"640\" height=\"461\" \/><img loading=\"lazy\" class=\"aligncenter\" src=\"\/\/farm6.staticflickr.com\/5512\/11561463063_59583227dd_z.jpg\" alt=\"\" width=\"640\" height=\"480\" \/><img loading=\"lazy\" class=\"aligncenter\" src=\"\/\/farm6.staticflickr.com\/5537\/11561457936_eebe81d3cc_z.jpg\" alt=\"\" width=\"640\" height=\"541\" \/><\/p>\n<p>&nbsp;<\/p>\n","protected":false},"excerpt":{"rendered":"<p>Buenos d\u00edas amigos de la meteo, son las siete y media de la ma\u00f1ana, registro 13 grados y los cielos est\u00e1n algo nubosos. Aprovechando mi dia libre, os hago un peque\u00f1o resumen en datos de lo que ha dado de si la ciclog\u00e9nesis explosiva. Las fotos impresionantes prohibidas verlas, hasta que\u00a0le\u00e1is\u00a0el post, ehhhhh que os [&hellip;]<\/p>\n","protected":false},"author":16,"featured_media":7472,"comment_status":"open","ping_status":"open","sticky":false,"template":"","format":"standard","meta":[],"categories":[2],"tags":[252,424,504,859],"_links":{"self":[{"href":"https:\/\/blogs.diariosur.es\/tormentas-y-rayos\/wp-json\/wp\/v2\/posts\/7468"}],"collection":[{"href":"https:\/\/blogs.diariosur.es\/tormentas-y-rayos\/wp-json\/wp\/v2\/posts"}],"about":[{"href":"https:\/\/blogs.diariosur.es\/tormentas-y-rayos\/wp-json\/wp\/v2\/types\/post"}],"author":[{"embeddable":true,"href":"https:\/\/blogs.diariosur.es\/tormentas-y-rayos\/wp-json\/wp\/v2\/users\/16"}],"replies":[{"embeddable":true,"href":"https:\/\/blogs.diariosur.es\/tormentas-y-rayos\/wp-json\/wp\/v2\/comments?post=7468"}],"version-history":[{"count":0,"href":"https:\/\/blogs.diariosur.es\/tormentas-y-rayos\/wp-json\/wp\/v2\/posts\/7468\/revisions"}],"wp:featuredmedia":[{"embeddable":true,"href":"https:\/\/blogs.diariosur.es\/tormentas-y-rayos\/wp-json\/wp\/v2\/media\/7472"}],"wp:attachment":[{"href":"https:\/\/blogs.diariosur.es\/tormentas-y-rayos\/wp-json\/wp\/v2\/media?parent=7468"}],"wp:term":[{"taxonomy":"category","embeddable":true,"href":"https:\/\/blogs.diariosur.es\/tormentas-y-rayos\/wp-json\/wp\/v2\/categories?post=7468"},{"taxonomy":"post_tag","embeddable":true,"href":"https:\/\/blogs.diariosur.es\/tormentas-y-rayos\/wp-json\/wp\/v2\/tags?post=7468"}],"curies":[{"name":"wp","href":"https:\/\/api.w.org\/{rel}","templated":true}]}}