{"id":7492,"date":"2013-12-30T07:38:35","date_gmt":"2013-12-30T06:38:35","guid":{"rendered":"http:\/\/blogs.diariosur.es\/tormentas-y-rayos\/?p=7492"},"modified":"2013-12-30T07:38:35","modified_gmt":"2013-12-30T06:38:35","slug":"el-tiempo-en-nochevieja-y-ano-nuevo-prevision-la-probabilidad-de-lluvias-sera-mas-alta-en-la-fachada-mas-occidental-peninsular","status":"publish","type":"post","link":"https:\/\/blogs.diariosur.es\/tormentas-y-rayos\/2013\/12\/30\/el-tiempo-en-nochevieja-y-ano-nuevo-prevision-la-probabilidad-de-lluvias-sera-mas-alta-en-la-fachada-mas-occidental-peninsular\/","title":{"rendered":"El tiempo en Nochevieja y A\u00f1o Nuevo, previsi\u00f3n. La probabilidad de lluvias sera mas alta en la fachada mas occidental peninsular."},"content":{"rendered":"<p><span style=\"color: #ff0000;\"><strong>ACTUALIZACI\u00d3N 31 DE \u00a0DICIEMBRE DEL 2013<\/strong><\/span><\/p>\n<p><strong>Buenos dias amigos de la meteo. Son las siete de la ma\u00f1ana, registro 9 grados y los cielos est\u00e1n algo nubosos. El frente fr\u00edo ya esta dentro de la\u00a0pen\u00ednsula\u00a0como\u00a0pod\u00e9is\u00a0ver en esta imagen.<\/strong><\/p>\n<p><a href=\"https:\/\/blogs.diariosur.es\/tormentas-y-rayos\/2013\/12\/30\/el-tiempo-en-nochevieja-y-ano-nuevo-prevision-la-probabilidad-de-lluvias-sera-mas-alta-en-la-fachada-mas-occidental-peninsular\/frente-31\/\" rel=\"attachment wp-att-7498\"><img loading=\"lazy\" class=\"aligncenter size-medium wp-image-7498\" title=\"frente 31\" src=\"\/tormentas-y-rayos\/wp-content\/uploads\/sites\/12\/2013\/12\/frente-31.jpg\" alt=\"\" width=\"577\" height=\"400\" srcset=\"https:\/\/static-blogs.diariosur.es\/wp-content\/uploads\/sites\/12\/2013\/12\/frente-31.jpg 731w, https:\/\/static-blogs.diariosur.es\/wp-content\/uploads\/sites\/12\/2013\/12\/frente-31-578x400.jpg 578w\" sizes=\"(max-width: 577px) 100vw, 577px\" \/><\/a><\/p>\n<p>&nbsp;<\/p>\n<p><strong>Este frente deja algunos chubascos, pero ha perdido fuerza. Si os\u00a0fij\u00e1is\u00a0hay otro frente, o mas bien una linea de inestabilidad que os dibujo en mapa, este llegara ma\u00f1ana dia 1 \u00a0al\u00a0mediod\u00eda\u00a0a la zona mas occidental andaluza.\u00a0Seg\u00fan\u00a0algunos\u00a0modelos, pueden caer gotas en las provincias mas occidentales andaluzas, pero no esta muy claro que pueda pasar, ma\u00f1ana actualizare el blog y os\u00a0dar\u00e9\u00a0la previsi\u00f3n. Poco mas que contar amigos, os dejo que en un rato tiro para el curro. Nos vemos ma\u00f1ana y feliz entrada de a\u00f1o.<\/strong><\/p>\n<p><strong>Buenos d\u00edas amigos de la meteo.<\/strong><\/p>\n<p><strong>Son las seis de la ma\u00f1ana, registro 7.8 grados y los cielos est\u00e1n despejados, menos mal que no hace viento. En Antequera se registra casi dos grados bajo cero.<\/strong><\/p>\n<p><strong>El post de hoy se lo dedico a Alvaro Barrojan, que con tan solo 16 a\u00f1os es un gran aficionado a la meteorolog\u00eda y que me segu\u00ed a diario leyendo mi blog. Un abrazo Alvaro, nos vemos otro dia de nuevo y hablamos de meteorolog\u00eda. <\/strong><\/p>\n<p><strong>Me vais a perdonar que sea muy breve amigos, ya sab\u00e9is que en estas fechas tengo poco tiempo debido al curro, pero os prometo que el dia 1 de Enero os pondr\u00e9 mis mejores fotos del 2013, \u00a0y haremos un recuento de las visitas que ha tenido el blog en el 2013. Para que\u00a0cargu\u00e9is\u00a0las pilas de momento esta.<\/strong><\/p>\n<p><img loading=\"lazy\" class=\"aligncenter\" src=\"\/\/farm6.staticflickr.com\/5460\/9892122195_5202ca7d0d_z.jpg\" alt=\"\" width=\"640\" height=\"480\" \/><\/p>\n<p><strong>Pero vamos a lo que vamos y como hab\u00e9is \u00a0le\u00eddo en el titulo del post, la mayor\u00a0probabilidad\u00a0de lluvia se dar\u00e1 en el tercio mas occidental de la\u00a0pen\u00ednsula. Siendo las lluvias mas cuantiosas en Galicia, donde de\u00a0nuevo el\u00a0viento y la mar de fondo ser\u00e1n protagonistas.<\/strong><\/p>\n<p><strong>El culpable de esta nueva inestabilizaci\u00f3n, es este frente que pod\u00e9is ver en la imagen que os pongo a continuaci\u00f3n.<\/strong><\/p>\n<p><a href=\"https:\/\/blogs.diariosur.es\/tormentas-y-rayos\/2013\/12\/30\/el-tiempo-en-nochevieja-y-ano-nuevo-prevision-la-probabilidad-de-lluvias-sera-mas-alta-en-la-fachada-mas-occidental-peninsular\/captura-223\/\" rel=\"attachment wp-att-7494\"><img loading=\"lazy\" class=\"aligncenter size-medium wp-image-7494\" title=\"Captura\" src=\"\/tormentas-y-rayos\/wp-content\/uploads\/sites\/12\/2013\/12\/Captura16.jpg\" alt=\"\" width=\"575\" height=\"400\" srcset=\"https:\/\/static-blogs.diariosur.es\/wp-content\/uploads\/sites\/12\/2013\/12\/Captura16.jpg 738w, https:\/\/static-blogs.diariosur.es\/wp-content\/uploads\/sites\/12\/2013\/12\/Captura16-575x400.jpg 575w\" sizes=\"(max-width: 575px) 100vw, 575px\" \/><\/a><\/p>\n<p><strong>Se ve muy bien formado, y \u00a0hoy \u00a0empezara a afectar a Galicia, dejando lluvias moderadas y vientos. Tambi\u00e9n el mar de fondo sera el protagonista. Por este motivo la Aemet activa el aviso naranja y amarillo para esta zona y por nevadas en Le\u00f3n.<\/strong><\/p>\n<p><strong>Este frente se vera frenado ma\u00f1ana 31 cuando entre por\u00a0Andaluc\u00eda\u00a0occidental, ya que las presiones son altas en nuestra zona. Os paso un mapa de superficie del hirlam fuente aemet.<\/strong><\/p>\n<p><strong><a href=\"https:\/\/blogs.diariosur.es\/tormentas-y-rayos\/2013\/12\/30\/el-tiempo-en-nochevieja-y-ano-nuevo-prevision-la-probabilidad-de-lluvias-sera-mas-alta-en-la-fachada-mas-occidental-peninsular\/captura-224\/\" rel=\"attachment wp-att-7495\"><img loading=\"lazy\" class=\"aligncenter size-medium wp-image-7495\" title=\"Captura\" src=\"\/tormentas-y-rayos\/wp-content\/uploads\/sites\/12\/2013\/12\/Captura17.jpg\" alt=\"\" width=\"529\" height=\"400\" srcset=\"https:\/\/static-blogs.diariosur.es\/wp-content\/uploads\/sites\/12\/2013\/12\/Captura17.jpg 691w, https:\/\/static-blogs.diariosur.es\/wp-content\/uploads\/sites\/12\/2013\/12\/Captura17-530x400.jpg 530w\" sizes=\"(max-width: 529px) 100vw, 529px\" \/><\/a><\/strong><\/p>\n<p><strong>Como mucho se podr\u00edan escapar algunas gotas por la zona mas occidental andaluza por la tarde. En M\u00e1laga las nubes altas serian las protagonistas. <\/strong><\/p>\n<p><strong>El primer dia del a\u00f1o se\u00a0acercar\u00eda\u00a0otro frente, ma\u00f1ana intentare actualizar el blog y veremos si afectara mas a nuestra regi\u00f3n.\u00a0<\/strong><\/p>\n<p><strong>Resumiendo amigos, seguimos en una circulaci\u00f3n zonal alta, que trae sucesivos frentes que dejan la mayor probabilidad de lluvias en Galicia y en la fachada mas occidental peninsular. Asi seguiremos los primeros dias del a\u00f1o cuando varios frente crucen la\u00a0pen\u00ednsula\u00a0hasta el dia 4.\u00a0<\/strong><\/p>\n<p><strong>Ma\u00f1ana intentare actualizar el blog para felicitaros y daros la ultima hora de la previsi\u00f3n, si no puedo nos vemos el dia 1.<\/strong><\/p>\n<p><strong>Os dejo con este foton que me ha mandado mi amigo Jose Antonio Per\u00e9z desde Quintana ( C\u00f3rdoba)<\/strong><\/p>\n<p><a href=\"https:\/\/blogs.diariosur.es\/tormentas-y-rayos\/2013\/12\/30\/el-tiempo-en-nochevieja-y-ano-nuevo-prevision-la-probabilidad-de-lluvias-sera-mas-alta-en-la-fachada-mas-occidental-peninsular\/1496370_10201210158442072_1070203899_o_1\/\" rel=\"attachment wp-att-7496\"><img loading=\"lazy\" class=\"aligncenter size-full wp-image-7496\" title=\"1496370_10201210158442072_1070203899_o_1\" src=\"\/tormentas-y-rayos\/wp-content\/uploads\/sites\/12\/2013\/12\/1496370_10201210158442072_1070203899_o_1.jpg\" alt=\"\" width=\"640\" height=\"359\" \/><\/a><\/p>\n","protected":false},"excerpt":{"rendered":"<p>ACTUALIZACI\u00d3N 31 DE \u00a0DICIEMBRE DEL 2013 Buenos dias amigos de la meteo. Son las siete de la ma\u00f1ana, registro 9 grados y los cielos est\u00e1n algo nubosos. El frente fr\u00edo ya esta dentro de la\u00a0pen\u00ednsula\u00a0como\u00a0pod\u00e9is\u00a0ver en esta imagen. &nbsp; Este frente deja algunos chubascos, pero ha perdido fuerza. Si os\u00a0fij\u00e1is\u00a0hay otro frente, o mas bien [&hellip;]<\/p>\n","protected":false},"author":16,"featured_media":7496,"comment_status":"open","ping_status":"open","sticky":false,"template":"","format":"standard","meta":[],"categories":[2],"tags":[111,358,411,569,710,769,809],"_links":{"self":[{"href":"https:\/\/blogs.diariosur.es\/tormentas-y-rayos\/wp-json\/wp\/v2\/posts\/7492"}],"collection":[{"href":"https:\/\/blogs.diariosur.es\/tormentas-y-rayos\/wp-json\/wp\/v2\/posts"}],"about":[{"href":"https:\/\/blogs.diariosur.es\/tormentas-y-rayos\/wp-json\/wp\/v2\/types\/post"}],"author":[{"embeddable":true,"href":"https:\/\/blogs.diariosur.es\/tormentas-y-rayos\/wp-json\/wp\/v2\/users\/16"}],"replies":[{"embeddable":true,"href":"https:\/\/blogs.diariosur.es\/tormentas-y-rayos\/wp-json\/wp\/v2\/comments?post=7492"}],"version-history":[{"count":0,"href":"https:\/\/blogs.diariosur.es\/tormentas-y-rayos\/wp-json\/wp\/v2\/posts\/7492\/revisions"}],"wp:featuredmedia":[{"embeddable":true,"href":"https:\/\/blogs.diariosur.es\/tormentas-y-rayos\/wp-json\/wp\/v2\/media\/7496"}],"wp:attachment":[{"href":"https:\/\/blogs.diariosur.es\/tormentas-y-rayos\/wp-json\/wp\/v2\/media?parent=7492"}],"wp:term":[{"taxonomy":"category","embeddable":true,"href":"https:\/\/blogs.diariosur.es\/tormentas-y-rayos\/wp-json\/wp\/v2\/categories?post=7492"},{"taxonomy":"post_tag","embeddable":true,"href":"https:\/\/blogs.diariosur.es\/tormentas-y-rayos\/wp-json\/wp\/v2\/tags?post=7492"}],"curies":[{"name":"wp","href":"https:\/\/api.w.org\/{rel}","templated":true}]}}