{"id":7511,"date":"2014-01-02T07:38:38","date_gmt":"2014-01-02T06:38:38","guid":{"rendered":"http:\/\/blogs.diariosur.es\/tormentas-y-rayos\/?p=7511"},"modified":"2014-01-02T07:38:38","modified_gmt":"2014-01-02T06:38:38","slug":"malaga-registra-la-maxima-mal-alta-de-la-peninsula-el-sabado-dia-4-las-lluvias-seran-las-protagonistas-en-andalucia","status":"publish","type":"post","link":"https:\/\/blogs.diariosur.es\/tormentas-y-rayos\/2014\/01\/02\/malaga-registra-la-maxima-mal-alta-de-la-peninsula-el-sabado-dia-4-las-lluvias-seran-las-protagonistas-en-andalucia\/","title":{"rendered":"M\u00e1laga registra la maxima mal alta de la pen\u00ednsula.El s\u00e1bado dia 4 las lluvias ser\u00e1n las protagonistas en Andaluc\u00eda."},"content":{"rendered":"<p><strong>Buenos dias amigos de la meteo.<\/strong><\/p>\n<p><strong>Son las siete de la ma\u00f1ana, registro 14 grados en mi estaci\u00f3n y los cielos est\u00e1n nubosos. No pensaba actualizar el blog, pero hay cambios de ultima hora que ma\u00f1ana veremos mas detenidamente. Lo primero comentaros que ayer primer dia del a\u00f1o, M\u00e1laga Capital dio la m\u00e1xima de las capitales de la peninsula, concretamente 21,2 grados. Ayer os explicaba que a 850 hpa ( 1500 m )\u00a0ten\u00edamos\u00a0unas temperaturas cercanas a los 10 grados, que unido al viento de terral de invierno hizo que no solo M\u00e1laga registrara esa temperatura, tambi\u00e9n en casi todo el levante se dieron\u00a0m\u00e1ximas\u00a0cercanas a los 20. Fuente aemet.<\/strong><\/p>\n<p><a href=\"https:\/\/blogs.diariosur.es\/tormentas-y-rayos\/2014\/01\/02\/malaga-registra-la-maxima-mal-alta-de-la-peninsula-el-sabado-dia-4-las-lluvias-seran-las-protagonistas-en-andalucia\/maxima-12\/\" rel=\"attachment wp-att-7512\"><img loading=\"lazy\" class=\"aligncenter size-medium wp-image-7512\" title=\"maxima\" src=\"\/tormentas-y-rayos\/wp-content\/uploads\/sites\/12\/2014\/01\/maxima.jpg\" alt=\"\" width=\"600\" height=\"369\" srcset=\"https:\/\/static-blogs.diariosur.es\/wp-content\/uploads\/sites\/12\/2014\/01\/maxima.jpg 756w, https:\/\/static-blogs.diariosur.es\/wp-content\/uploads\/sites\/12\/2014\/01\/maxima-640x394.jpg 640w\" sizes=\"(max-width: 600px) 100vw, 600px\" \/><\/a><\/p>\n<p><strong>\u00a0Hoy casi seguro que pasamos de 20, ya veremos que maxima damos. Recordaros que el record esta en 26.8 grados un 21 de Enero del 1981, de ese dia me acuerdo perfectamente.<\/strong><\/p>\n<p><strong>Y es que ayer primer dia del a\u00f1o, hasta\u00a0apetec\u00eda\u00a0meterse en el agua. Aunque sobre las tres de la tarde se nublaron los cielos malague\u00f1os, pero la temperatura seguia agradable.<\/strong><\/p>\n<p><a href=\"https:\/\/blogs.diariosur.es\/tormentas-y-rayos\/2014\/01\/02\/malaga-registra-la-maxima-mal-alta-de-la-peninsula-el-sabado-dia-4-las-lluvias-seran-las-protagonistas-en-andalucia\/olympus-digital-camera-1567\/\" rel=\"attachment wp-att-7513\"><img loading=\"lazy\" class=\"aligncenter size-full wp-image-7513\" title=\"OLYMPUS DIGITAL CAMERA\" src=\"\/tormentas-y-rayos\/wp-content\/uploads\/sites\/12\/2014\/01\/1-de-Enero-2014.-21.2-grados-malaga-3.jpg\" alt=\"\" width=\"640\" height=\"480\" srcset=\"https:\/\/static-blogs.diariosur.es\/wp-content\/uploads\/sites\/12\/2014\/01\/1-de-Enero-2014.-21.2-grados-malaga-3.jpg 640w, https:\/\/static-blogs.diariosur.es\/wp-content\/uploads\/sites\/12\/2014\/01\/1-de-Enero-2014.-21.2-grados-malaga-3-533x400.jpg 533w\" sizes=\"(max-width: 640px) 100vw, 640px\" \/><\/a><\/p>\n<p><a href=\"https:\/\/blogs.diariosur.es\/tormentas-y-rayos\/2014\/01\/02\/malaga-registra-la-maxima-mal-alta-de-la-peninsula-el-sabado-dia-4-las-lluvias-seran-las-protagonistas-en-andalucia\/olympus-digital-camera-1568\/\" rel=\"attachment wp-att-7514\"><img loading=\"lazy\" class=\"aligncenter size-full wp-image-7514\" title=\"OLYMPUS DIGITAL CAMERA\" src=\"\/tormentas-y-rayos\/wp-content\/uploads\/sites\/12\/2014\/01\/1-de-Enero-2014.-21.2-grados-malaga-4.jpg\" alt=\"\" width=\"640\" height=\"480\" srcset=\"https:\/\/static-blogs.diariosur.es\/wp-content\/uploads\/sites\/12\/2014\/01\/1-de-Enero-2014.-21.2-grados-malaga-4.jpg 640w, https:\/\/static-blogs.diariosur.es\/wp-content\/uploads\/sites\/12\/2014\/01\/1-de-Enero-2014.-21.2-grados-malaga-4-533x400.jpg 533w\" sizes=\"(max-width: 640px) 100vw, 640px\" \/><\/a><\/p>\n<p><a href=\"https:\/\/blogs.diariosur.es\/tormentas-y-rayos\/2014\/01\/02\/malaga-registra-la-maxima-mal-alta-de-la-peninsula-el-sabado-dia-4-las-lluvias-seran-las-protagonistas-en-andalucia\/olympus-digital-camera-1569\/\" rel=\"attachment wp-att-7515\"><img loading=\"lazy\" class=\"aligncenter size-full wp-image-7515\" title=\"OLYMPUS DIGITAL CAMERA\" src=\"\/tormentas-y-rayos\/wp-content\/uploads\/sites\/12\/2014\/01\/1-de-Enero-2014.-21.2-grados-malaga-1.jpg\" alt=\"\" width=\"640\" height=\"480\" srcset=\"https:\/\/static-blogs.diariosur.es\/wp-content\/uploads\/sites\/12\/2014\/01\/1-de-Enero-2014.-21.2-grados-malaga-1.jpg 640w, https:\/\/static-blogs.diariosur.es\/wp-content\/uploads\/sites\/12\/2014\/01\/1-de-Enero-2014.-21.2-grados-malaga-1-533x400.jpg 533w\" sizes=\"(max-width: 640px) 100vw, 640px\" \/><\/a><\/p>\n<p><strong>Como os comento en el titulo del post, el sabado dia 4 las lluvias\u00a0ser\u00e1n\u00a0las protagonistas en\u00a0Andaluc\u00eda\u00a0y en buena parte de la\u00a0pen\u00ednsula. Un frente fr\u00edo precedido de una vaguada, se reactivara dentro de\u00a0la\u00a0pen\u00ednsula,\u00a0y dejara lluvias moderadas y fuertes vientos en muchos puntos. En este mapa lo\u00a0pod\u00e9is\u00a0ver fuente meteoofice.<\/strong><\/p>\n<p><a href=\"https:\/\/blogs.diariosur.es\/tormentas-y-rayos\/2014\/01\/02\/malaga-registra-la-maxima-mal-alta-de-la-peninsula-el-sabado-dia-4-las-lluvias-seran-las-protagonistas-en-andalucia\/frente-22\/\" rel=\"attachment wp-att-7516\"><img loading=\"lazy\" class=\"aligncenter size-medium wp-image-7516\" title=\"frente\" src=\"\/tormentas-y-rayos\/wp-content\/uploads\/sites\/12\/2014\/01\/frente1.jpg\" alt=\"\" width=\"600\" height=\"396\" srcset=\"https:\/\/static-blogs.diariosur.es\/wp-content\/uploads\/sites\/12\/2014\/01\/frente1.jpg 1056w, https:\/\/static-blogs.diariosur.es\/wp-content\/uploads\/sites\/12\/2014\/01\/frente1-606x400.jpg 606w, https:\/\/static-blogs.diariosur.es\/wp-content\/uploads\/sites\/12\/2014\/01\/frente1-768x507.jpg 768w\" sizes=\"(max-width: 600px) 100vw, 600px\" \/><\/a><\/p>\n<p><strong>Aunque quedan pocas horas, no hay nada claro de como afectara a nuestra regi\u00f3n, asi que permitirme que cuando llegue esta noche del curro vea mas modelos, y ma\u00f1ana a primera hora hablamos de este frente. Os dejo que tiro para el curro, me espera un dia muy largo.<\/strong><\/p>\n","protected":false},"excerpt":{"rendered":"<p>Buenos dias amigos de la meteo. Son las siete de la ma\u00f1ana, registro 14 grados en mi estaci\u00f3n y los cielos est\u00e1n nubosos. No pensaba actualizar el blog, pero hay cambios de ultima hora que ma\u00f1ana veremos mas detenidamente. Lo primero comentaros que ayer primer dia del a\u00f1o, M\u00e1laga Capital dio la m\u00e1xima de las [&hellip;]<\/p>\n","protected":false},"author":16,"featured_media":7514,"comment_status":"open","ping_status":"open","sticky":false,"template":"","format":"standard","meta":[],"categories":[2],"tags":[80,587,624,961],"_links":{"self":[{"href":"https:\/\/blogs.diariosur.es\/tormentas-y-rayos\/wp-json\/wp\/v2\/posts\/7511"}],"collection":[{"href":"https:\/\/blogs.diariosur.es\/tormentas-y-rayos\/wp-json\/wp\/v2\/posts"}],"about":[{"href":"https:\/\/blogs.diariosur.es\/tormentas-y-rayos\/wp-json\/wp\/v2\/types\/post"}],"author":[{"embeddable":true,"href":"https:\/\/blogs.diariosur.es\/tormentas-y-rayos\/wp-json\/wp\/v2\/users\/16"}],"replies":[{"embeddable":true,"href":"https:\/\/blogs.diariosur.es\/tormentas-y-rayos\/wp-json\/wp\/v2\/comments?post=7511"}],"version-history":[{"count":0,"href":"https:\/\/blogs.diariosur.es\/tormentas-y-rayos\/wp-json\/wp\/v2\/posts\/7511\/revisions"}],"wp:featuredmedia":[{"embeddable":true,"href":"https:\/\/blogs.diariosur.es\/tormentas-y-rayos\/wp-json\/wp\/v2\/media\/7514"}],"wp:attachment":[{"href":"https:\/\/blogs.diariosur.es\/tormentas-y-rayos\/wp-json\/wp\/v2\/media?parent=7511"}],"wp:term":[{"taxonomy":"category","embeddable":true,"href":"https:\/\/blogs.diariosur.es\/tormentas-y-rayos\/wp-json\/wp\/v2\/categories?post=7511"},{"taxonomy":"post_tag","embeddable":true,"href":"https:\/\/blogs.diariosur.es\/tormentas-y-rayos\/wp-json\/wp\/v2\/tags?post=7511"}],"curies":[{"name":"wp","href":"https:\/\/api.w.org\/{rel}","templated":true}]}}