{"id":7517,"date":"2014-01-03T07:42:53","date_gmt":"2014-01-03T06:42:53","guid":{"rendered":"http:\/\/blogs.diariosur.es\/tormentas-y-rayos\/?p=7517"},"modified":"2014-01-03T07:42:53","modified_gmt":"2014-01-03T06:42:53","slug":"ultima-horatemporal-de-viento-en-toda-la-peninsula-acompanado-de-lluvias-y-bajadas-de-temperaturas-el-sabado-dia-4-de-enero","status":"publish","type":"post","link":"https:\/\/blogs.diariosur.es\/tormentas-y-rayos\/2014\/01\/03\/ultima-horatemporal-de-viento-en-toda-la-peninsula-acompanado-de-lluvias-y-bajadas-de-temperaturas-el-sabado-dia-4-de-enero\/","title":{"rendered":"Ultima hora: Aviso naranja por vientos en M\u00e1laga, Granada y Almer\u00eda.Temporal de viento en toda la pen\u00ednsula, acompa\u00f1ado de  lluvias, y bajadas de temperaturas el s\u00e1bado dia 4 de enero."},"content":{"rendered":"<p><strong><span style=\"color: #ff0000;\">ACTUALIZACI\u00d3N 4 DE ENERO SIETE DE LA MA\u00d1ANA:<\/span><\/strong><\/p>\n<p><strong>Buenos dias amigos de la meteo, son las siete de la ma\u00f1ana, registro 13 grados y caen mijillas, por el interior de la provincia si se han registrado algunos chubascos como\u00a0pod\u00e9is\u00a0ver en esta imagen del\u00a0radar.<\/strong><\/p>\n<p><a href=\"https:\/\/blogs.diariosur.es\/tormentas-y-rayos\/2014\/01\/03\/ultima-horatemporal-de-viento-en-toda-la-peninsula-acompanado-de-lluvias-y-bajadas-de-temperaturas-el-sabado-dia-4-de-enero\/201401040450_r8ml\/\" rel=\"attachment wp-att-7528\"><img loading=\"lazy\" class=\"aligncenter size-full wp-image-7528\" title=\"201401040450_r8ml\" src=\"\/tormentas-y-rayos\/wp-content\/uploads\/sites\/12\/2014\/01\/201401040450_r8ml.gif\" alt=\"\" width=\"480\" height=\"530\" \/><\/a><\/p>\n<p>&nbsp;<\/p>\n<p><strong>El frente ya se ve\u00a0perfectamente entrando en la\u00a0pen\u00ednsula, asi como tambi\u00e9n la masa de aire fria inestable que trae, esta imagen de masas de aires del\u00a0sat\u00e9lite\u00a0eumetsat es una pasada. Fuente Aemet.<\/strong><\/p>\n<p><a href=\"https:\/\/blogs.diariosur.es\/tormentas-y-rayos\/2014\/01\/03\/ultima-horatemporal-de-viento-en-toda-la-peninsula-acompanado-de-lluvias-y-bajadas-de-temperaturas-el-sabado-dia-4-de-enero\/2-29\/\" rel=\"attachment wp-att-7530\"><img loading=\"lazy\" class=\"aligncenter size-full wp-image-7530\" title=\"2\" src=\"\/tormentas-y-rayos\/wp-content\/uploads\/sites\/12\/2014\/01\/21.jpg\" alt=\"\" width=\"553\" height=\"486\" srcset=\"https:\/\/static-blogs.diariosur.es\/wp-content\/uploads\/sites\/12\/2014\/01\/21.jpg 553w, https:\/\/static-blogs.diariosur.es\/wp-content\/uploads\/sites\/12\/2014\/01\/21-455x400.jpg 455w\" sizes=\"(max-width: 553px) 100vw, 553px\" \/><\/a><\/p>\n<p><strong>\u00a0<\/strong><\/p>\n<p><strong>El viento sera hoy el protagonista en toda la\u00a0pen\u00ednsula, asi como tambi\u00e9n en toda\u00a0Andaluc\u00eda, donde la aemet ha activado el aviso naranja por fuertes vientos y\u00a0fen\u00f3menos\u00a0costeros. Las rachas pueden llegar a los 90 km\/h.<\/strong><\/p>\n<p><a href=\"https:\/\/blogs.diariosur.es\/tormentas-y-rayos\/2014\/01\/03\/ultima-horatemporal-de-viento-en-toda-la-peninsula-acompanado-de-lluvias-y-bajadas-de-temperaturas-el-sabado-dia-4-de-enero\/captura-227\/\" rel=\"attachment wp-att-7531\"><img loading=\"lazy\" class=\"aligncenter size-full wp-image-7531\" title=\"Captura\" src=\"\/tormentas-y-rayos\/wp-content\/uploads\/sites\/12\/2014\/01\/Captura2.jpg\" alt=\"\" width=\"533\" height=\"409\" srcset=\"https:\/\/static-blogs.diariosur.es\/wp-content\/uploads\/sites\/12\/2014\/01\/Captura2.jpg 533w, https:\/\/static-blogs.diariosur.es\/wp-content\/uploads\/sites\/12\/2014\/01\/Captura2-521x400.jpg 521w\" sizes=\"(max-width: 533px) 100vw, 533px\" \/><\/a><\/p>\n<p><strong>La lluvia tambi\u00e9n sera la protagonista y puede ir acompa\u00f1ada de tormentas por el interior de Andaluc\u00eda. El frente pasara muy\u00a0r\u00e1pido,\u00a0traer\u00e1\u00a0una masa de aire fr\u00eda pero esta masa de aire abandonara\u00a0r\u00e1pidamente la\u00a0pen\u00ednsula\u00a0durante el domingo.\u00a0\u00a0\u00a0Ma\u00f1ana os\u00a0dar\u00e9\u00a0la previsi\u00f3n para la Cabalgata de Reyes.<\/strong><\/p>\n<p>&nbsp;<\/p>\n<p><span style=\"color: #ff0000;\"><strong>ACTUALIZACI\u00d3N OCHO DE LA NOCHE 3 DE ENERO.<\/strong><\/span><\/p>\n<p><strong>Buenas noches amigos de la meteo, son las ocho y veinte de la noche, registro 16 grados y los cielos est\u00e1n algo nubosos. Os doy la ultima hora de este frente.<\/strong><\/p>\n<p><strong>Hace una hora que la Aemet activa el aviso naranja por viento en M\u00e1laga para ma\u00f1ana\u00a0s\u00e1bado. Las rachas de viento pueden llegar a los 90 km\/h, os paso el mapa de avisos.<\/strong><\/p>\n<p><a href=\"https:\/\/blogs.diariosur.es\/tormentas-y-rayos\/2014\/01\/03\/ultima-horatemporal-de-viento-en-toda-la-peninsula-acompanado-de-lluvias-y-bajadas-de-temperaturas-el-sabado-dia-4-de-enero\/naranja-8\/\" rel=\"attachment wp-att-7527\"><img loading=\"lazy\" class=\"aligncenter size-full wp-image-7527\" title=\"naranja\" src=\"\/tormentas-y-rayos\/wp-content\/uploads\/sites\/12\/2014\/01\/naranja.jpg\" alt=\"\" width=\"621\" height=\"448\" srcset=\"https:\/\/static-blogs.diariosur.es\/wp-content\/uploads\/sites\/12\/2014\/01\/naranja.jpg 621w, https:\/\/static-blogs.diariosur.es\/wp-content\/uploads\/sites\/12\/2014\/01\/naranja-554x400.jpg 554w\" sizes=\"(max-width: 621px) 100vw, 621px\" \/><\/a><\/p>\n<p>&nbsp;<\/p>\n<p>&nbsp;<\/p>\n<p><a href=\"https:\/\/blogs.diariosur.es\/tormentas-y-rayos\/2014\/01\/03\/ultima-horatemporal-de-viento-en-toda-la-peninsula-acompanado-de-lluvias-y-bajadas-de-temperaturas-el-sabado-dia-4-de-enero\/rachas-2\/\" rel=\"attachment wp-att-7526\"><img loading=\"lazy\" class=\"aligncenter size-full wp-image-7526\" title=\"rachas\" src=\"\/tormentas-y-rayos\/wp-content\/uploads\/sites\/12\/2014\/01\/rachas.jpg\" alt=\"\" width=\"521\" height=\"694\" srcset=\"https:\/\/static-blogs.diariosur.es\/wp-content\/uploads\/sites\/12\/2014\/01\/rachas.jpg 521w, https:\/\/static-blogs.diariosur.es\/wp-content\/uploads\/sites\/12\/2014\/01\/rachas-300x400.jpg 300w\" sizes=\"(max-width: 521px) 100vw, 521px\" \/><\/a><\/p>\n<p>&nbsp;<\/p>\n<p><strong>De momento es lo mas destacable, tambi\u00e9n comentaros que se\u00a0producir\u00e1n\u00a0chubascos al paso del frente. Ma\u00f1ana \u00a0si puedo os\u00a0dir\u00e9\u00a0la mayor\u00a0probabilidad\u00a0que se\u00a0dar\u00e1\u00a0de lluvias en\u00a0Andaluc\u00eda.<\/strong><\/p>\n<p>&nbsp;<\/p>\n<p>&nbsp;<\/p>\n<p><strong>Buenos dias amigos de la meteo, son las seis de la ma\u00f1ana y estoy una jarta de cansaooo jejeje, pero tranquilos que tengo suficiente energ\u00eda para daros el pron\u00f3stico para el fin de semana. Se me olvidaba, registro 14 grados y los cielos est\u00e1n poco nubosos, no creo que tengamos un bonito amanecer. Como estos dias no puedo llegarme a la playa, os pongo esta foto del dia 1 de Enero.<\/strong><\/p>\n<p><a href=\"https:\/\/blogs.diariosur.es\/tormentas-y-rayos\/2014\/01\/03\/ultima-horatemporal-de-viento-en-toda-la-peninsula-acompanado-de-lluvias-y-bajadas-de-temperaturas-el-sabado-dia-4-de-enero\/1523370_10201852622936197_2108727073_o_1\/\" rel=\"attachment wp-att-7523\"><img loading=\"lazy\" class=\"aligncenter size-full wp-image-7523\" title=\"1523370_10201852622936197_2108727073_o_1\" src=\"\/tormentas-y-rayos\/wp-content\/uploads\/sites\/12\/2014\/01\/1523370_10201852622936197_2108727073_o_1.jpg\" alt=\"\" width=\"640\" height=\"478\" srcset=\"https:\/\/static-blogs.diariosur.es\/wp-content\/uploads\/sites\/12\/2014\/01\/1523370_10201852622936197_2108727073_o_1.jpg 640w, https:\/\/static-blogs.diariosur.es\/wp-content\/uploads\/sites\/12\/2014\/01\/1523370_10201852622936197_2108727073_o_1-536x400.jpg 536w\" sizes=\"(max-width: 640px) 100vw, 640px\" \/><\/a><\/p>\n<p><strong>Vamos al lio, y como siempre intentare explicaros \u00a0de forma sencilla lo que pasara ma\u00f1ana s\u00e1bado v\u00edspera de los Reyes Magos.<\/strong><\/p>\n<p><strong>En el post que os abr\u00ed ayer jueves, os comentaba que tendr\u00eda que ver mas modelos para ver que pasar\u00eda sobre todo en nuestra regi\u00f3n andaluza. Pues lo he estado mirando desde anoche que llegue del curro, y el viento ser\u00e1 el protagonista, acompa\u00f1ado de una bajada moderada de temperaturas y chubascos. Incluso la AEMET ha sacado una nota informativa advirtiendo de este temporal de viento y olas que se dar\u00e1 en la mayor parte de la\u00a0pen\u00ednsula, al final del post os pondr\u00e9 la nota informativa. Os pongo el mapa\u00a0de avisos de la Aemet.<\/strong><\/p>\n<p><strong>Os explico: Durante esta pr\u00f3xima madrugada un frente fr\u00edo llegara a la\u00a0pen\u00ednsula, este frente viene acompa\u00f1ado de una bolsa de aire frio a 500 hpa ( 5500 m), que se situara sobre el norte peninsular. Fuente aemet, hirlam<\/strong><\/p>\n<p><a href=\"https:\/\/blogs.diariosur.es\/tormentas-y-rayos\/2014\/01\/03\/ultima-horatemporal-de-viento-en-toda-la-peninsula-acompanado-de-lluvias-y-bajadas-de-temperaturas-el-sabado-dia-4-de-enero\/bolsa-13\/\" rel=\"attachment wp-att-7518\"><img loading=\"lazy\" class=\"aligncenter size-medium wp-image-7518\" title=\"bolsa\" src=\"\/tormentas-y-rayos\/wp-content\/uploads\/sites\/12\/2014\/01\/bolsa.jpg\" alt=\"\" width=\"600\" height=\"377\" srcset=\"https:\/\/static-blogs.diariosur.es\/wp-content\/uploads\/sites\/12\/2014\/01\/bolsa.jpg 769w, https:\/\/static-blogs.diariosur.es\/wp-content\/uploads\/sites\/12\/2014\/01\/bolsa-636x400.jpg 636w, https:\/\/static-blogs.diariosur.es\/wp-content\/uploads\/sites\/12\/2014\/01\/bolsa-768x483.jpg 768w\" sizes=\"(max-width: 600px) 100vw, 600px\" \/><\/a><\/p>\n<p>&nbsp;<\/p>\n<p><a href=\"https:\/\/blogs.diariosur.es\/tormentas-y-rayos\/2014\/01\/03\/ultima-horatemporal-de-viento-en-toda-la-peninsula-acompanado-de-lluvias-y-bajadas-de-temperaturas-el-sabado-dia-4-de-enero\/201401030500_s91g\/\" rel=\"attachment wp-att-7519\"><img loading=\"lazy\" class=\"aligncenter size-full wp-image-7519\" title=\"201401030500_s91g\" src=\"\/tormentas-y-rayos\/wp-content\/uploads\/sites\/12\/2014\/01\/201401030500_s91g.jpg\" alt=\"\" width=\"550\" height=\"488\" srcset=\"https:\/\/static-blogs.diariosur.es\/wp-content\/uploads\/sites\/12\/2014\/01\/201401030500_s91g.jpg 550w, https:\/\/static-blogs.diariosur.es\/wp-content\/uploads\/sites\/12\/2014\/01\/201401030500_s91g-451x400.jpg 451w\" sizes=\"(max-width: 550px) 100vw, 550px\" \/><\/a><\/p>\n<p>&nbsp;<\/p>\n<p>&nbsp;<\/p>\n<p><strong>Ademas se formara una baja en el norte. \u00a0Esto har\u00e1 que las isobaras se juntes mucho y durante unas horas el viento sea el mayor protagonista, asi como las nevadas, que se puedan dar con los desplomes de temperaturas a partir de 700 metros. <\/strong><\/p>\n<p><strong>Incluso las tormentas en el norte peninsular pueden ser fuertes.<\/strong><\/p>\n<p><strong>En\u00a0Andaluc\u00eda\u00a0el mayor protagonista sera el viento y los\u00a0fen\u00f3menos\u00a0costeros, tambi\u00e9n se pueden dar chubascos que pueden afectar a la provincia malague\u00f1a e incluso a la capital. Por este motivo la aemet activa el aviso amarillo por vientos y\u00a0fen\u00f3menos costeros en casi toda Andaluc\u00eda.<\/strong><\/p>\n<p><a href=\"https:\/\/blogs.diariosur.es\/tormentas-y-rayos\/2014\/01\/03\/ultima-horatemporal-de-viento-en-toda-la-peninsula-acompanado-de-lluvias-y-bajadas-de-temperaturas-el-sabado-dia-4-de-enero\/alert-2\/\" rel=\"attachment wp-att-7520\"><img loading=\"lazy\" class=\"aligncenter size-full wp-image-7520\" title=\"alert\" src=\"\/tormentas-y-rayos\/wp-content\/uploads\/sites\/12\/2014\/01\/alert.jpg\" alt=\"\" width=\"606\" height=\"419\" srcset=\"https:\/\/static-blogs.diariosur.es\/wp-content\/uploads\/sites\/12\/2014\/01\/alert.jpg 606w, https:\/\/static-blogs.diariosur.es\/wp-content\/uploads\/sites\/12\/2014\/01\/alert-579x400.jpg 579w\" sizes=\"(max-width: 606px) 100vw, 606px\" \/><\/a><\/p>\n<p><a href=\"https:\/\/blogs.diariosur.es\/tormentas-y-rayos\/2014\/01\/03\/ultima-horatemporal-de-viento-en-toda-la-peninsula-acompanado-de-lluvias-y-bajadas-de-temperaturas-el-sabado-dia-4-de-enero\/alerta-20\/\" rel=\"attachment wp-att-7521\"><img loading=\"lazy\" class=\"aligncenter size-full wp-image-7521\" title=\"alerta\" src=\"\/tormentas-y-rayos\/wp-content\/uploads\/sites\/12\/2014\/01\/alerta.jpg\" alt=\"\" width=\"634\" height=\"492\" srcset=\"https:\/\/static-blogs.diariosur.es\/wp-content\/uploads\/sites\/12\/2014\/01\/alerta.jpg 634w, https:\/\/static-blogs.diariosur.es\/wp-content\/uploads\/sites\/12\/2014\/01\/alerta-515x400.jpg 515w\" sizes=\"(max-width: 634px) 100vw, 634px\" \/><\/a><\/p>\n<p><strong>Para el domingo dia de la Cabalgata de Reyes no espero lluvias en Andaluc\u00eda, eso si, tanto papas como ni\u00f1os abrigaros. Os cuento un secreto, es el\u00a0\u00fanico\u00a0dia del a\u00f1o que no quiero que llueva, las\u00a0sonrisas de \u00a0los ni\u00f1os no la\u00a0cambiar\u00eda\u00a0por ni un mont\u00f3n de borrascas.\u00a0<\/strong><\/p>\n<p><strong>Poco mas que contar amigos de la meteo. Quiero saludar a un se\u00f1or de Alora que cuando hoy le\u00a0vend\u00eda\u00a0una cazadora me ha\u00a0reconocido, gracias por los consejos para el blog.<\/strong><\/p>\n<p><strong> Tambi\u00e9n darle un fuerte abrazo a un seguidor del blog, que ayer me puso un comentario que me cargo las pilas, Miguel es de \u00a0\u00a0Guip\u00fazcoa (San Sebasti\u00e1n) , comentarte que aqui es el viento norte, es el que trae el efecto foenh. Un abrazo<\/strong><\/p>\n<p><strong>Os dejo y si ma\u00f1ana puedo actualizare el blog en este mismo post. Como muchos sab\u00e9is estos dias ayudo a los Reyes Magos para sus \u00faltimos regalos,\u00a0perdonarme\u00a0si no puedo contestaros en los correos, Os dejo que tiro para el curro.<\/strong><\/p>\n<p><a href=\"https:\/\/blogs.diariosur.es\/tormentas-y-rayos\/2014\/01\/03\/ultima-horatemporal-de-viento-en-toda-la-peninsula-acompanado-de-lluvias-y-bajadas-de-temperaturas-el-sabado-dia-4-de-enero\/captura-225\/\" rel=\"attachment wp-att-7522\"><img loading=\"lazy\" class=\"aligncenter size-medium wp-image-7522\" title=\"Captura\" src=\"\/tormentas-y-rayos\/wp-content\/uploads\/sites\/12\/2014\/01\/Captura.jpg\" alt=\"\" width=\"466\" height=\"400\" srcset=\"https:\/\/static-blogs.diariosur.es\/wp-content\/uploads\/sites\/12\/2014\/01\/Captura.jpg 748w, https:\/\/static-blogs.diariosur.es\/wp-content\/uploads\/sites\/12\/2014\/01\/Captura-466x400.jpg 466w\" sizes=\"(max-width: 466px) 100vw, 466px\" \/><\/a><\/p>\n","protected":false},"excerpt":{"rendered":"<p>ACTUALIZACI\u00d3N 4 DE ENERO SIETE DE LA MA\u00d1ANA: Buenos dias amigos de la meteo, son las siete de la ma\u00f1ana, registro 13 grados y caen mijillas, por el interior de la provincia si se han registrado algunos chubascos como\u00a0pod\u00e9is\u00a0ver en esta imagen del\u00a0radar. &nbsp; El frente ya se ve\u00a0perfectamente entrando en la\u00a0pen\u00ednsula, asi como tambi\u00e9n [&hellip;]<\/p>\n","protected":false},"author":16,"featured_media":7521,"comment_status":"open","ping_status":"open","sticky":false,"template":"","format":"standard","meta":[],"categories":[2],"tags":[27,63,94,151,569,676,769,877,966,1029,1059],"_links":{"self":[{"href":"https:\/\/blogs.diariosur.es\/tormentas-y-rayos\/wp-json\/wp\/v2\/posts\/7517"}],"collection":[{"href":"https:\/\/blogs.diariosur.es\/tormentas-y-rayos\/wp-json\/wp\/v2\/posts"}],"about":[{"href":"https:\/\/blogs.diariosur.es\/tormentas-y-rayos\/wp-json\/wp\/v2\/types\/post"}],"author":[{"embeddable":true,"href":"https:\/\/blogs.diariosur.es\/tormentas-y-rayos\/wp-json\/wp\/v2\/users\/16"}],"replies":[{"embeddable":true,"href":"https:\/\/blogs.diariosur.es\/tormentas-y-rayos\/wp-json\/wp\/v2\/comments?post=7517"}],"version-history":[{"count":0,"href":"https:\/\/blogs.diariosur.es\/tormentas-y-rayos\/wp-json\/wp\/v2\/posts\/7517\/revisions"}],"wp:featuredmedia":[{"embeddable":true,"href":"https:\/\/blogs.diariosur.es\/tormentas-y-rayos\/wp-json\/wp\/v2\/media\/7521"}],"wp:attachment":[{"href":"https:\/\/blogs.diariosur.es\/tormentas-y-rayos\/wp-json\/wp\/v2\/media?parent=7517"}],"wp:term":[{"taxonomy":"category","embeddable":true,"href":"https:\/\/blogs.diariosur.es\/tormentas-y-rayos\/wp-json\/wp\/v2\/categories?post=7517"},{"taxonomy":"post_tag","embeddable":true,"href":"https:\/\/blogs.diariosur.es\/tormentas-y-rayos\/wp-json\/wp\/v2\/tags?post=7517"}],"curies":[{"name":"wp","href":"https:\/\/api.w.org\/{rel}","templated":true}]}}