{"id":7547,"date":"2014-01-07T07:29:13","date_gmt":"2014-01-07T06:29:13","guid":{"rendered":"http:\/\/blogs.diariosur.es\/tormentas-y-rayos\/?p=7547"},"modified":"2014-01-07T07:29:13","modified_gmt":"2014-01-07T06:29:13","slug":"las-rebajas-de-invierno-traen-subida-de-temperaturas-en-andalucia-impresionantes-olas-en-galicia-tenerife","status":"publish","type":"post","link":"https:\/\/blogs.diariosur.es\/tormentas-y-rayos\/2014\/01\/07\/las-rebajas-de-invierno-traen-subida-de-temperaturas-en-andalucia-impresionantes-olas-en-galicia-tenerife\/","title":{"rendered":"Las rebajas de invierno traen subida de temperaturas en Andaluc\u00eda. Impresionantes olas en Galicia, Tenerife."},"content":{"rendered":"<p><strong>Buenos dias amigos de la meteo. Son las seis y media de la ma\u00f1ana, registro 9,7 \u00a0grados y los cielos est\u00e1n despejados.<\/strong><\/p>\n<p><strong>\u00a0Que tal se han portado los Reyes ? conmigo muy bien, no me han tra\u00eddo una buena tormenta pero si un term\u00f3metro andante jijijij. Con este term\u00f3metro ya no me tendr\u00e9 que meterme \u00a0en el agua para tomar la temperatura, incluso lo puedo llevar en la moto, gracias Geno, me ha hecho mucha ilusi\u00f3n.<\/strong><\/p>\n<p><a href=\"https:\/\/blogs.diariosur.es\/tormentas-y-rayos\/2014\/01\/07\/las-rebajas-de-invierno-traen-subida-de-temperaturas-en-andalucia-impresionantes-olas-en-galicia-tenerife\/1526556_10201891476147503_581049624_n\/\" rel=\"attachment wp-att-7548\"><img loading=\"lazy\" class=\"aligncenter size-full wp-image-7548\" title=\"1526556_10201891476147503_581049624_n\" src=\"\/tormentas-y-rayos\/wp-content\/uploads\/sites\/12\/2014\/01\/1526556_10201891476147503_581049624_n.jpg\" alt=\"\" width=\"642\" height=\"480\" srcset=\"https:\/\/static-blogs.diariosur.es\/wp-content\/uploads\/sites\/12\/2014\/01\/1526556_10201891476147503_581049624_n.jpg 642w, https:\/\/static-blogs.diariosur.es\/wp-content\/uploads\/sites\/12\/2014\/01\/1526556_10201891476147503_581049624_n-535x400.jpg 535w\" sizes=\"(max-width: 642px) 100vw, 642px\" \/><\/a><\/p>\n<p><strong>\u00a0<\/strong><\/p>\n<p><strong>Bueno amigos, seguimos con la misma t\u00f3nica del a\u00f1o pasado, la situaci\u00f3n zonal es la protagonista. La zona del noroeste peninsular seguir\u00e1 siendo regada por sucesivos frentes, mientras en Andaluc\u00eda tendremos subidas de temperaturas\u00a0m\u00e1ximas,\u00a0y viento moderado de \u00a0levante a partir de ma\u00f1ana. Y es que viendo las temperaturas a 850 hpa ( 1500 m) rondaran los 12 grados en muchos\u00a0puntos de la\u00a0pen\u00ednsula. Fuente meteociel gfs<\/strong><\/p>\n<p><a href=\"https:\/\/blogs.diariosur.es\/tormentas-y-rayos\/2014\/01\/07\/las-rebajas-de-invierno-traen-subida-de-temperaturas-en-andalucia-impresionantes-olas-en-galicia-tenerife\/gfs-1-48-2\/\" rel=\"attachment wp-att-7549\"><img loading=\"lazy\" class=\"aligncenter size-medium wp-image-7549\" title=\"gfs-1-48\" src=\"\/tormentas-y-rayos\/wp-content\/uploads\/sites\/12\/2014\/01\/gfs-1-48.png\" alt=\"\" width=\"600\" height=\"400\" srcset=\"https:\/\/static-blogs.diariosur.es\/wp-content\/uploads\/sites\/12\/2014\/01\/gfs-1-48.png 768w, https:\/\/static-blogs.diariosur.es\/wp-content\/uploads\/sites\/12\/2014\/01\/gfs-1-48-600x400.png 600w\" sizes=\"(max-width: 600px) 100vw, 600px\" \/><\/a><\/p>\n<p>&nbsp;<\/p>\n<p><strong>El Valle del Guadalquivir pasaran de los 23 grados. Y asi seguiremos si no hay cambios\u00a0de ultima hora hasta el fin de semana.<\/strong><\/p>\n<p><strong> A partir del jueves, una vaguada llegara hasta las Islas Canarias y formara bolsa de aire fr\u00edo \u00a0que\u00a0tendr\u00e1\u00a0reflejo en altura, inestabilizando el tiempo en las Islas Canarias, donde la lluvias\u00a0ser\u00e1n\u00a0la\u00a0protagonista. En las islas mas occidentales pueden ser fuertes, pero esto lo veremos mejor cuando actualice el blog el jueves. Fuente aemet.<\/strong><\/p>\n<p><a href=\"https:\/\/blogs.diariosur.es\/tormentas-y-rayos\/2014\/01\/07\/las-rebajas-de-invierno-traen-subida-de-temperaturas-en-andalucia-impresionantes-olas-en-galicia-tenerife\/borrasaca-canarias\/\" rel=\"attachment wp-att-7560\"><img loading=\"lazy\" class=\"aligncenter size-medium wp-image-7560\" title=\"borrasaca canarias\" src=\"\/tormentas-y-rayos\/wp-content\/uploads\/sites\/12\/2014\/01\/borrasaca-canarias.jpg\" alt=\"\" width=\"530\" height=\"400\" srcset=\"https:\/\/static-blogs.diariosur.es\/wp-content\/uploads\/sites\/12\/2014\/01\/borrasaca-canarias.jpg 746w, https:\/\/static-blogs.diariosur.es\/wp-content\/uploads\/sites\/12\/2014\/01\/borrasaca-canarias-530x400.jpg 530w\" sizes=\"(max-width: 530px) 100vw, 530px\" \/><\/a><\/p>\n<p>&nbsp;<\/p>\n<p><strong>Como hab\u00e9is le\u00eddo en el titulo del post, se han dado olas gigantes debido a la potente borrasca \u00a0( Hercules) que primero trajo el temporal de nieve y fr\u00edo a la costa este de EEUU ( Nueva York \u00a0menos 20 grados bajo cero) \u00a0y mas tarde el impresionante temporal de viento en el Atl\u00e1ntico<\/strong> <strong>norte, que esta afectando a las Islas\u00a0Brit\u00e1nicas, \u00a0noroeste de la\u00a0pen\u00ednsula\u00a0y hasta Canarias, donde llegan una mar de fondo bestial.\u00a0<\/strong><\/p>\n<p><strong>Mi amigo Ivan Delli cazo esta ola rompiendo \u00a0ayer en Tenerife, es un fot\u00f3n. Sin palabras amigo.<\/strong><\/p>\n<p><a href=\"https:\/\/blogs.diariosur.es\/tormentas-y-rayos\/2014\/01\/07\/las-rebajas-de-invierno-traen-subida-de-temperaturas-en-andalucia-impresionantes-olas-en-galicia-tenerife\/1506162_522903674475564_1359428561_o\/\" rel=\"attachment wp-att-7550\"><img loading=\"lazy\" class=\"aligncenter size-full wp-image-7550\" title=\"1506162_522903674475564_1359428561_o\" src=\"\/tormentas-y-rayos\/wp-content\/uploads\/sites\/12\/2014\/01\/1506162_522903674475564_1359428561_o.jpg\" alt=\"\" width=\"640\" height=\"428\" srcset=\"https:\/\/static-blogs.diariosur.es\/wp-content\/uploads\/sites\/12\/2014\/01\/1506162_522903674475564_1359428561_o.jpg 640w, https:\/\/static-blogs.diariosur.es\/wp-content\/uploads\/sites\/12\/2014\/01\/1506162_522903674475564_1359428561_o-598x400.jpg 598w\" sizes=\"(max-width: 640px) 100vw, 640px\" \/><\/a><\/p>\n<p><strong>En Galicia estuvieron ayer en aviso rojo por\u00a0fen\u00f3menos\u00a0costeros ( olas) que algunas llegaron a los 11 metros de altura. Os paso unas imagenes.<\/strong><\/p>\n<p><a href=\"https:\/\/blogs.diariosur.es\/tormentas-y-rayos\/2014\/01\/07\/las-rebajas-de-invierno-traen-subida-de-temperaturas-en-andalucia-impresionantes-olas-en-galicia-tenerife\/olas1\/\" rel=\"attachment wp-att-7551\"><img loading=\"lazy\" class=\"aligncenter size-medium wp-image-7551\" title=\"olas1\" src=\"\/tormentas-y-rayos\/wp-content\/uploads\/sites\/12\/2014\/01\/olas1.jpg\" alt=\"\" width=\"600\" height=\"348\" srcset=\"https:\/\/static-blogs.diariosur.es\/wp-content\/uploads\/sites\/12\/2014\/01\/olas1.jpg 800w, https:\/\/static-blogs.diariosur.es\/wp-content\/uploads\/sites\/12\/2014\/01\/olas1-640x372.jpg 640w, https:\/\/static-blogs.diariosur.es\/wp-content\/uploads\/sites\/12\/2014\/01\/olas1-768x446.jpg 768w\" sizes=\"(max-width: 600px) 100vw, 600px\" \/><\/a><\/p>\n<p>&nbsp;<\/p>\n<p><a href=\"https:\/\/blogs.diariosur.es\/tormentas-y-rayos\/2014\/01\/07\/las-rebajas-de-invierno-traen-subida-de-temperaturas-en-andalucia-impresionantes-olas-en-galicia-tenerife\/oo\/\" rel=\"attachment wp-att-7552\"><img loading=\"lazy\" class=\"aligncenter size-medium wp-image-7552\" title=\"oo\" src=\"\/tormentas-y-rayos\/wp-content\/uploads\/sites\/12\/2014\/01\/oo.jpg\" alt=\"\" width=\"600\" height=\"354\" srcset=\"https:\/\/static-blogs.diariosur.es\/wp-content\/uploads\/sites\/12\/2014\/01\/oo.jpg 802w, https:\/\/static-blogs.diariosur.es\/wp-content\/uploads\/sites\/12\/2014\/01\/oo-640x378.jpg 640w, https:\/\/static-blogs.diariosur.es\/wp-content\/uploads\/sites\/12\/2014\/01\/oo-768x454.jpg 768w\" sizes=\"(max-width: 600px) 100vw, 600px\" \/><\/a><\/p>\n<p><a href=\"https:\/\/blogs.diariosur.es\/tormentas-y-rayos\/2014\/01\/07\/las-rebajas-de-invierno-traen-subida-de-temperaturas-en-andalucia-impresionantes-olas-en-galicia-tenerife\/ola2\/\" rel=\"attachment wp-att-7553\"><img loading=\"lazy\" class=\"aligncenter size-medium wp-image-7553\" title=\"ola2\" src=\"\/tormentas-y-rayos\/wp-content\/uploads\/sites\/12\/2014\/01\/ola2.jpg\" alt=\"\" width=\"600\" height=\"381\" srcset=\"https:\/\/static-blogs.diariosur.es\/wp-content\/uploads\/sites\/12\/2014\/01\/ola2.jpg 798w, https:\/\/static-blogs.diariosur.es\/wp-content\/uploads\/sites\/12\/2014\/01\/ola2-628x400.jpg 628w, https:\/\/static-blogs.diariosur.es\/wp-content\/uploads\/sites\/12\/2014\/01\/ola2-768x489.jpg 768w\" sizes=\"(max-width: 600px) 100vw, 600px\" \/><\/a><\/p>\n<p><strong>Os paso esta foto en el suroeste de Gran Breta\u00f1a Lands End, bestial.<\/strong><\/p>\n<p><a href=\"https:\/\/blogs.diariosur.es\/tormentas-y-rayos\/2014\/01\/07\/las-rebajas-de-invierno-traen-subida-de-temperaturas-en-andalucia-impresionantes-olas-en-galicia-tenerife\/olas\/\" rel=\"attachment wp-att-7554\"><img loading=\"lazy\" class=\"aligncenter size-full wp-image-7554\" title=\"olas\" src=\"\/tormentas-y-rayos\/wp-content\/uploads\/sites\/12\/2014\/01\/olas.jpg\" alt=\"\" width=\"552\" height=\"415\" srcset=\"https:\/\/static-blogs.diariosur.es\/wp-content\/uploads\/sites\/12\/2014\/01\/olas.jpg 552w, https:\/\/static-blogs.diariosur.es\/wp-content\/uploads\/sites\/12\/2014\/01\/olas-532x400.jpg 532w\" sizes=\"(max-width: 552px) 100vw, 552px\" \/><\/a><\/p>\n<p>&nbsp;<\/p>\n<p><strong>Mientras en M\u00e1laga el mar estaba como un plato el dia 5 de Enero y los lenticularis eran los protagonistas.<\/strong><\/p>\n<p><img loading=\"lazy\" class=\"aligncenter\" src=\"\/\/farm4.staticflickr.com\/3751\/11794643604_f0cf80437d_z.jpg\" alt=\"\" width=\"640\" height=\"380\" \/><\/p>\n<p>&nbsp;<\/p>\n<p><img loading=\"lazy\" class=\"aligncenter\" src=\"\/\/farm6.staticflickr.com\/5471\/11794226185_b45cdfdc3d_z.jpg\" alt=\"\" width=\"640\" height=\"407\" \/><\/p>\n<p>&nbsp;<\/p>\n<p><strong>En Mallorca tambi\u00e9n disfrutaban de bellos cielos, mi amiga Maria Canals Esteva cazo este impresionante candilazo. Un fot\u00f3n amiga.<\/strong><\/p>\n<p><a href=\"https:\/\/blogs.diariosur.es\/tormentas-y-rayos\/2014\/01\/07\/las-rebajas-de-invierno-traen-subida-de-temperaturas-en-andalucia-impresionantes-olas-en-galicia-tenerife\/maria-canals-esteva-2-3\/\" rel=\"attachment wp-att-7562\"><img loading=\"lazy\" class=\"aligncenter size-full wp-image-7562\" title=\"maria canals esteva (2)\" src=\"\/tormentas-y-rayos\/wp-content\/uploads\/sites\/12\/2014\/01\/maria-canals-esteva-21.jpg\" alt=\"\" width=\"640\" height=\"469\" srcset=\"https:\/\/static-blogs.diariosur.es\/wp-content\/uploads\/sites\/12\/2014\/01\/maria-canals-esteva-21.jpg 640w, https:\/\/static-blogs.diariosur.es\/wp-content\/uploads\/sites\/12\/2014\/01\/maria-canals-esteva-21-546x400.jpg 546w\" sizes=\"(max-width: 640px) 100vw, 640px\" \/><\/a><\/p>\n<p><strong>Poco mas que contar amigos de la meteo, os dejo con estas bonitas fotos que me ha pasado mi sobrino Nacho Romero Lozano desde Sierra Nevada. Me comentaba que el\u00a0s\u00e1bado\u00a0dia 4 de pronto les cayo\u00a0una fuerte granizada acompa\u00f1ada de fuerte viento. Gracias por compartir las fotos en el blog, la del mar de nubes es una pasada.<\/strong><\/p>\n<p><a href=\"https:\/\/blogs.diariosur.es\/tormentas-y-rayos\/2014\/01\/07\/las-rebajas-de-invierno-traen-subida-de-temperaturas-en-andalucia-impresionantes-olas-en-galicia-tenerife\/1504106_234925856688094_244883681_n-2\/\" rel=\"attachment wp-att-7556\"><img loading=\"lazy\" class=\"aligncenter size-full wp-image-7556\" title=\"1504106_234925856688094_244883681_n\" src=\"\/tormentas-y-rayos\/wp-content\/uploads\/sites\/12\/2014\/01\/1504106_234925856688094_244883681_n1.jpg\" alt=\"\" width=\"600\" height=\"600\" srcset=\"https:\/\/static-blogs.diariosur.es\/wp-content\/uploads\/sites\/12\/2014\/01\/1504106_234925856688094_244883681_n1.jpg 600w, https:\/\/static-blogs.diariosur.es\/wp-content\/uploads\/sites\/12\/2014\/01\/1504106_234925856688094_244883681_n1-150x150.jpg 150w, https:\/\/static-blogs.diariosur.es\/wp-content\/uploads\/sites\/12\/2014\/01\/1504106_234925856688094_244883681_n1-400x400.jpg 400w\" sizes=\"(max-width: 600px) 100vw, 600px\" \/><\/a><\/p>\n<p><a href=\"https:\/\/blogs.diariosur.es\/tormentas-y-rayos\/2014\/01\/07\/las-rebajas-de-invierno-traen-subida-de-temperaturas-en-andalucia-impresionantes-olas-en-galicia-tenerife\/1506438_234925840021429_2089756836_n\/\" rel=\"attachment wp-att-7557\"><img loading=\"lazy\" class=\"aligncenter size-full wp-image-7557\" title=\"1506438_234925840021429_2089756836_n\" src=\"\/tormentas-y-rayos\/wp-content\/uploads\/sites\/12\/2014\/01\/1506438_234925840021429_2089756836_n.jpg\" alt=\"\" width=\"600\" height=\"450\" srcset=\"https:\/\/static-blogs.diariosur.es\/wp-content\/uploads\/sites\/12\/2014\/01\/1506438_234925840021429_2089756836_n.jpg 600w, https:\/\/static-blogs.diariosur.es\/wp-content\/uploads\/sites\/12\/2014\/01\/1506438_234925840021429_2089756836_n-533x400.jpg 533w\" sizes=\"(max-width: 600px) 100vw, 600px\" \/><\/a><\/p>\n<p>&nbsp;<\/p>\n<p>&nbsp;<\/p>\n","protected":false},"excerpt":{"rendered":"<p>Buenos dias amigos de la meteo. Son las seis y media de la ma\u00f1ana, registro 9,7 \u00a0grados y los cielos est\u00e1n despejados. \u00a0Que tal se han portado los Reyes ? conmigo muy bien, no me han tra\u00eddo una buena tormenta pero si un term\u00f3metro andante jijijij. Con este term\u00f3metro ya no me tendr\u00e9 que meterme [&hellip;]<\/p>\n","protected":false},"author":16,"featured_media":7550,"comment_status":"open","ping_status":"open","sticky":false,"template":"","format":"standard","meta":[],"categories":[2],"tags":[442,504,736,848,936,962,969,1014],"_links":{"self":[{"href":"https:\/\/blogs.diariosur.es\/tormentas-y-rayos\/wp-json\/wp\/v2\/posts\/7547"}],"collection":[{"href":"https:\/\/blogs.diariosur.es\/tormentas-y-rayos\/wp-json\/wp\/v2\/posts"}],"about":[{"href":"https:\/\/blogs.diariosur.es\/tormentas-y-rayos\/wp-json\/wp\/v2\/types\/post"}],"author":[{"embeddable":true,"href":"https:\/\/blogs.diariosur.es\/tormentas-y-rayos\/wp-json\/wp\/v2\/users\/16"}],"replies":[{"embeddable":true,"href":"https:\/\/blogs.diariosur.es\/tormentas-y-rayos\/wp-json\/wp\/v2\/comments?post=7547"}],"version-history":[{"count":0,"href":"https:\/\/blogs.diariosur.es\/tormentas-y-rayos\/wp-json\/wp\/v2\/posts\/7547\/revisions"}],"wp:featuredmedia":[{"embeddable":true,"href":"https:\/\/blogs.diariosur.es\/tormentas-y-rayos\/wp-json\/wp\/v2\/media\/7550"}],"wp:attachment":[{"href":"https:\/\/blogs.diariosur.es\/tormentas-y-rayos\/wp-json\/wp\/v2\/media?parent=7547"}],"wp:term":[{"taxonomy":"category","embeddable":true,"href":"https:\/\/blogs.diariosur.es\/tormentas-y-rayos\/wp-json\/wp\/v2\/categories?post=7547"},{"taxonomy":"post_tag","embeddable":true,"href":"https:\/\/blogs.diariosur.es\/tormentas-y-rayos\/wp-json\/wp\/v2\/tags?post=7547"}],"curies":[{"name":"wp","href":"https:\/\/api.w.org\/{rel}","templated":true}]}}