{"id":7564,"date":"2014-01-09T09:07:42","date_gmt":"2014-01-09T08:07:42","guid":{"rendered":"http:\/\/blogs.diariosur.es\/tormentas-y-rayos\/?p=7564"},"modified":"2014-01-09T09:07:42","modified_gmt":"2014-01-09T08:07:42","slug":"hoy-jueves-nevara-en-las-islas-canarias-la-lluvia-y-el-frio-pueden-ser-los-protagonistas-la-semana-que-viene-en-toda-la-peninsula","status":"publish","type":"post","link":"https:\/\/blogs.diariosur.es\/tormentas-y-rayos\/2014\/01\/09\/hoy-jueves-nevara-en-las-islas-canarias-la-lluvia-y-el-frio-pueden-ser-los-protagonistas-la-semana-que-viene-en-toda-la-peninsula\/","title":{"rendered":"Hoy jueves nevara en las Islas Canarias. &#8220;La lluvia y el fr\u00edo pueden ser los protagonistas la semana que viene en toda la pen\u00ednsula&#8221;."},"content":{"rendered":"<p><strong>Buenos dias amigos de la meteo.<\/strong><\/p>\n<p><strong>Son las seis de la ma\u00f1ana, registro 8,5 grados y los cielos est\u00e1n algo nubosos, casi seguro que tenemos un bonito amanecer, que me gustar\u00eda fotografiar dentro de un rato.<\/strong><\/p>\n<p><strong>Por fin hoy jueves libro y podre dedicarle mas tiempo a mirar los modelos y verificar ese posible cambio de tiempo que se espera para la semana que viene en toda la\u00a0pen\u00ednsula. Este cambio de tiempo\u00a0parece ser que vendr\u00eda dado por una situaci\u00f3n en rombo. Pero vamos por partes, y primero hablemos de esa vaguada que ya esta afectando a las Islas Canarias con una bolsa de aire fr\u00edo, que ya deja precipitaciones en las Islas mas occidentales. Seguro que en el Teide esta nevando a partir de los 1900 metros. Estoy mirando el radar e incluso los\u00a0fen\u00f3menos\u00a0tormentosos son los\u00a0protagonistas ahora mismo. Os paso una imagen del radar de la Aemet y una imagen del satelite eumetsat.<\/strong><\/p>\n<p><a href=\"https:\/\/blogs.diariosur.es\/tormentas-y-rayos\/2014\/01\/09\/hoy-jueves-nevara-en-las-islas-canarias-la-lluvia-y-el-frio-pueden-ser-los-protagonistas-la-semana-que-viene-en-toda-la-peninsula\/201401090430_r8ca\/\" rel=\"attachment wp-att-7565\"><img loading=\"lazy\" class=\"aligncenter size-full wp-image-7565\" title=\"201401090430_r8ca\" src=\"\/tormentas-y-rayos\/wp-content\/uploads\/sites\/12\/2014\/01\/201401090430_r8ca.jpg\" alt=\"\" width=\"480\" height=\"530\" srcset=\"https:\/\/static-blogs.diariosur.es\/wp-content\/uploads\/sites\/12\/2014\/01\/201401090430_r8ca.jpg 480w, https:\/\/static-blogs.diariosur.es\/wp-content\/uploads\/sites\/12\/2014\/01\/201401090430_r8ca-362x400.jpg 362w\" sizes=\"(max-width: 480px) 100vw, 480px\" \/><\/a><\/p>\n<p><a href=\"https:\/\/blogs.diariosur.es\/tormentas-y-rayos\/2014\/01\/09\/hoy-jueves-nevara-en-las-islas-canarias-la-lluvia-y-el-frio-pueden-ser-los-protagonistas-la-semana-que-viene-en-toda-la-peninsula\/webexterna_ir87_04-30-6\/\" rel=\"attachment wp-att-7566\"><img loading=\"lazy\" class=\"aligncenter size-medium wp-image-7566\" title=\"webexterna_IR87_[04-30]\" src=\"\/tormentas-y-rayos\/wp-content\/uploads\/sites\/12\/2014\/01\/webexterna_IR87_04-30.jpg\" alt=\"\" width=\"579\" height=\"400\" srcset=\"https:\/\/static-blogs.diariosur.es\/wp-content\/uploads\/sites\/12\/2014\/01\/webexterna_IR87_04-30.jpg 750w, https:\/\/static-blogs.diariosur.es\/wp-content\/uploads\/sites\/12\/2014\/01\/webexterna_IR87_04-30-579x400.jpg 579w\" sizes=\"(max-width: 579px) 100vw, 579px\" \/><\/a><\/p>\n<p>&nbsp;<\/p>\n<p><strong>\u00a0<\/strong><\/p>\n<p><strong>Por este motivo la Aemet ha activado la alerta amarilla y naranja por <span style=\"color: #ff0000;\">nevadas<\/span><span style=\"color: #000000;\"> y<\/span><span style=\"color: #ff0000;\"><strong>\u00a0<\/strong><\/span>lluvias. Asi es amigos, hoy nevara en las Islas Canarias \u00a0de mayor relieve a\u00a0partir\u00a0de 1900\u00a0metros.<\/strong><\/p>\n<p><a href=\"https:\/\/blogs.diariosur.es\/tormentas-y-rayos\/2014\/01\/09\/hoy-jueves-nevara-en-las-islas-canarias-la-lluvia-y-el-frio-pueden-ser-los-protagonistas-la-semana-que-viene-en-toda-la-peninsula\/captura-230\/\" rel=\"attachment wp-att-7570\"><img loading=\"lazy\" class=\"aligncenter size-full wp-image-7570\" title=\"Captura\" src=\"\/tormentas-y-rayos\/wp-content\/uploads\/sites\/12\/2014\/01\/Captura5.jpg\" alt=\"\" width=\"529\" height=\"378\" \/><\/a><\/p>\n<p>&nbsp;<\/p>\n<p><strong>Ultima hora, estoy leyendo a mi amigo Ivan \u00a0Delli en Facebook, \u00a0comenta que incluso se han producido fuertes granizadas. Os paso una foto de Ivan de la tormenta que afecta a Tenerife.<\/strong><\/p>\n<p><a href=\"https:\/\/blogs.diariosur.es\/tormentas-y-rayos\/2014\/01\/09\/hoy-jueves-nevara-en-las-islas-canarias-la-lluvia-y-el-frio-pueden-ser-los-protagonistas-la-semana-que-viene-en-toda-la-peninsula\/1510903_524416560990942_595125680_n\/\" rel=\"attachment wp-att-7577\"><img loading=\"lazy\" class=\"aligncenter size-medium wp-image-7577\" title=\"1510903_524416560990942_595125680_n\" src=\"\/tormentas-y-rayos\/wp-content\/uploads\/sites\/12\/2014\/01\/1510903_524416560990942_595125680_n.jpg\" alt=\"\" width=\"597\" height=\"400\" srcset=\"https:\/\/static-blogs.diariosur.es\/wp-content\/uploads\/sites\/12\/2014\/01\/1510903_524416560990942_595125680_n.jpg 717w, https:\/\/static-blogs.diariosur.es\/wp-content\/uploads\/sites\/12\/2014\/01\/1510903_524416560990942_595125680_n-598x400.jpg 598w\" sizes=\"(max-width: 597px) 100vw, 597px\" \/><\/a><\/p>\n<p><strong>La bolsa de aire fr\u00edo que esta en Canarias se ira trasladando hacia Marruecos a partir del viernes y se situara el s\u00e1bado cerca del mar de Alboran o norte de Marruecos. En esta secuencia podeis ver su movimiento. Fuente Aemet Hirlam.<\/strong><\/p>\n<p><a href=\"https:\/\/blogs.diariosur.es\/tormentas-y-rayos\/2014\/01\/09\/hoy-jueves-nevara-en-las-islas-canarias-la-lluvia-y-el-frio-pueden-ser-los-protagonistas-la-semana-que-viene-en-toda-la-peninsula\/1-32\/\" rel=\"attachment wp-att-7567\"><img loading=\"lazy\" class=\"aligncenter size-medium wp-image-7567\" title=\"1\" src=\"\/tormentas-y-rayos\/wp-content\/uploads\/sites\/12\/2014\/01\/1.jpg\" alt=\"\" width=\"600\" height=\"396\" srcset=\"https:\/\/static-blogs.diariosur.es\/wp-content\/uploads\/sites\/12\/2014\/01\/1.jpg 759w, https:\/\/static-blogs.diariosur.es\/wp-content\/uploads\/sites\/12\/2014\/01\/1-606x400.jpg 606w\" sizes=\"(max-width: 600px) 100vw, 600px\" \/><\/a><a href=\"https:\/\/blogs.diariosur.es\/tormentas-y-rayos\/2014\/01\/09\/hoy-jueves-nevara-en-las-islas-canarias-la-lluvia-y-el-frio-pueden-ser-los-protagonistas-la-semana-que-viene-en-toda-la-peninsula\/2-30\/\" rel=\"attachment wp-att-7568\"><img loading=\"lazy\" class=\"aligncenter size-medium wp-image-7568\" title=\"2\" src=\"\/tormentas-y-rayos\/wp-content\/uploads\/sites\/12\/2014\/01\/22.jpg\" alt=\"\" width=\"524\" height=\"400\" srcset=\"https:\/\/static-blogs.diariosur.es\/wp-content\/uploads\/sites\/12\/2014\/01\/22.jpg 758w, https:\/\/static-blogs.diariosur.es\/wp-content\/uploads\/sites\/12\/2014\/01\/22-525x400.jpg 525w\" sizes=\"(max-width: 524px) 100vw, 524px\" \/><\/a><a href=\"https:\/\/blogs.diariosur.es\/tormentas-y-rayos\/2014\/01\/09\/hoy-jueves-nevara-en-las-islas-canarias-la-lluvia-y-el-frio-pueden-ser-los-protagonistas-la-semana-que-viene-en-toda-la-peninsula\/3-28\/\" rel=\"attachment wp-att-7569\"><img loading=\"lazy\" class=\"aligncenter size-medium wp-image-7569\" title=\"3\" src=\"\/tormentas-y-rayos\/wp-content\/uploads\/sites\/12\/2014\/01\/3.jpg\" alt=\"\" width=\"526\" height=\"400\" srcset=\"https:\/\/static-blogs.diariosur.es\/wp-content\/uploads\/sites\/12\/2014\/01\/3.jpg 758w, https:\/\/static-blogs.diariosur.es\/wp-content\/uploads\/sites\/12\/2014\/01\/3-526x400.jpg 526w\" sizes=\"(max-width: 526px) 100vw, 526px\" \/><\/a><\/p>\n<p>&nbsp;<\/p>\n<p>&nbsp;<\/p>\n<p><strong>Muchos me preguntareis y que pasa con esa bolsa de aire fr\u00edo Jose? pues muy\u00a0f\u00e1cil\u00a0amigos, el\u00a0s\u00e1bado\u00a0hay posibilidad de chubascos en Andaluc\u00eda. Todo\u00a0depender\u00e1\u00a0de como se\u00a0situ\u00e9\u00a0al final la bolsa de\u00a0aire\u00a0fr\u00edo, de todas formas los modelos no dan mucha precipitaci\u00f3n y lo mismo apenas cae nada. Esto lo veremos mejor ma\u00f1ana viernes\u00a0cuando\u00a0os de la\u00a0previsi\u00f3n\u00a0para el fin de semana.<\/strong><\/p>\n<p><strong>Ahora con vuestro permiso cuando son las siete y media tiro para la playa para fotografiar el amanecer y tambi\u00e9n medir la temperatura del agua. En seguida estoy con vosotros.<\/strong><\/p>\n<p><strong>Ya de vuelta amigos, lechessss que fr\u00edo he pasado, los\u00a0term\u00f3metros\u00a0del paseo \u00a0mar\u00edtimo\u00a0marcaban 6 grados. Pero ha sido una pasada ver el\u00a0amanecer\u00a0de hoy, os paso dos fotos. Se me olvidaba, el agua del mar\u00a0esta a 14 grados.<\/strong><\/p>\n<p><a href=\"https:\/\/blogs.diariosur.es\/tormentas-y-rayos\/2014\/01\/09\/hoy-jueves-nevara-en-las-islas-canarias-la-lluvia-y-el-frio-pueden-ser-los-protagonistas-la-semana-que-viene-en-toda-la-peninsula\/olympus-digital-camera-1570\/\" rel=\"attachment wp-att-7575\"><img loading=\"lazy\" class=\"aligncenter size-full wp-image-7575\" title=\"OLYMPUS DIGITAL CAMERA\" src=\"\/tormentas-y-rayos\/wp-content\/uploads\/sites\/12\" alt=\"\" width=\"640\" height=\"480\" \/><\/a><\/p>\n<p><a href=\"https:\/\/blogs.diariosur.es\/tormentas-y-rayos\/2014\/01\/09\/hoy-jueves-nevara-en-las-islas-canarias-la-lluvia-y-el-frio-pueden-ser-los-protagonistas-la-semana-que-viene-en-toda-la-peninsula\/olympus-digital-camera-1571\/\" rel=\"attachment wp-att-7576\"><img loading=\"lazy\" class=\"aligncenter size-full wp-image-7576\" title=\"OLYMPUS DIGITAL CAMERA\" src=\"\/tormentas-y-rayos\/wp-content\/uploads\/sites\/12\/2014\/01\/a1.jpg\" alt=\"\" width=\"640\" height=\"416\" srcset=\"https:\/\/static-blogs.diariosur.es\/wp-content\/uploads\/sites\/12\/2014\/01\/a1.jpg 640w, https:\/\/static-blogs.diariosur.es\/wp-content\/uploads\/sites\/12\/2014\/01\/a1-615x400.jpg 615w\" sizes=\"(max-width: 640px) 100vw, 640px\" \/><\/a><\/p>\n<p><strong>Como\u00a0pod\u00e9is\u00a0ver en el titulo del post pongo entre comillas que la lluvia y el fr\u00edo pueden ser los protagonistas la semana que viene. La gran\u00a0mayor\u00eda\u00a0de los modelos dan este cambio, que\u00a0vendr\u00eda\u00a0dado\u00a0por\u00a0el paso de varios frentes que\u00a0cruzar\u00edan\u00a0la\u00a0pen\u00ednsula y si\u00a0llegar\u00edan\u00a0a nuestra regi\u00f3n\u00a0andaluza. Siendo el jueves y el viernes cuando mas\u00a0llover\u00eda, e incluso la nieve seria la protagonista a partir de 1300 metros.\u00a0 Este mapa previsto para el viernes es una pasada.\u00a0Fuente\u00a0meteociel gfs<\/strong><\/p>\n<p><a href=\"https:\/\/blogs.diariosur.es\/tormentas-y-rayos\/2014\/01\/09\/hoy-jueves-nevara-en-las-islas-canarias-la-lluvia-y-el-frio-pueden-ser-los-protagonistas-la-semana-que-viene-en-toda-la-peninsula\/gfs-0-204\/\" rel=\"attachment wp-att-7571\"><img loading=\"lazy\" class=\"aligncenter size-medium wp-image-7571\" title=\"gfs-0-204\" src=\"\/tormentas-y-rayos\/wp-content\/uploads\/sites\/12\/2014\/01\/gfs-0-204.png\" alt=\"\" width=\"600\" height=\"400\" srcset=\"https:\/\/static-blogs.diariosur.es\/wp-content\/uploads\/sites\/12\/2014\/01\/gfs-0-204.png 768w, https:\/\/static-blogs.diariosur.es\/wp-content\/uploads\/sites\/12\/2014\/01\/gfs-0-204-600x400.png 600w\" sizes=\"(max-width: 600px) 100vw, 600px\" \/><\/a><\/p>\n<p><strong>Pero esto lo iremos viendo poco a poco.\u00a0<\/strong><\/p>\n<p><strong>El dia pasado os comentaba en el post que\u00a0subir\u00edan\u00a0las temperaturas maximas, y para muestra esto que os pongo de la Aemet, destaca Granada con una\u00a0m\u00ednima\u00a0de 2 grados bajo cero y una maxima de\u00a024, bestial la amplitud\u00a0t\u00e9rmica.<\/strong><\/p>\n<p><a href=\"https:\/\/blogs.diariosur.es\/tormentas-y-rayos\/2014\/01\/09\/hoy-jueves-nevara-en-las-islas-canarias-la-lluvia-y-el-frio-pueden-ser-los-protagonistas-la-semana-que-viene-en-toda-la-peninsula\/rrrr\/\" rel=\"attachment wp-att-7572\"><img loading=\"lazy\" class=\"aligncenter size-medium wp-image-7572\" title=\"rrrr\" src=\"\/tormentas-y-rayos\/wp-content\/uploads\/sites\/12\/2014\/01\/rrrr.jpg\" alt=\"\" width=\"600\" height=\"176\" srcset=\"https:\/\/static-blogs.diariosur.es\/wp-content\/uploads\/sites\/12\/2014\/01\/rrrr.jpg 784w, https:\/\/static-blogs.diariosur.es\/wp-content\/uploads\/sites\/12\/2014\/01\/rrrr-640x189.jpg 640w, https:\/\/static-blogs.diariosur.es\/wp-content\/uploads\/sites\/12\/2014\/01\/rrrr-768x226.jpg 768w\" sizes=\"(max-width: 600px) 100vw, 600px\" \/><\/a><\/p>\n<p><strong>Hoy jueves tambi\u00e9n las\u00a0m\u00e1ximas\u00a0ser\u00e1n\u00a0altas para las fechas en la que estamos.<\/strong><\/p>\n<p><strong>Me despido de vosotros con estos dos fotones. La primera foto es de ayer 8 de enero, mi amiga Paloma Maria me mandaba estas virgas, que yo no pude fotografiar de camino al trabajo, me deje la\u00a0c\u00e1mara\u00a0chica en el otro traje. Aunque Paloma ya sabe lo que son las virgas, oslo explico amigos. Es\u00a0simplemente y como pone en el diccionario ( \u00a0<\/strong><strong>En meteorolog\u00eda, <em>virga<\/em> es el hidrometeoro que cae de una <em>nube<\/em> pero que se evapora antes de alcanzar el suelo) Os paso el foton \u00a0de Paloma. Gracias amiga tu foto ha servido para dar una clase de\u00a0meteorolog\u00eda\u00a0jijijij.<\/strong><\/p>\n<p><a href=\"https:\/\/blogs.diariosur.es\/tormentas-y-rayos\/2014\/01\/09\/hoy-jueves-nevara-en-las-islas-canarias-la-lluvia-y-el-frio-pueden-ser-los-protagonistas-la-semana-que-viene-en-toda-la-peninsula\/1552191_648579225192555_584791286_o_1\/\" rel=\"attachment wp-att-7573\"><img loading=\"lazy\" class=\"aligncenter size-full wp-image-7573\" title=\"1552191_648579225192555_584791286_o_1\" src=\"\/tormentas-y-rayos\/wp-content\/uploads\/sites\/12\/2014\/01\/1552191_648579225192555_584791286_o_1.jpg\" alt=\"\" width=\"640\" height=\"428\" srcset=\"https:\/\/static-blogs.diariosur.es\/wp-content\/uploads\/sites\/12\/2014\/01\/1552191_648579225192555_584791286_o_1.jpg 640w, https:\/\/static-blogs.diariosur.es\/wp-content\/uploads\/sites\/12\/2014\/01\/1552191_648579225192555_584791286_o_1-598x400.jpg 598w\" sizes=\"(max-width: 640px) 100vw, 640px\" \/><\/a><\/p>\n<p>&nbsp;<\/p>\n<p>&nbsp;<\/p>\n<p><strong>Y por ultimo os dejo de nuevo y como hice el dia pasado con otra impresionante foto de mi amigo Ivan Delli. La foto esta tomada en Tenerife en baja mar. \u00a0Un abrazo a todos.<\/strong><\/p>\n<p><a href=\"https:\/\/blogs.diariosur.es\/tormentas-y-rayos\/2014\/01\/09\/hoy-jueves-nevara-en-las-islas-canarias-la-lluvia-y-el-frio-pueden-ser-los-protagonistas-la-semana-que-viene-en-toda-la-peninsula\/1537524_523772764388655_1332012418_o\/\" rel=\"attachment wp-att-7574\"><img loading=\"lazy\" class=\"aligncenter size-full wp-image-7574\" title=\"1537524_523772764388655_1332012418_o\" src=\"\/tormentas-y-rayos\/wp-content\/uploads\/sites\/12\/2014\/01\/1537524_523772764388655_1332012418_o.jpg\" alt=\"\" width=\"640\" height=\"428\" srcset=\"https:\/\/static-blogs.diariosur.es\/wp-content\/uploads\/sites\/12\/2014\/01\/1537524_523772764388655_1332012418_o.jpg 640w, https:\/\/static-blogs.diariosur.es\/wp-content\/uploads\/sites\/12\/2014\/01\/1537524_523772764388655_1332012418_o-598x400.jpg 598w\" sizes=\"(max-width: 640px) 100vw, 640px\" \/><\/a><\/p>\n<p>&nbsp;<\/p>\n<p>&nbsp;<\/p>\n","protected":false},"excerpt":{"rendered":"<p>Buenos dias amigos de la meteo. Son las seis de la ma\u00f1ana, registro 8,5 grados y los cielos est\u00e1n algo nubosos, casi seguro que tenemos un bonito amanecer, que me gustar\u00eda fotografiar dentro de un rato. Por fin hoy jueves libro y podre dedicarle mas tiempo a mirar los modelos y verificar ese posible cambio [&hellip;]<\/p>\n","protected":false},"author":16,"featured_media":7571,"comment_status":"open","ping_status":"open","sticky":false,"template":"","format":"standard","meta":[],"categories":[2],"tags":[63,91,151,219,432,569,690],"_links":{"self":[{"href":"https:\/\/blogs.diariosur.es\/tormentas-y-rayos\/wp-json\/wp\/v2\/posts\/7564"}],"collection":[{"href":"https:\/\/blogs.diariosur.es\/tormentas-y-rayos\/wp-json\/wp\/v2\/posts"}],"about":[{"href":"https:\/\/blogs.diariosur.es\/tormentas-y-rayos\/wp-json\/wp\/v2\/types\/post"}],"author":[{"embeddable":true,"href":"https:\/\/blogs.diariosur.es\/tormentas-y-rayos\/wp-json\/wp\/v2\/users\/16"}],"replies":[{"embeddable":true,"href":"https:\/\/blogs.diariosur.es\/tormentas-y-rayos\/wp-json\/wp\/v2\/comments?post=7564"}],"version-history":[{"count":0,"href":"https:\/\/blogs.diariosur.es\/tormentas-y-rayos\/wp-json\/wp\/v2\/posts\/7564\/revisions"}],"wp:featuredmedia":[{"embeddable":true,"href":"https:\/\/blogs.diariosur.es\/tormentas-y-rayos\/wp-json\/wp\/v2\/media\/7571"}],"wp:attachment":[{"href":"https:\/\/blogs.diariosur.es\/tormentas-y-rayos\/wp-json\/wp\/v2\/media?parent=7564"}],"wp:term":[{"taxonomy":"category","embeddable":true,"href":"https:\/\/blogs.diariosur.es\/tormentas-y-rayos\/wp-json\/wp\/v2\/categories?post=7564"},{"taxonomy":"post_tag","embeddable":true,"href":"https:\/\/blogs.diariosur.es\/tormentas-y-rayos\/wp-json\/wp\/v2\/tags?post=7564"}],"curies":[{"name":"wp","href":"https:\/\/api.w.org\/{rel}","templated":true}]}}