{"id":7592,"date":"2014-01-13T07:08:52","date_gmt":"2014-01-13T06:08:52","guid":{"rendered":"http:\/\/blogs.diariosur.es\/tormentas-y-rayos\/?p=7592"},"modified":"2014-01-13T07:08:52","modified_gmt":"2014-01-13T06:08:52","slug":"la-semana-comienza-en-andalucia-con-chubascos-viento-de-terral-de-invierno-y-bajada-de-temperaturas","status":"publish","type":"post","link":"https:\/\/blogs.diariosur.es\/tormentas-y-rayos\/2014\/01\/13\/la-semana-comienza-en-andalucia-con-chubascos-viento-de-terral-de-invierno-y-bajada-de-temperaturas\/","title":{"rendered":"La semana comienza en Andaluc\u00eda con chubascos, viento de terral de invierno y bajada de temperaturas."},"content":{"rendered":"<p><strong>Buenos d\u00edas amigos de la meteo, son las cinco menos veinte de la ma\u00f1ana, registro 12 grados y los cielos est\u00e1n nubosos. Ya ya ya, ya se lo que me vais a decir,!! Jose hoy te has ca\u00eddo de la cama!!, pues la verdad \u00a0es que si amigos, estaba loco por ver la actualizaci\u00f3n de los modelos para el jueves y el viernes. De todas formas me he puesto a escribir una hora antes de lo habitual.<\/strong><\/p>\n<p><strong>Como pod\u00e9is leer en el titulo del post, la semana comienza con chubascos, viento de terral de invierno y bajada de temperaturas. En estos momentos se registran chubascos en la zona mas occidental de Andaluc\u00eda, \u00a0llegaran a nuestra provincia en unas horas, espero que se reactive esta linea de inestabilidad \u00a0y deje algunos litros. De todas formas hacen una media hora han\u00a0ca\u00eddo\u00a0gotillas\u00a0por mi zona. Fuente Aemet.<\/strong><\/p>\n<p><a href=\"https:\/\/blogs.diariosur.es\/tormentas-y-rayos\/2014\/01\/13\/la-semana-comienza-en-andalucia-con-chubascos-viento-de-terral-de-invierno-y-bajada-de-temperaturas\/radarrrr\/\" rel=\"attachment wp-att-7596\"><img loading=\"lazy\" class=\"aligncenter size-full wp-image-7596\" title=\"radarrrr\" src=\"\/tormentas-y-rayos\/wp-content\/uploads\/sites\/12\/2014\/01\/radarrrr.jpg\" alt=\"\" width=\"506\" height=\"665\" srcset=\"https:\/\/static-blogs.diariosur.es\/wp-content\/uploads\/sites\/12\/2014\/01\/radarrrr.jpg 506w, https:\/\/static-blogs.diariosur.es\/wp-content\/uploads\/sites\/12\/2014\/01\/radarrrr-304x400.jpg 304w\" sizes=\"(max-width: 506px) 100vw, 506px\" \/><\/a><\/p>\n<p>&nbsp;<\/p>\n<p><strong>Una vez pase el frente,<span style=\"color: #ff0000;\"> el viento de terral de invierno ser\u00e1 el protagonista,<\/span> no solo en la provincia malague\u00f1a, tambi\u00e9n en casi toda Andaluc\u00eda. A todo esto hay que unirle una bajada de las temperaturas\u00a0m\u00e1ximas. Por este motivo la aemet activa el aviso amarillo de momento por fenomenos costeros en Granada y Almer\u00eda.\u00a0<\/strong><\/p>\n<p><strong>Ayer guarde unas im\u00e1genes del frente que empez\u00f3 a afectar a la\u00a0pen\u00ednsula, y el pedazo de borrasca que lo ha creado . Me encanta esta imagen de ayer.<\/strong><\/p>\n<p><strong>\u00a0Fuente meteogalicia eumetsat.<\/strong><\/p>\n<p>&nbsp;<\/p>\n<p><strong><a href=\"https:\/\/blogs.diariosur.es\/tormentas-y-rayos\/2014\/01\/13\/la-semana-comienza-en-andalucia-con-chubascos-viento-de-terral-de-invierno-y-bajada-de-temperaturas\/webexterna_hrv_13-15\/\" rel=\"attachment wp-att-7593\"><img loading=\"lazy\" class=\"aligncenter size-medium wp-image-7593\" title=\"webexterna_HRV_[13-15]\" src=\"\/tormentas-y-rayos\/wp-content\/uploads\/sites\/12\/2014\/01\/webexterna_HRV_13-15.jpg\" alt=\"\" width=\"554\" height=\"400\" srcset=\"https:\/\/static-blogs.diariosur.es\/wp-content\/uploads\/sites\/12\/2014\/01\/webexterna_HRV_13-15.jpg 748w, https:\/\/static-blogs.diariosur.es\/wp-content\/uploads\/sites\/12\/2014\/01\/webexterna_HRV_13-15-554x400.jpg 554w\" sizes=\"(max-width: 554px) 100vw, 554px\" \/><\/a><\/strong><\/p>\n<p>&nbsp;<\/p>\n<p>&nbsp;<\/p>\n<p style=\"text-align: left;\"><strong>Detr\u00e1s del frente viene una masa de aire fr\u00eda inestable, que afecta al noroeste de la \u00a0pen\u00ednsula\u00a0desde hace unas horas, son chubascos posfrontales que tambi\u00e9n llegaran a Andaluc\u00eda ma\u00f1ana martes. Os he guardado una\u00a0imagen de masas de aire de ayer a las 21 horas, pod\u00e9is ver perfectamente de lo que os hablo. A continuaci\u00f3n os pongo la actualizada de ahora mismo. Esta masa de aire\u00a0fr\u00eda\u00a0producir\u00e1\u00a0tormentas de granizo hoy en Galicia. Otro dato importante son las olas que se\u00a0dar\u00e1n en toda la Costa Gallega.\u00a0 Fuente Aemet.<\/strong><\/p>\n<p><a href=\"https:\/\/blogs.diariosur.es\/tormentas-y-rayos\/2014\/01\/13\/la-semana-comienza-en-andalucia-con-chubascos-viento-de-terral-de-invierno-y-bajada-de-temperaturas\/masas-2\/\" rel=\"attachment wp-att-7594\"><img loading=\"lazy\" class=\"aligncenter size-large wp-image-7594\" title=\"masas\" src=\"\/tormentas-y-rayos\/wp-content\/uploads\/sites\/12\/2014\/01\/masas.jpg\" alt=\"\" width=\"674\" height=\"600\" srcset=\"https:\/\/static-blogs.diariosur.es\/wp-content\/uploads\/sites\/12\/2014\/01\/masas.jpg 686w, https:\/\/static-blogs.diariosur.es\/wp-content\/uploads\/sites\/12\/2014\/01\/masas-450x400.jpg 450w\" sizes=\"(max-width: 674px) 100vw, 674px\" \/><\/a><\/p>\n<p>&nbsp;<\/p>\n<p><strong>Imagen de hoy<\/strong><\/p>\n<p><a href=\"https:\/\/blogs.diariosur.es\/tormentas-y-rayos\/2014\/01\/13\/la-semana-comienza-en-andalucia-con-chubascos-viento-de-terral-de-invierno-y-bajada-de-temperaturas\/masas-lunes\/\" rel=\"attachment wp-att-7597\"><img loading=\"lazy\" class=\"aligncenter size-full wp-image-7597\" title=\"masas lunes\" src=\"\/tormentas-y-rayos\/wp-content\/uploads\/sites\/12\/2014\/01\/masas-lunes.jpg\" alt=\"\" width=\"550\" height=\"488\" srcset=\"https:\/\/static-blogs.diariosur.es\/wp-content\/uploads\/sites\/12\/2014\/01\/masas-lunes.jpg 550w, https:\/\/static-blogs.diariosur.es\/wp-content\/uploads\/sites\/12\/2014\/01\/masas-lunes-451x400.jpg 451w\" sizes=\"(max-width: 550px) 100vw, 550px\" \/><\/a><\/p>\n<p><strong>Resumiendo: la lluvia llegara a nuestra provincia dentro de unas horas, ira acompa\u00f1ada por rachas de viento moderada. El frente pasara\u00a0r\u00e1pidamente\u00a0y el terral de invierno tomara protagonismo. Ma\u00f1ana\u00a0martes los chubascos posfrontales\u00a0ser\u00e1n\u00a0los protagonistas en toda Andaluc\u00eda, siendo mas probables por el interior de nuestra provincia, pero tambi\u00e9n se pueden dar en la capital. La Aemet activa el aviso naranja y\u00a0amarillo\u00a0por\u00a0fen\u00f3menos\u00a0costeros y viento en Galicia, Granada y Almer\u00eda, amarillo por nevadas en Castilla y Le\u00f3n. <\/strong><\/p>\n<p><a href=\"https:\/\/blogs.diariosur.es\/tormentas-y-rayos\/2014\/01\/13\/la-semana-comienza-en-andalucia-con-chubascos-viento-de-terral-de-invierno-y-bajada-de-temperaturas\/peninsu\/\" rel=\"attachment wp-att-7598\"><img loading=\"lazy\" class=\"aligncenter size-thumbnail wp-image-7598\" title=\"peninsu\" src=\"\/tormentas-y-rayos\/wp-content\/uploads\/sites\/12\/2014\/01\/peninsu.jpg\" alt=\"\" width=\"150\" height=\"150\" \/><\/a><\/p>\n<p>&nbsp;<\/p>\n<p><strong>Ma\u00f1ana martes se activara el aviso amarillo por nevadas en las Sierras de Cazorla y Segura ( Ja\u00e9n) y\u00a0seguir\u00e1\u00a0el de\u00a0fen\u00f3menos\u00a0costeros en Granada y Almer\u00eda.<\/strong><\/p>\n<p><a href=\"https:\/\/blogs.diariosur.es\/tormentas-y-rayos\/2014\/01\/13\/la-semana-comienza-en-andalucia-con-chubascos-viento-de-terral-de-invierno-y-bajada-de-temperaturas\/captura-233\/\" rel=\"attachment wp-att-7599\"><img loading=\"lazy\" class=\"aligncenter size-medium wp-image-7599\" title=\"Captura\" src=\"\/tormentas-y-rayos\/wp-content\/uploads\/sites\/12\/2014\/01\/Captura8.jpg\" alt=\"\" width=\"583\" height=\"400\" srcset=\"https:\/\/static-blogs.diariosur.es\/wp-content\/uploads\/sites\/12\/2014\/01\/Captura8.jpg 617w, https:\/\/static-blogs.diariosur.es\/wp-content\/uploads\/sites\/12\/2014\/01\/Captura8-583x400.jpg 583w\" sizes=\"(max-width: 583px) 100vw, 583px\" \/><\/a><\/p>\n<p>&nbsp;<\/p>\n<p>&nbsp;<\/p>\n<p>&nbsp;<\/p>\n<p>&nbsp;<\/p>\n<p>&nbsp;<\/p>\n<p><strong>Si amigos, ya se lo que me quer\u00e9is preguntar, que es lo que va a pasar a partir del jueves, que para eso me he levantado tan temprano ji ji ji. Si os soy sincero no tengo ni idea, esto suena raro verdad? pero es asi. Los principales modelos no se ponen de acuerdo, <span style=\"color: #ff00ff;\">si se formara una borrasca cerca del Cabo de San Vicente,<\/span> o por contra algunos modelos ven esta borrasca en el norte peninsular, para mas tarde pasar al Mediterr\u00e1neo. Si ocurriera esto ultimo ver\u00edamos poca agua en nuestra regi\u00f3n. Asi que toca esperar amigos, pienso que ma\u00f1ana martes\u00a0estar\u00e1\u00a0todo mas claro de lo\u00a0que pueda suceder desde el jueves hasta el domingo.<\/strong><\/p>\n<p>&nbsp;<\/p>\n<p><strong>Os hago un peque\u00f1o resumen en fotos de ayer domingo, el s\u00e1bado me fue imposible fotografiar nada debido al curro.<\/strong><\/p>\n<p><strong>La m\u00ednima del domingo en mi estaci\u00f3n fue de 10,8 grados y la m\u00e1xima de 20,7 grados. Predominaron los cielos pocos nubosos durante la ma\u00f1ana. Os paso unas fotos que tome en la playa de la misericordia. Esta se\u00f1ora todos los dias del a\u00f1o se ba\u00f1a.<\/strong><\/p>\n<p><img loading=\"lazy\" class=\"aligncenter\" src=\"\/\/farm8.staticflickr.com\/7459\/11913183966_22224b8091_z.jpg\" alt=\"\" width=\"640\" height=\"480\" \/><\/p>\n<p>&nbsp;<\/p>\n<p><strong>La verdad que el dia invitaba a pasear y cargar las pilas como fuera.<\/strong><\/p>\n<p><img loading=\"lazy\" class=\"aligncenter\" src=\"\/\/farm8.staticflickr.com\/7436\/11912753814_e16f9dae5c_z.jpg\" alt=\"\" width=\"640\" height=\"480\" \/><\/p>\n<p>&nbsp;<\/p>\n<p><img loading=\"lazy\" class=\"aligncenter\" src=\"\/\/farm4.staticflickr.com\/3755\/11913179336_207e70c9a3_z.jpg\" alt=\"\" width=\"480\" height=\"640\" \/><\/p>\n<p>&nbsp;<\/p>\n<p>&nbsp;<\/p>\n<p><strong>Por la tarde empezaron a verse algunas nubes, me llamo la atenci\u00f3n estos peque\u00f1os altoc\u00famulus ondulatus que fotografi\u00e9 sobre las dos de la tarde.<\/strong><\/p>\n<p><img loading=\"lazy\" class=\"aligncenter\" src=\"\/\/farm4.staticflickr.com\/3777\/11913412416_38a5dbec22_z.jpg\" alt=\"\" width=\"640\" height=\"427\" \/><\/p>\n<p><strong>Sobre las cinco tomaban mas protagonismo los altocumulus en los cielos malague\u00f1os.<\/strong><\/p>\n<p><img loading=\"lazy\" class=\"aligncenter\" src=\"\/\/farm4.staticflickr.com\/3678\/11912266685_1811b79c4a_z.jpg\" alt=\"\" width=\"640\" height=\"480\" \/><\/p>\n<p>&nbsp;<\/p>\n<p>&nbsp;<\/p>\n<p><strong>Que mas tarde dejaron un bonito atardecer.<\/strong><\/p>\n<p><img loading=\"lazy\" class=\"aligncenter\" src=\"\/\/farm4.staticflickr.com\/3676\/11912748034_d1e1d04aea_z.jpg\" alt=\"\" width=\"640\" height=\"427\" \/><\/p>\n<p>&nbsp;<\/p>\n<p>&nbsp;<\/p>\n<p><strong>Mi amiga Maril\u00f3 Diaz tambien\u00a0fotografi\u00f3\u00a0estos borreguitos, que como me comentaba en facebook , anuncian cambio de tiempo.<\/strong><\/p>\n<p><a href=\"https:\/\/blogs.diariosur.es\/tormentas-y-rayos\/2014\/01\/13\/la-semana-comienza-en-andalucia-con-chubascos-viento-de-terral-de-invierno-y-bajada-de-temperaturas\/1545954_279986172126264_365402568_n\/\" rel=\"attachment wp-att-7595\"><img loading=\"lazy\" class=\"aligncenter size-full wp-image-7595\" title=\"1545954_279986172126264_365402568_n\" src=\"\/tormentas-y-rayos\/wp-content\/uploads\/sites\/12\/2014\/01\/1545954_279986172126264_365402568_n.jpg\" alt=\"\" width=\"640\" height=\"480\" srcset=\"https:\/\/static-blogs.diariosur.es\/wp-content\/uploads\/sites\/12\/2014\/01\/1545954_279986172126264_365402568_n.jpg 640w, https:\/\/static-blogs.diariosur.es\/wp-content\/uploads\/sites\/12\/2014\/01\/1545954_279986172126264_365402568_n-533x400.jpg 533w\" sizes=\"(max-width: 640px) 100vw, 640px\" \/><\/a><\/p>\n<p>&nbsp;<\/p>\n<p>&nbsp;<\/p>\n<p><strong>Paqui Carnero\u00a0fotografi\u00f3\u00a0el amanecer del domingo, y quiere compartir esta bella estampa malague\u00f1a.\u00a0<\/strong><\/p>\n<p><a href=\"https:\/\/blogs.diariosur.es\/tormentas-y-rayos\/2014\/01\/13\/la-semana-comienza-en-andalucia-con-chubascos-viento-de-terral-de-invierno-y-bajada-de-temperaturas\/902686_10201250711300782_69047750_o_1\/\" rel=\"attachment wp-att-7601\"><img loading=\"lazy\" class=\"aligncenter size-full wp-image-7601\" title=\"902686_10201250711300782_69047750_o_1\" src=\"\/tormentas-y-rayos\/wp-content\/uploads\/sites\/12\/2014\/01\/902686_10201250711300782_69047750_o_1.jpg\" alt=\"\" width=\"640\" height=\"480\" srcset=\"https:\/\/static-blogs.diariosur.es\/wp-content\/uploads\/sites\/12\/2014\/01\/902686_10201250711300782_69047750_o_1.jpg 640w, https:\/\/static-blogs.diariosur.es\/wp-content\/uploads\/sites\/12\/2014\/01\/902686_10201250711300782_69047750_o_1-533x400.jpg 533w\" sizes=\"(max-width: 640px) 100vw, 640px\" \/><\/a><\/p>\n<p><strong>Poco mas que contar amigos. Os dejo de nuevo con una foto del Teide, que me ha mandado mi amiga\u00a0May Naomi Jj. La bolsa de aire fr\u00edo del viernes pasado, ha dejado esta bella estampa . Gracias May , pedazo de fot\u00f3n.<\/strong><\/p>\n<p><a href=\"https:\/\/blogs.diariosur.es\/tormentas-y-rayos\/2014\/01\/13\/la-semana-comienza-en-andalucia-con-chubascos-viento-de-terral-de-invierno-y-bajada-de-temperaturas\/may-naomi-jj-5\/\" rel=\"attachment wp-att-7600\"><img loading=\"lazy\" class=\"aligncenter size-full wp-image-7600\" title=\"May Naomi Jj\" src=\"\/tormentas-y-rayos\/wp-content\/uploads\/sites\/12\/2014\/01\/May-Naomi-Jj.jpg\" alt=\"\" width=\"640\" height=\"366\" \/><\/a><\/p>\n","protected":false},"excerpt":{"rendered":"<p>Buenos d\u00edas amigos de la meteo, son las cinco menos veinte de la ma\u00f1ana, registro 12 grados y los cielos est\u00e1n nubosos. Ya ya ya, ya se lo que me vais a decir,!! Jose hoy te has ca\u00eddo de la cama!!, pues la verdad \u00a0es que si amigos, estaba loco por ver la actualizaci\u00f3n de [&hellip;]<\/p>\n","protected":false},"author":16,"featured_media":7602,"comment_status":"open","ping_status":"open","sticky":false,"template":"","format":"standard","meta":[],"categories":[2],"tags":[63,91,101,151,160,249,569,962,975],"_links":{"self":[{"href":"https:\/\/blogs.diariosur.es\/tormentas-y-rayos\/wp-json\/wp\/v2\/posts\/7592"}],"collection":[{"href":"https:\/\/blogs.diariosur.es\/tormentas-y-rayos\/wp-json\/wp\/v2\/posts"}],"about":[{"href":"https:\/\/blogs.diariosur.es\/tormentas-y-rayos\/wp-json\/wp\/v2\/types\/post"}],"author":[{"embeddable":true,"href":"https:\/\/blogs.diariosur.es\/tormentas-y-rayos\/wp-json\/wp\/v2\/users\/16"}],"replies":[{"embeddable":true,"href":"https:\/\/blogs.diariosur.es\/tormentas-y-rayos\/wp-json\/wp\/v2\/comments?post=7592"}],"version-history":[{"count":0,"href":"https:\/\/blogs.diariosur.es\/tormentas-y-rayos\/wp-json\/wp\/v2\/posts\/7592\/revisions"}],"wp:featuredmedia":[{"embeddable":true,"href":"https:\/\/blogs.diariosur.es\/tormentas-y-rayos\/wp-json\/wp\/v2\/media\/7602"}],"wp:attachment":[{"href":"https:\/\/blogs.diariosur.es\/tormentas-y-rayos\/wp-json\/wp\/v2\/media?parent=7592"}],"wp:term":[{"taxonomy":"category","embeddable":true,"href":"https:\/\/blogs.diariosur.es\/tormentas-y-rayos\/wp-json\/wp\/v2\/categories?post=7592"},{"taxonomy":"post_tag","embeddable":true,"href":"https:\/\/blogs.diariosur.es\/tormentas-y-rayos\/wp-json\/wp\/v2\/tags?post=7592"}],"curies":[{"name":"wp","href":"https:\/\/api.w.org\/{rel}","templated":true}]}}