{"id":7668,"date":"2014-01-19T10:14:56","date_gmt":"2014-01-19T09:14:56","guid":{"rendered":"http:\/\/blogs.diariosur.es\/tormentas-y-rayos\/?p=7668"},"modified":"2014-01-19T10:14:56","modified_gmt":"2014-01-19T09:14:56","slug":"rachas-muy-fuertes-de-terral-en-malaga-la-borrasca-deja-un-posible-tornado-o-frente-racha-en-huelva","status":"publish","type":"post","link":"https:\/\/blogs.diariosur.es\/tormentas-y-rayos\/2014\/01\/19\/rachas-muy-fuertes-de-terral-en-malaga-la-borrasca-deja-un-posible-tornado-o-frente-racha-en-huelva\/","title":{"rendered":"Rachas muy fuertes de terral en M\u00e1laga. La borrasca deja un posible tornado o frente racha en Huelva."},"content":{"rendered":"<p><strong>Buenos dias amigos de la meteo.<\/strong><\/p>\n<p><strong>Antes de nada quiero aclarar una cosa, ya que he recibido correos an\u00f3nimos y no an\u00f3nimos, \u00a0coment\u00e1ndome de muy mala educaci\u00f3n que he creado una alarma y que me dedique a otras cosas.<\/strong><\/p>\n<p><strong>Primeramente ayer por la noche comente que se tuviera mucha precauci\u00f3n, sobre todo los que sal\u00edan de marcha o trabajaban en Andaluc\u00eda, como es el caso de mi hija Lidia que salia de la EMT a las cuatro y media de la ma\u00f1ana. En ning\u00fan momento he querido crear alarma. <\/strong><\/p>\n<p><strong>La borrasca que ya ha pasado y curiosamente al final su v\u00f3rtice se ha paseado por la provincia malague\u00f1a pod\u00eda traer lluvias fuertes y vientos. Al final la lluvia ha sido durante unos minutos de moderada a fuerte, y en la zona de Torrox de nuevo han tenido tormenta.<\/strong><\/p>\n<p><strong>\u00a0En Huelva y Gibrale\u00f3n esta madrugada han tenido un posible tornado, o un frente racha. Hay camiones volcados y muchos \u00e1rboles ca\u00eddos. En Guadix ha nevado y hay complicaciones en \u00a0carreteras \u00a0de Granada debido a la nieve. Si mi aviso ha servido para que algunos no cogieran el coche mejor que mejor, poco mas que decir. Y perdonar por mi enfando pero algunos correos mandan huevis.<\/strong><\/p>\n<p><span style=\"color: #ff0000;\"><strong>Hablemos de meteo amigos.<\/strong><\/span><\/p>\n<p><strong><span style=\"color: #ff0000;\">Ahora mismo ya sopla con fuerza el terral de invierno cuando son las nueve y cuarto. \u00a0Registro 11 grados pero la sensaci\u00f3n termica es de 4. Mi pluvi\u00f3metro ha contabilizado 13 litros, muchos de estos litros han sido de nieve en Sierra Tejeda y Sierra de las Nieves, si se aclara un poco se ver\u00e1n blancas. He estado toda la noche en vela mirando los radares y el satelite eumetsat para seguir a la borrasca. Sobre las cinco y media de la ma\u00f1ana tire con el coche para la Playa de la Misericordia. Solo ve\u00eda alg\u00fan resplandor hacia la zona de Torrox, all\u00ed estaba la tormenta. La lluvia fuerte me pillo en la playa, tuve que salir corriendo\u00a0tr\u00edpode\u00a0en mano y meterme dentro del coche.<\/span><\/strong><\/p>\n<p><span style=\"color: #ff0000;\"><strong>Os paso el video.<\/strong><\/span><\/p>\n<p>&nbsp;<\/p>\n<p><iframe loading=\"lazy\" src=\"\/\/www.youtube.com\/embed\/QWrVL7QP-lk\" frameborder=\"0\" width=\"640\" height=\"480\"><\/iframe><\/p>\n<p><strong><span style=\"color: #ff0000;\">Al rato\u00a0sal\u00ed\u00a0de nuevo para tomar esta\u00a0fotograf\u00eda cuando el nubarr\u00f3n se alejaba.<\/span><\/strong><\/p>\n<p><strong><span style=\"color: #ff0000;\"><a href=\"https:\/\/blogs.diariosur.es\/tormentas-y-rayos\/2014\/01\/19\/rachas-muy-fuertes-de-terral-en-malaga-la-borrasca-deja-un-posible-tornado-o-frente-racha-en-huelva\/olympus-digital-camera-1575\/\" rel=\"attachment wp-att-7669\"><img loading=\"lazy\" class=\"aligncenter size-full wp-image-7669\" title=\"OLYMPUS DIGITAL CAMERA\" src=\"\/tormentas-y-rayos\/wp-content\/uploads\/sites\/12\/2014\/01\/007.jpg\" alt=\"\" width=\"640\" height=\"480\" srcset=\"https:\/\/static-blogs.diariosur.es\/wp-content\/uploads\/sites\/12\/2014\/01\/007.jpg 640w, https:\/\/static-blogs.diariosur.es\/wp-content\/uploads\/sites\/12\/2014\/01\/007-533x400.jpg 533w\" sizes=\"(max-width: 640px) 100vw, 640px\" \/><\/a>\u00a0<\/span><\/strong><\/p>\n<p>&nbsp;<\/p>\n<p><strong>Fijaros en el\u00a0gr\u00e1fico\u00a0de la presi\u00f3n del Puerto, ahora empieza a subir cuando la borrasca ya se\u00a0desplaza\u00a0hacia el\u00a0Mediterr\u00e1neo. Nada mas ni nada menos que 990 mb. Y como os he comentado antes, el mismo centro o vortice de la borrasca ha pasado por la vertical de M\u00e1laga.<\/strong><\/p>\n<p>&nbsp;<\/p>\n<p><a href=\"https:\/\/blogs.diariosur.es\/tormentas-y-rayos\/2014\/01\/19\/rachas-muy-fuertes-de-terral-en-malaga-la-borrasca-deja-un-posible-tornado-o-frente-racha-en-huelva\/captura-239\/\" rel=\"attachment wp-att-7670\"><img loading=\"lazy\" class=\"aligncenter size-medium wp-image-7670\" title=\"Captura\" src=\"\/tormentas-y-rayos\/wp-content\/uploads\/sites\/12\/2014\/01\/Captura14.jpg\" alt=\"\" width=\"600\" height=\"250\" srcset=\"https:\/\/static-blogs.diariosur.es\/wp-content\/uploads\/sites\/12\/2014\/01\/Captura14.jpg 748w, https:\/\/static-blogs.diariosur.es\/wp-content\/uploads\/sites\/12\/2014\/01\/Captura14-640x267.jpg 640w\" sizes=\"(max-width: 600px) 100vw, 600px\" \/><\/a><\/p>\n<p>&nbsp;<\/p>\n<p><a href=\"https:\/\/blogs.diariosur.es\/tormentas-y-rayos\/2014\/01\/19\/rachas-muy-fuertes-de-terral-en-malaga-la-borrasca-deja-un-posible-tornado-o-frente-racha-en-huelva\/201401190600_s91g\/\" rel=\"attachment wp-att-7671\"><img loading=\"lazy\" class=\"aligncenter size-full wp-image-7671\" title=\"201401190600_s91g\" src=\"\/tormentas-y-rayos\/wp-content\/uploads\/sites\/12\/2014\/01\/201401190600_s91g.jpg\" alt=\"\" width=\"550\" height=\"488\" srcset=\"https:\/\/static-blogs.diariosur.es\/wp-content\/uploads\/sites\/12\/2014\/01\/201401190600_s91g.jpg 550w, https:\/\/static-blogs.diariosur.es\/wp-content\/uploads\/sites\/12\/2014\/01\/201401190600_s91g-451x400.jpg 451w\" sizes=\"(max-width: 550px) 100vw, 550px\" \/><\/a><\/p>\n<p><strong>Antes os comentaba que en huelva el viento ha hecho mucho da\u00f1o, no esta claro si ha sido un tornado o un frente racha. Os paso un par de fotos que me han pasado via twitter.<\/strong><\/p>\n<p><a href=\"https:\/\/blogs.diariosur.es\/tormentas-y-rayos\/2014\/01\/19\/rachas-muy-fuertes-de-terral-en-malaga-la-borrasca-deja-un-posible-tornado-o-frente-racha-en-huelva\/t-6\/\" rel=\"attachment wp-att-7672\"><img loading=\"lazy\" class=\"aligncenter size-full wp-image-7672\" title=\"t\" src=\"\/tormentas-y-rayos\/wp-content\/uploads\/sites\/12\" alt=\"\" width=\"342\" height=\"458\" \/><\/a><\/p>\n<p><a href=\"https:\/\/blogs.diariosur.es\/tormentas-y-rayos\/2014\/01\/19\/rachas-muy-fuertes-de-terral-en-malaga-la-borrasca-deja-un-posible-tornado-o-frente-racha-en-huelva\/tt-3\/\" rel=\"attachment wp-att-7673\"><img loading=\"lazy\" class=\"aligncenter size-full wp-image-7673\" title=\"tt\" src=\"\/tormentas-y-rayos\/wp-content\/uploads\/sites\/12\/2014\/01\/tt.jpg\" alt=\"\" width=\"464\" height=\"252\" \/><\/a><\/p>\n<p><strong>Poco mas que contar amigos, donde mas ha llovido estos dos dias ha sido en Torrox, mas de 100 litros. Os paso unos graficos de lluvias acumulada estos dos dias. Fuente Hidrosur.<\/strong><\/p>\n<p><a href=\"https:\/\/blogs.diariosur.es\/tormentas-y-rayos\/2014\/01\/19\/rachas-muy-fuertes-de-terral-en-malaga-la-borrasca-deja-un-posible-tornado-o-frente-racha-en-huelva\/l-5\/\" rel=\"attachment wp-att-7674\"><img loading=\"lazy\" class=\"aligncenter size-medium wp-image-7674\" title=\"l\" src=\"\/tormentas-y-rayos\/wp-content\/uploads\/sites\/12\/2014\/01\/l.jpg\" alt=\"\" width=\"600\" height=\"234\" srcset=\"https:\/\/static-blogs.diariosur.es\/wp-content\/uploads\/sites\/12\/2014\/01\/l.jpg 990w, https:\/\/static-blogs.diariosur.es\/wp-content\/uploads\/sites\/12\/2014\/01\/l-640x250.jpg 640w, https:\/\/static-blogs.diariosur.es\/wp-content\/uploads\/sites\/12\/2014\/01\/l-768x300.jpg 768w\" sizes=\"(max-width: 600px) 100vw, 600px\" \/><\/a><a href=\"https:\/\/blogs.diariosur.es\/tormentas-y-rayos\/2014\/01\/19\/rachas-muy-fuertes-de-terral-en-malaga-la-borrasca-deja-un-posible-tornado-o-frente-racha-en-huelva\/lll-6\/\" rel=\"attachment wp-att-7675\"><img loading=\"lazy\" class=\"aligncenter size-medium wp-image-7675\" title=\"lll\" src=\"\/tormentas-y-rayos\/wp-content\/uploads\/sites\/12\/2014\/01\/lll.jpg\" alt=\"\" width=\"600\" height=\"253\" srcset=\"https:\/\/static-blogs.diariosur.es\/wp-content\/uploads\/sites\/12\/2014\/01\/lll.jpg 1045w, https:\/\/static-blogs.diariosur.es\/wp-content\/uploads\/sites\/12\/2014\/01\/lll-640x271.jpg 640w, https:\/\/static-blogs.diariosur.es\/wp-content\/uploads\/sites\/12\/2014\/01\/lll-768x325.jpg 768w\" sizes=\"(max-width: 600px) 100vw, 600px\" \/><\/a><\/p>\n<p><strong>Y los que\u00a0salg\u00e1is\u00a0a la calle abrigarse que con el ventarr\u00f3n que hace se queda uno helado. Algunas rachas han pasado de los 60 km\/h.\u00a0<\/strong><\/p>\n","protected":false},"excerpt":{"rendered":"<p>Buenos dias amigos de la meteo. Antes de nada quiero aclarar una cosa, ya que he recibido correos an\u00f3nimos y no an\u00f3nimos, \u00a0coment\u00e1ndome de muy mala educaci\u00f3n que he creado una alarma y que me dedique a otras cosas. Primeramente ayer por la noche comente que se tuviera mucha precauci\u00f3n, sobre todo los que sal\u00edan [&hellip;]<\/p>\n","protected":false},"author":16,"featured_media":7672,"comment_status":"open","ping_status":"open","sticky":false,"template":"","format":"standard","meta":[],"categories":[2],"tags":[76,94,151,464,587,676,690,1059],"_links":{"self":[{"href":"https:\/\/blogs.diariosur.es\/tormentas-y-rayos\/wp-json\/wp\/v2\/posts\/7668"}],"collection":[{"href":"https:\/\/blogs.diariosur.es\/tormentas-y-rayos\/wp-json\/wp\/v2\/posts"}],"about":[{"href":"https:\/\/blogs.diariosur.es\/tormentas-y-rayos\/wp-json\/wp\/v2\/types\/post"}],"author":[{"embeddable":true,"href":"https:\/\/blogs.diariosur.es\/tormentas-y-rayos\/wp-json\/wp\/v2\/users\/16"}],"replies":[{"embeddable":true,"href":"https:\/\/blogs.diariosur.es\/tormentas-y-rayos\/wp-json\/wp\/v2\/comments?post=7668"}],"version-history":[{"count":0,"href":"https:\/\/blogs.diariosur.es\/tormentas-y-rayos\/wp-json\/wp\/v2\/posts\/7668\/revisions"}],"wp:featuredmedia":[{"embeddable":true,"href":"https:\/\/blogs.diariosur.es\/tormentas-y-rayos\/wp-json\/wp\/v2\/media\/7672"}],"wp:attachment":[{"href":"https:\/\/blogs.diariosur.es\/tormentas-y-rayos\/wp-json\/wp\/v2\/media?parent=7668"}],"wp:term":[{"taxonomy":"category","embeddable":true,"href":"https:\/\/blogs.diariosur.es\/tormentas-y-rayos\/wp-json\/wp\/v2\/categories?post=7668"},{"taxonomy":"post_tag","embeddable":true,"href":"https:\/\/blogs.diariosur.es\/tormentas-y-rayos\/wp-json\/wp\/v2\/tags?post=7668"}],"curies":[{"name":"wp","href":"https:\/\/api.w.org\/{rel}","templated":true}]}}