{"id":7732,"date":"2014-01-24T07:03:47","date_gmt":"2014-01-24T06:03:47","guid":{"rendered":"http:\/\/blogs.diariosur.es\/tormentas-y-rayos\/?p=7732"},"modified":"2014-01-24T07:03:47","modified_gmt":"2014-01-24T06:03:47","slug":"prevision-del-tiempo-fin-de-semana-malaga-capital-puede-registrar-una-maxima-el-domingo-con-mas-de-20-grados-debido-al-terral","status":"publish","type":"post","link":"https:\/\/blogs.diariosur.es\/tormentas-y-rayos\/2014\/01\/24\/prevision-del-tiempo-fin-de-semana-malaga-capital-puede-registrar-una-maxima-el-domingo-con-mas-de-20-grados-debido-al-terral\/","title":{"rendered":"Previsi\u00f3n del tiempo fin de semana. M\u00e1laga Capital puede registrar  una maxima el domingo de mas de 20 grados debido al terral."},"content":{"rendered":"<p><strong>Buenos d\u00edas amigos de la meteo. Son las seis de la ma\u00f1ana, registro 10 grados y los cielos est\u00e1n despejados. Que bonita y relajante la foto de portada de mi amiga Nadia Carbajo. Al final del post la\u00a0volver\u00e9is\u00a0a\u00a0ver.Os doy las gracias por la felicitaciones del post de ayer, me alegra que os haya gustado, pero hay que\u00a0agradec\u00e9rselo\u00a0a mi amigo Alejandro. <a href=\"https:\/\/blogs.diariosur.es\/tormentas-y-rayos\/2014\/01\/23\/la-costa-del-sol-o-la-costa-de-la-nieve-impresionantes-fotos-de-la-sierra-de-las-nieves-malaguena\/\">Os paso el enlace a las fotos de la Sierra de las Nieves.<\/a><\/strong><\/p>\n<p>&nbsp;<\/p>\n<p>&nbsp;<\/p>\n<p><strong>Para los amantes del &#8220;buen \u00a0tiempo&#8221; comentaros que este fin de semana no espero lluvias en Andaluc\u00eda, ya que el anticicl\u00f3n ser\u00e1 el protagonista como pod\u00e9is ver en este mapa previsto. Solo la zona noreste peninsular\u00a0tendr\u00e1\u00a0mas inestabilidad, ya que la borrasca que se encontrara en Italia mandara fuertes vientos del\u00a0noreste\u00a0y chubascos, sobre todo ma\u00f1ana\u00a0s\u00e1bado. Fuente Aemet. hirlam<\/strong><\/p>\n<p><a href=\"https:\/\/blogs.diariosur.es\/tormentas-y-rayos\/2014\/01\/24\/prevision-del-tiempo-fin-de-semana-malaga-capital-puede-registrar-una-maxima-el-domingo-con-mas-de-20-grados-debido-al-terral\/captura-241\/\" rel=\"attachment wp-att-7734\"><img loading=\"lazy\" class=\"aligncenter size-medium wp-image-7734\" title=\"Captura\" src=\"\/tormentas-y-rayos\/wp-content\/uploads\/sites\/12\/2014\/01\/Captura16.jpg\" alt=\"\" width=\"600\" height=\"347\" srcset=\"https:\/\/static-blogs.diariosur.es\/wp-content\/uploads\/sites\/12\/2014\/01\/Captura16.jpg 706w, https:\/\/static-blogs.diariosur.es\/wp-content\/uploads\/sites\/12\/2014\/01\/Captura16-640x371.jpg 640w\" sizes=\"(max-width: 600px) 100vw, 600px\" \/><\/a><\/p>\n<p>&nbsp;<\/p>\n<p><strong>Una pena que no venga una buena borrasca jijiji, lo digo porque el s\u00e1bado libro, pero como se que a muchos nos os gusta la lluvia, he hablado con el anticicl\u00f3n para que este finde disfrut\u00e9is jejeje. Yo \u00a0pienso cargar las pilas al 100% sin lluvias.<\/strong><\/p>\n<p><strong>Otro dato a destacar en M\u00e1laga Capital este finde, es que el terral de invierno sera el protagonista ya que soplara con rachas fuertes el\u00a0s\u00e1bado\u00a0de madrugada. Pero tambi\u00e9n hay que tener en cuenta que la temperatura a 850 hpa ( 1500 m) estara alta para las fechas que estamos, concretamente 12 grados. Os paso el mapa fuente meteociel.<\/strong><\/p>\n<p><a href=\"https:\/\/blogs.diariosur.es\/tormentas-y-rayos\/2014\/01\/24\/prevision-del-tiempo-fin-de-semana-malaga-capital-puede-registrar-una-maxima-el-domingo-con-mas-de-20-grados-debido-al-terral\/gfs-1-72-3\/\" rel=\"attachment wp-att-7746\"><img loading=\"lazy\" class=\"aligncenter size-medium wp-image-7746\" title=\"gfs-1-72\" src=\"\/tormentas-y-rayos\/wp-content\/uploads\/sites\/12\/2014\/01\/gfs-1-722.png\" alt=\"\" width=\"600\" height=\"400\" srcset=\"https:\/\/static-blogs.diariosur.es\/wp-content\/uploads\/sites\/12\/2014\/01\/gfs-1-722.png 768w, https:\/\/static-blogs.diariosur.es\/wp-content\/uploads\/sites\/12\/2014\/01\/gfs-1-722-600x400.png 600w\" sizes=\"(max-width: 600px) 100vw, 600px\" \/><\/a><\/p>\n<p><strong>Como os comento en el titulo del post, el domingo M\u00e1laga Capital sobrepasara los 20 grados e incluso se acercara a los 24, siempre y cuando se cumpla ese mapa. Pero esto va a durar poco, ya que para el miercoles esa temperatura a 850 hpa bajara a 0 grados y el frio sera el protagonista.<\/strong><\/p>\n<p><a href=\"https:\/\/blogs.diariosur.es\/tormentas-y-rayos\/2014\/01\/24\/prevision-del-tiempo-fin-de-semana-malaga-capital-puede-registrar-una-maxima-el-domingo-con-mas-de-20-grados-debido-al-terral\/gfs-1-138-2\/\" rel=\"attachment wp-att-7747\"><img loading=\"lazy\" class=\"aligncenter size-medium wp-image-7747\" title=\"gfs-1-138\" src=\"\/tormentas-y-rayos\/wp-content\/uploads\/sites\/12\/2014\/01\/gfs-1-1381.png\" alt=\"\" width=\"600\" height=\"400\" srcset=\"https:\/\/static-blogs.diariosur.es\/wp-content\/uploads\/sites\/12\/2014\/01\/gfs-1-1381.png 768w, https:\/\/static-blogs.diariosur.es\/wp-content\/uploads\/sites\/12\/2014\/01\/gfs-1-1381-600x400.png 600w\" sizes=\"(max-width: 600px) 100vw, 600px\" \/><\/a><\/p>\n<p><strong>Poco mas que contar amigos de la meteo. El lunes estar\u00e9 de nuevo en el programa de radio El despertador que tan magistralmente lleva Roberto Lopez y su equipo de Radio Victoria.<\/strong><\/p>\n<p><strong>Os dejo con estas tres impresionantes fotos.<\/strong><\/p>\n<p><strong>La primera de mi amiga Nadia Carbajo, un amanecer desde Torre de Benagalb\u00f3n.<\/strong><\/p>\n<p><a href=\"https:\/\/blogs.diariosur.es\/tormentas-y-rayos\/2014\/01\/24\/prevision-del-tiempo-fin-de-semana-malaga-capital-puede-registrar-una-maxima-el-domingo-con-mas-de-20-grados-debido-al-terral\/nadia-carbajo_1-2\/\" rel=\"attachment wp-att-7749\"><img loading=\"lazy\" class=\"aligncenter size-full wp-image-7749\" title=\"nadia carbajo_1\" src=\"\/tormentas-y-rayos\/wp-content\/uploads\/sites\/12\/2014\/01\/nadia-carbajo_11.jpg\" alt=\"\" width=\"640\" height=\"480\" srcset=\"https:\/\/static-blogs.diariosur.es\/wp-content\/uploads\/sites\/12\/2014\/01\/nadia-carbajo_11.jpg 640w, https:\/\/static-blogs.diariosur.es\/wp-content\/uploads\/sites\/12\/2014\/01\/nadia-carbajo_11-533x400.jpg 533w\" sizes=\"(max-width: 640px) 100vw, 640px\" \/><\/a><\/p>\n<p>&nbsp;<\/p>\n<p><strong>La segunda de Jose Luis Gil, el mismo amanecer pero desde Marbella.<\/strong><\/p>\n<p><a href=\"https:\/\/blogs.diariosur.es\/tormentas-y-rayos\/2014\/01\/24\/prevision-del-tiempo-fin-de-semana-malaga-capital-puede-registrar-una-maxima-el-domingo-con-mas-de-20-grados-debido-al-terral\/75902_10202150675041317_1272296304_n-2\/\" rel=\"attachment wp-att-7750\"><img loading=\"lazy\" class=\"aligncenter size-full wp-image-7750\" title=\"75902_10202150675041317_1272296304_n\" src=\"\/tormentas-y-rayos\/wp-content\/uploads\/sites\/12\/2014\/01\/75902_10202150675041317_1272296304_n1.jpg\" alt=\"\" width=\"640\" height=\"385\" \/><\/a><\/p>\n<p>&nbsp;<\/p>\n<p><strong>Y por ultimo un arcoiris que cazo mi amigo Jose Torres Ruiz desde los prados.<\/strong><\/p>\n<p><a href=\"https:\/\/blogs.diariosur.es\/tormentas-y-rayos\/2014\/01\/24\/prevision-del-tiempo-fin-de-semana-malaga-capital-puede-registrar-una-maxima-el-domingo-con-mas-de-20-grados-debido-al-terral\/jose-torres-ruiz_1-2\/\" rel=\"attachment wp-att-7751\"><img loading=\"lazy\" class=\"aligncenter size-full wp-image-7751\" title=\"jose torres ruiz_1\" src=\"\/tormentas-y-rayos\/wp-content\/uploads\/sites\/12\/2014\/01\/jose-torres-ruiz_11.jpg\" alt=\"\" width=\"640\" height=\"480\" srcset=\"https:\/\/static-blogs.diariosur.es\/wp-content\/uploads\/sites\/12\/2014\/01\/jose-torres-ruiz_11.jpg 640w, https:\/\/static-blogs.diariosur.es\/wp-content\/uploads\/sites\/12\/2014\/01\/jose-torres-ruiz_11-533x400.jpg 533w\" sizes=\"(max-width: 640px) 100vw, 640px\" \/><\/a><\/p>\n","protected":false},"excerpt":{"rendered":"<p>Buenos d\u00edas amigos de la meteo. Son las seis de la ma\u00f1ana, registro 10 grados y los cielos est\u00e1n despejados. Que bonita y relajante la foto de portada de mi amiga Nadia Carbajo. Al final del post la\u00a0volver\u00e9is\u00a0a\u00a0ver.Os doy las gracias por la felicitaciones del post de ayer, me alegra que os haya gustado, pero [&hellip;]<\/p>\n","protected":false},"author":16,"featured_media":7737,"comment_status":"closed","ping_status":"closed","sticky":false,"template":"","format":"standard","meta":[],"categories":[2],"tags":[100,412,587,809,975,980],"_links":{"self":[{"href":"https:\/\/blogs.diariosur.es\/tormentas-y-rayos\/wp-json\/wp\/v2\/posts\/7732"}],"collection":[{"href":"https:\/\/blogs.diariosur.es\/tormentas-y-rayos\/wp-json\/wp\/v2\/posts"}],"about":[{"href":"https:\/\/blogs.diariosur.es\/tormentas-y-rayos\/wp-json\/wp\/v2\/types\/post"}],"author":[{"embeddable":true,"href":"https:\/\/blogs.diariosur.es\/tormentas-y-rayos\/wp-json\/wp\/v2\/users\/16"}],"replies":[{"embeddable":true,"href":"https:\/\/blogs.diariosur.es\/tormentas-y-rayos\/wp-json\/wp\/v2\/comments?post=7732"}],"version-history":[{"count":0,"href":"https:\/\/blogs.diariosur.es\/tormentas-y-rayos\/wp-json\/wp\/v2\/posts\/7732\/revisions"}],"wp:featuredmedia":[{"embeddable":true,"href":"https:\/\/blogs.diariosur.es\/tormentas-y-rayos\/wp-json\/wp\/v2\/media\/7737"}],"wp:attachment":[{"href":"https:\/\/blogs.diariosur.es\/tormentas-y-rayos\/wp-json\/wp\/v2\/media?parent=7732"}],"wp:term":[{"taxonomy":"category","embeddable":true,"href":"https:\/\/blogs.diariosur.es\/tormentas-y-rayos\/wp-json\/wp\/v2\/categories?post=7732"},{"taxonomy":"post_tag","embeddable":true,"href":"https:\/\/blogs.diariosur.es\/tormentas-y-rayos\/wp-json\/wp\/v2\/tags?post=7732"}],"curies":[{"name":"wp","href":"https:\/\/api.w.org\/{rel}","templated":true}]}}