{"id":7752,"date":"2014-01-25T09:55:16","date_gmt":"2014-01-25T08:55:16","guid":{"rendered":"http:\/\/blogs.diariosur.es\/tormentas-y-rayos\/?p=7752"},"modified":"2014-01-25T09:55:16","modified_gmt":"2014-01-25T08:55:16","slug":"gigantesco-impresionante-ovni-platillo-volante-invade-los-cielos-malaguenos-el-terral-sigue-de-protagonista","status":"publish","type":"post","link":"https:\/\/blogs.diariosur.es\/tormentas-y-rayos\/2014\/01\/25\/gigantesco-impresionante-ovni-platillo-volante-invade-los-cielos-malaguenos-el-terral-sigue-de-protagonista\/","title":{"rendered":"Gigantesco , impresionante ovni, platillo volante invade los cielos malague\u00f1os. El terral sigue de protagonista."},"content":{"rendered":"<p><strong>Buenos dias amigos de la meteo. Son las nueve y dieciocho minutos de la ma\u00f1ana, registro 14 grados y los cielos est\u00e1n adornados de lenticulares ( platillos volantes jijij). Estos lenticulares los ha formado el viento de terral, que ha soplado con rachas de moderadas a fuertes la pasada madrugada. La m\u00ednima de hoy en el puerto ha sido de 14,2 grados, d\u00e1ndose esta temperatura a las tres y diez minutos de la madrugada. Aunque he recibido wassat coment\u00e1ndome que hac\u00eda mucho fr\u00edo, no es asi amigos de la meteo. La sensaci\u00f3n t\u00e9rmica es la que ha tenido la culpa, el cuerpo humano es asi de caprichoso. Concretamente la sensaci\u00f3n t\u00e9rmica ha sido de 8 grados. Os paso el grafico del puerto fuente aemet.<\/strong><\/p>\n<p><a href=\"https:\/\/blogs.diariosur.es\/tormentas-y-rayos\/2014\/01\/25\/gigantesco-impresionante-ovni-platillo-volante-invade-los-cielos-malaguenos-el-terral-sigue-de-protagonista\/captura-242\/\" rel=\"attachment wp-att-7753\"><img loading=\"lazy\" class=\"aligncenter size-medium wp-image-7753\" title=\"Captura\" src=\"\/tormentas-y-rayos\/wp-content\/uploads\/sites\/12\/2014\/01\/Captura17.jpg\" alt=\"\" width=\"600\" height=\"261\" srcset=\"https:\/\/static-blogs.diariosur.es\/wp-content\/uploads\/sites\/12\/2014\/01\/Captura17.jpg 714w, https:\/\/static-blogs.diariosur.es\/wp-content\/uploads\/sites\/12\/2014\/01\/Captura17-640x279.jpg 640w\" sizes=\"(max-width: 600px) 100vw, 600px\" \/><\/a><\/p>\n<p>&nbsp;<\/p>\n<p><strong>Como pod\u00e9is comprobar en el grafico, ayer ya dimos mas de 20 grados, la temperatura a 850 hpa esta algo alta para las fechas que estamos. Hoy s\u00e1bado casi seguro que pasamos de 22 grados y ma\u00f1ana domingo depender\u00e1 si sigue soplando el terral, si es asi llegaremos a los 24.<\/strong><\/p>\n<p>&nbsp;<\/p>\n<p><strong>Os estoy escuchando&#8230;. tranquilidad , ya ya,\u00a0 enseguida os pongo las fotos del gigantesco platillo que he fotografiado al amanecer y otro hace unos minutos. Ahora mismo en los cielos malague\u00f1os siguen estos lenticulares. Os dejo con las fotos y recordaros que el lunes estoy en el programa de radio El despertador, a las diez de la ma\u00f1ana mi amigo Roberto Lopez y yo hablaremos del tiempo en Radio Victoria.<\/strong><\/p>\n<p><img loading=\"lazy\" class=\"aligncenter\" src=\"\/\/farm4.staticflickr.com\/3674\/12130446974_48a6375c20_z.jpg\" alt=\"\" width=\"640\" height=\"480\" \/><\/p>\n<p>&nbsp;<\/p>\n<p><img loading=\"lazy\" class=\"aligncenter\" src=\"\/\/farm4.staticflickr.com\/3832\/12130040005_ef35f4760d_z.jpg\" alt=\"\" width=\"640\" height=\"480\" \/><\/p>\n<p>&nbsp;<\/p>\n<p><img loading=\"lazy\" class=\"aligncenter\" src=\"\/\/farm6.staticflickr.com\/5537\/12130706376_689d00e8b4_z.jpg\" alt=\"\" width=\"640\" height=\"513\" \/><\/p>\n<p>&nbsp;<\/p>\n<p><img loading=\"lazy\" class=\"aligncenter\" src=\"\/\/farm4.staticflickr.com\/3737\/12130041655_585e0644f8_z.jpg\" alt=\"\" width=\"640\" height=\"480\" \/><\/p>\n<p>&nbsp;<\/p>\n<p><strong><img loading=\"lazy\" class=\"aligncenter\" src=\"\/\/farm4.staticflickr.com\/3702\/12130317863_623aeaefe1_z.jpg\" alt=\"\" width=\"640\" height=\"480\" \/><\/strong><\/p>\n<p><strong>\u00a0Os dejo que tiro de nuevo para la playa para fotografiar estos ovnis jijijij.<\/strong><\/p>\n","protected":false},"excerpt":{"rendered":"<p>Buenos dias amigos de la meteo. Son las nueve y dieciocho minutos de la ma\u00f1ana, registro 14 grados y los cielos est\u00e1n adornados de lenticulares ( platillos volantes jijij). Estos lenticulares los ha formado el viento de terral, que ha soplado con rachas de moderadas a fuertes la pasada madrugada. La m\u00ednima de hoy en [&hellip;]<\/p>\n","protected":false},"author":16,"featured_media":7753,"comment_status":"open","ping_status":"open","sticky":false,"template":"","format":"standard","meta":[],"categories":[2],"tags":[255,587,591,745,781,975,1071],"_links":{"self":[{"href":"https:\/\/blogs.diariosur.es\/tormentas-y-rayos\/wp-json\/wp\/v2\/posts\/7752"}],"collection":[{"href":"https:\/\/blogs.diariosur.es\/tormentas-y-rayos\/wp-json\/wp\/v2\/posts"}],"about":[{"href":"https:\/\/blogs.diariosur.es\/tormentas-y-rayos\/wp-json\/wp\/v2\/types\/post"}],"author":[{"embeddable":true,"href":"https:\/\/blogs.diariosur.es\/tormentas-y-rayos\/wp-json\/wp\/v2\/users\/16"}],"replies":[{"embeddable":true,"href":"https:\/\/blogs.diariosur.es\/tormentas-y-rayos\/wp-json\/wp\/v2\/comments?post=7752"}],"version-history":[{"count":0,"href":"https:\/\/blogs.diariosur.es\/tormentas-y-rayos\/wp-json\/wp\/v2\/posts\/7752\/revisions"}],"wp:featuredmedia":[{"embeddable":true,"href":"https:\/\/blogs.diariosur.es\/tormentas-y-rayos\/wp-json\/wp\/v2\/media\/7753"}],"wp:attachment":[{"href":"https:\/\/blogs.diariosur.es\/tormentas-y-rayos\/wp-json\/wp\/v2\/media?parent=7752"}],"wp:term":[{"taxonomy":"category","embeddable":true,"href":"https:\/\/blogs.diariosur.es\/tormentas-y-rayos\/wp-json\/wp\/v2\/categories?post=7752"},{"taxonomy":"post_tag","embeddable":true,"href":"https:\/\/blogs.diariosur.es\/tormentas-y-rayos\/wp-json\/wp\/v2\/tags?post=7752"}],"curies":[{"name":"wp","href":"https:\/\/api.w.org\/{rel}","templated":true}]}}