{"id":7755,"date":"2014-01-26T18:11:39","date_gmt":"2014-01-26T17:11:39","guid":{"rendered":"http:\/\/blogs.diariosur.es\/tormentas-y-rayos\/?p=7755"},"modified":"2014-01-26T18:11:39","modified_gmt":"2014-01-26T17:11:39","slug":"aviso-amarillo-por-viento-y-fenomenos-costeros-en-malaga-granada-y-almeria-el-frio-protagonista-esta-proxima-semana","status":"publish","type":"post","link":"https:\/\/blogs.diariosur.es\/tormentas-y-rayos\/2014\/01\/26\/aviso-amarillo-por-viento-y-fenomenos-costeros-en-malaga-granada-y-almeria-el-frio-protagonista-esta-proxima-semana\/","title":{"rendered":"Aviso amarillo por viento y fen\u00f3menos costeros en M\u00e1laga, Granada y Almer\u00eda.  El fr\u00edo protagonista esta pr\u00f3xima semana."},"content":{"rendered":"<p><strong>Buenas tardes amigos de la meteo. Ahora mismo son las cinco menos cuarto \u00a0de la tarde, \u00a0registro 21,9 grados y los cielos\u00a0est\u00e1n\u00a0adornados con algunos cirrus. La maxima se ha dado en el Centro\u00a0Meteorol\u00f3gico de Teatinos\u00a0con casi<span style=\"color: #ff0000;\"> 25 grados<\/span>, concretamente 24.7. Aunque todos\u00a0sab\u00e9is y para el que no,\u00a0\u00a0la maxima par un mes de Enero se dio el 21 de Enrero del 1981 con<span style=\"color: #ff00ff;\"> 26,8<\/span> graditos jijiji.<\/strong><\/p>\n<p><strong>\u00a0<a href=\"https:\/\/blogs.diariosur.es\/tormentas-y-rayos\/2014\/01\/26\/aviso-amarillo-por-viento-y-fenomenos-costeros-en-malaga-granada-y-almeria-el-frio-protagonista-esta-proxima-semana\/captura-244\/\" rel=\"attachment wp-att-7770\"><img loading=\"lazy\" class=\"aligncenter size-full wp-image-7770\" title=\"Captura\" src=\"\/tormentas-y-rayos\/wp-content\/uploads\/sites\/12\/2014\/01\/Captura19.jpg\" alt=\"\" width=\"488\" height=\"192\" \/><\/a><\/strong><\/p>\n<p><strong>Recordaros que ma\u00f1ana lunes a las diez de la ma\u00f1ana me entrevista Roberto Lopez en el\u00a0programa\u00a0de radio El Despertador. Es en\u00a0Radio\u00a0Victoria y el dial el \u00a0107.1<\/strong><\/p>\n<p>&nbsp;<\/p>\n<p><strong>Como ma\u00f1ana lunes no me dar\u00e1 tiempo actualizar el blog, porque\u00a0primeramente\u00a0quiero fotografiar el amanecer que promete y enseguida tirar para Radio Victoria, os doy una peque\u00f1a previsi\u00f3n del tiempo para el \u00a0lunes y el\u00a0martes. La aemet ha activado el aviso amarillo por vientos y fen\u00f3menos costeros en \u00a0M\u00e1laga, Granada y Almer\u00eda. El aviso comienza esta pr\u00f3xima madrugada sobre las cuatro de la ma\u00f1ana, las rachas pueden superar los 70 km\/h o mas. Lo siento por mi amigo Paco que odia el terral jijijij.<\/strong><\/p>\n<p><a href=\"https:\/\/blogs.diariosur.es\/tormentas-y-rayos\/2014\/01\/26\/aviso-amarillo-por-viento-y-fenomenos-costeros-en-malaga-granada-y-almeria-el-frio-protagonista-esta-proxima-semana\/captura-243\/\" rel=\"attachment wp-att-7756\"><img loading=\"lazy\" class=\"aligncenter size-full wp-image-7756\" title=\"Captura\" src=\"\/tormentas-y-rayos\/wp-content\/uploads\/sites\/12\/2014\/01\/Captura18.jpg\" alt=\"\" width=\"627\" height=\"437\" srcset=\"https:\/\/static-blogs.diariosur.es\/wp-content\/uploads\/sites\/12\/2014\/01\/Captura18.jpg 627w, https:\/\/static-blogs.diariosur.es\/wp-content\/uploads\/sites\/12\/2014\/01\/Captura18-574x400.jpg 574w\" sizes=\"(max-width: 627px) 100vw, 627px\" \/><\/a><\/p>\n<p><strong>Esto se deber\u00e1 al paso de un frente\u00a0fr\u00edo\u00a0que \u00a0ya recorre la\u00a0pen\u00ednsula\u00a0y a la formaci\u00f3n de una borrasca en el Golfo de Le\u00f3n, que unida al potente anticicl\u00f3n de las Azores provocara estos fuertes vientos.\u00a0Os paso\u00a0la imagen fuente aemet hirlam.<\/strong><\/p>\n<p><a href=\"https:\/\/blogs.diariosur.es\/tormentas-y-rayos\/2014\/01\/26\/aviso-amarillo-por-viento-y-fenomenos-costeros-en-malaga-granada-y-almeria-el-frio-protagonista-esta-proxima-semana\/zzzz\/\" rel=\"attachment wp-att-7758\"><img loading=\"lazy\" class=\"aligncenter size-medium wp-image-7758\" title=\"zzzz\" src=\"\/tormentas-y-rayos\/wp-content\/uploads\/sites\/12\/2014\/01\/zzzz.jpg\" alt=\"\" width=\"558\" height=\"400\" srcset=\"https:\/\/static-blogs.diariosur.es\/wp-content\/uploads\/sites\/12\/2014\/01\/zzzz.jpg 738w, https:\/\/static-blogs.diariosur.es\/wp-content\/uploads\/sites\/12\/2014\/01\/zzzz-558x400.jpg 558w\" sizes=\"(max-width: 558px) 100vw, 558px\" \/><\/a><\/p>\n<p>&nbsp;<\/p>\n<p><strong>En esta imagen del satelite eumetsat fuente meteogalicia, se puede ver el frente que afecta al norte peninsular ahora mismo.<\/strong><\/p>\n<p><a href=\"https:\/\/blogs.diariosur.es\/tormentas-y-rayos\/2014\/01\/26\/aviso-amarillo-por-viento-y-fenomenos-costeros-en-malaga-granada-y-almeria-el-frio-protagonista-esta-proxima-semana\/webexterna_ir87_15-30\/\" rel=\"attachment wp-att-7761\"><img loading=\"lazy\" class=\"aligncenter size-medium wp-image-7761\" title=\"webexterna_IR87_[15-30]\" src=\"\/tormentas-y-rayos\/wp-content\/uploads\/sites\/12\/2014\/01\/webexterna_IR87_15-30.jpg\" alt=\"\" width=\"579\" height=\"400\" srcset=\"https:\/\/static-blogs.diariosur.es\/wp-content\/uploads\/sites\/12\/2014\/01\/webexterna_IR87_15-30.jpg 750w, https:\/\/static-blogs.diariosur.es\/wp-content\/uploads\/sites\/12\/2014\/01\/webexterna_IR87_15-30-579x400.jpg 579w\" sizes=\"(max-width: 579px) 100vw, 579px\" \/><\/a><\/p>\n<p><strong>Otro dato a destacar, ser\u00e1 la bajada de las\u00a0m\u00e1ximas moderadamente. Ahora mismo sobre la vertical de Andalucia la temperatura a 850 hpa (1500 m) esta a 12 grados. Ma\u00f1ana lunes por la noche y madrugada del martes rondara los 4. En estos dos mapas que os pongo lo veis mejor.<\/strong><\/p>\n<p><a href=\"https:\/\/blogs.diariosur.es\/tormentas-y-rayos\/2014\/01\/26\/aviso-amarillo-por-viento-y-fenomenos-costeros-en-malaga-granada-y-almeria-el-frio-protagonista-esta-proxima-semana\/domingonnnn\/\" rel=\"attachment wp-att-7759\"><img loading=\"lazy\" class=\"aligncenter size-medium wp-image-7759\" title=\"domingonnnn\" src=\"\/tormentas-y-rayos\/wp-content\/uploads\/sites\/12\/2014\/01\/domingonnnn.png\" alt=\"\" width=\"600\" height=\"400\" srcset=\"https:\/\/static-blogs.diariosur.es\/wp-content\/uploads\/sites\/12\/2014\/01\/domingonnnn.png 768w, https:\/\/static-blogs.diariosur.es\/wp-content\/uploads\/sites\/12\/2014\/01\/domingonnnn-600x400.png 600w\" sizes=\"(max-width: 600px) 100vw, 600px\" \/><\/a><\/p>\n<p><a href=\"https:\/\/blogs.diariosur.es\/tormentas-y-rayos\/2014\/01\/26\/aviso-amarillo-por-viento-y-fenomenos-costeros-en-malaga-granada-y-almeria-el-frio-protagonista-esta-proxima-semana\/martoon\/\" rel=\"attachment wp-att-7760\"><img loading=\"lazy\" class=\"aligncenter size-medium wp-image-7760\" title=\"martoon\" src=\"\/tormentas-y-rayos\/wp-content\/uploads\/sites\/12\/2014\/01\/martoon.png\" alt=\"\" width=\"600\" height=\"400\" srcset=\"https:\/\/static-blogs.diariosur.es\/wp-content\/uploads\/sites\/12\/2014\/01\/martoon.png 768w, https:\/\/static-blogs.diariosur.es\/wp-content\/uploads\/sites\/12\/2014\/01\/martoon-600x400.png 600w\" sizes=\"(max-width: 600px) 100vw, 600px\" \/><\/a><\/p>\n<p>&nbsp;<\/p>\n<p><strong>Y para rizar el rizo os paso esta otra imagen de masas de aire, como todos\u00a0sab\u00e9is\u00a0el color mas azulado y violeta es el fr\u00edo.<\/strong><\/p>\n<p><a href=\"https:\/\/blogs.diariosur.es\/tormentas-y-rayos\/2014\/01\/26\/aviso-amarillo-por-viento-y-fenomenos-costeros-en-malaga-granada-y-almeria-el-frio-protagonista-esta-proxima-semana\/201401261500_s91g\/\" rel=\"attachment wp-att-7762\"><img loading=\"lazy\" class=\"aligncenter size-full wp-image-7762\" title=\"201401261500_s91g\" src=\"\/tormentas-y-rayos\/wp-content\/uploads\/sites\/12\/2014\/01\/201401261500_s91g.jpg\" alt=\"\" width=\"550\" height=\"488\" srcset=\"https:\/\/static-blogs.diariosur.es\/wp-content\/uploads\/sites\/12\/2014\/01\/201401261500_s91g.jpg 550w, https:\/\/static-blogs.diariosur.es\/wp-content\/uploads\/sites\/12\/2014\/01\/201401261500_s91g-451x400.jpg 451w\" sizes=\"(max-width: 550px) 100vw, 550px\" \/><\/a><\/p>\n<p><strong>Sobre lo que pase el\u00a0mi\u00e9rcoles, jueves y viernes hablaremos \u00a0ma\u00f1ana lunes por la tarde o el martes a primera hora. Lo que si esta claro es que el fr\u00edo sera el protagonista en Andaluc\u00eda, incluso se pueden dar\u00a0chubascos. Pero para fr\u00edo el que esta pasando mi amigo Cristobal Garcia \u00a0en Montreal, me comenta que no nos quejemos, el dia pasado dio una minima de 22 grados bajo cero. Os paso la foto.<\/strong><\/p>\n<p><a href=\"https:\/\/blogs.diariosur.es\/tormentas-y-rayos\/2014\/01\/26\/aviso-amarillo-por-viento-y-fenomenos-costeros-en-malaga-granada-y-almeria-el-frio-protagonista-esta-proxima-semana\/cristobal\/\" rel=\"attachment wp-att-7769\"><img loading=\"lazy\" class=\"aligncenter size-full wp-image-7769\" title=\"cristobal\" src=\"\/tormentas-y-rayos\/wp-content\/uploads\/sites\/12\/2014\/01\/cristobal.jpg\" alt=\"\" width=\"500\" height=\"667\" srcset=\"https:\/\/static-blogs.diariosur.es\/wp-content\/uploads\/sites\/12\/2014\/01\/cristobal.jpg 500w, https:\/\/static-blogs.diariosur.es\/wp-content\/uploads\/sites\/12\/2014\/01\/cristobal-300x400.jpg 300w\" sizes=\"(max-width: 500px) 100vw, 500px\" \/><\/a><\/p>\n<p>&nbsp;<\/p>\n<p><strong>Ayer\u00a0s\u00e1bado\u00a0tuvimos unos cielos impresionantes, si\u00a0quer\u00e9is\u00a0verlos de nuevo os paso<a href=\"http:\/\/www.flickr.com\/photos\/jose_luis_escudero\/\" rel=\"external nofollow\"> el enlace a mi galeria de fotos en flick<\/a>. Hoy toca las fotos de mis amigos que tambi\u00e9n cazaron estos impresionantes\u00a0lenticularis.<\/strong><\/p>\n<p><strong>Comenzamos por mi amigo Lui Garcia Marin, que tomo desde Torremolinos este impresionante lenticular. Un fot\u00f3n.<\/strong><\/p>\n<p><a href=\"https:\/\/blogs.diariosur.es\/tormentas-y-rayos\/2014\/01\/26\/aviso-amarillo-por-viento-y-fenomenos-costeros-en-malaga-granada-y-almeria-el-frio-protagonista-esta-proxima-semana\/lui-g-marin-4\/\" rel=\"attachment wp-att-7763\"><img loading=\"lazy\" class=\"aligncenter size-full wp-image-7763\" title=\"lui g marin\" src=\"\/tormentas-y-rayos\/wp-content\/uploads\/sites\/12\/2014\/01\/lui-g-marin.jpg\" alt=\"\" width=\"640\" height=\"181\" \/><\/a><\/p>\n<p><strong>Mi encantadora amiga Elena Martin , fotografio desde la Herradura este otro. Que belleza.<\/strong><\/p>\n<p><a href=\"https:\/\/blogs.diariosur.es\/tormentas-y-rayos\/2014\/01\/26\/aviso-amarillo-por-viento-y-fenomenos-costeros-en-malaga-granada-y-almeria-el-frio-protagonista-esta-proxima-semana\/elena-m-m-martin\/\" rel=\"attachment wp-att-7764\"><img loading=\"lazy\" class=\"aligncenter size-full wp-image-7764\" title=\"elena M M martin\" src=\"\/tormentas-y-rayos\/wp-content\/uploads\/sites\/12\/2014\/01\/elena-M-M-martin.jpg\" alt=\"\" width=\"500\" height=\"667\" srcset=\"https:\/\/static-blogs.diariosur.es\/wp-content\/uploads\/sites\/12\/2014\/01\/elena-M-M-martin.jpg 500w, https:\/\/static-blogs.diariosur.es\/wp-content\/uploads\/sites\/12\/2014\/01\/elena-M-M-martin-300x400.jpg 300w\" sizes=\"(max-width: 500px) 100vw, 500px\" \/><\/a><\/p>\n<p><strong>\u00a0Mario Ruiz Ariza lo cazo cuando\u00a0amanec\u00eda en el interior de la Axarquia, bestial la foto amigo.<\/strong><\/p>\n<p><a href=\"https:\/\/blogs.diariosur.es\/tormentas-y-rayos\/2014\/01\/26\/aviso-amarillo-por-viento-y-fenomenos-costeros-en-malaga-granada-y-almeria-el-frio-protagonista-esta-proxima-semana\/mario-ruiz-ariza\/\" rel=\"attachment wp-att-7766\"><img loading=\"lazy\" class=\"aligncenter size-full wp-image-7766\" title=\"mario ruiz ariza\" src=\"\/tormentas-y-rayos\/wp-content\/uploads\/sites\/12\/2014\/01\/mario-ruiz-ariza.jpg\" alt=\"\" width=\"640\" height=\"480\" srcset=\"https:\/\/static-blogs.diariosur.es\/wp-content\/uploads\/sites\/12\/2014\/01\/mario-ruiz-ariza.jpg 640w, https:\/\/static-blogs.diariosur.es\/wp-content\/uploads\/sites\/12\/2014\/01\/mario-ruiz-ariza-533x400.jpg 533w\" sizes=\"(max-width: 640px) 100vw, 640px\" \/><\/a><\/p>\n<p><strong>Paco rodriguez lo inmortalizaba cuando el sol del amanecer le daba los primeros candilazos. Una pasada la foto.<\/strong><\/p>\n<p><a href=\"https:\/\/blogs.diariosur.es\/tormentas-y-rayos\/2014\/01\/26\/aviso-amarillo-por-viento-y-fenomenos-costeros-en-malaga-granada-y-almeria-el-frio-protagonista-esta-proxima-semana\/paco-rguez\/\" rel=\"attachment wp-att-7767\"><img loading=\"lazy\" class=\"aligncenter size-full wp-image-7767\" title=\"paco rguez\" src=\"\/tormentas-y-rayos\/wp-content\/uploads\/sites\/12\/2014\/01\/paco-rguez.jpg\" alt=\"\" width=\"440\" height=\"671\" srcset=\"https:\/\/static-blogs.diariosur.es\/wp-content\/uploads\/sites\/12\/2014\/01\/paco-rguez.jpg 440w, https:\/\/static-blogs.diariosur.es\/wp-content\/uploads\/sites\/12\/2014\/01\/paco-rguez-262x400.jpg 262w\" sizes=\"(max-width: 440px) 100vw, 440px\" \/><\/a><\/p>\n<p><strong>Desde<\/strong><strong>\u00a0el Cortijo de las Monjas me mandan esta bella foto del lenticular.<\/strong><\/p>\n<p><a href=\"https:\/\/blogs.diariosur.es\/tormentas-y-rayos\/2014\/01\/26\/aviso-amarillo-por-viento-y-fenomenos-costeros-en-malaga-granada-y-almeria-el-frio-protagonista-esta-proxima-semana\/cortijo-de-las-monjas\/\" rel=\"attachment wp-att-7768\"><img loading=\"lazy\" class=\"aligncenter size-full wp-image-7768\" title=\"cortijo de las monjas\" src=\"\/tormentas-y-rayos\/wp-content\/uploads\/sites\/12\/2014\/01\/cortijo-de-las-monjas.jpg\" alt=\"\" width=\"640\" height=\"478\" srcset=\"https:\/\/static-blogs.diariosur.es\/wp-content\/uploads\/sites\/12\/2014\/01\/cortijo-de-las-monjas.jpg 640w, https:\/\/static-blogs.diariosur.es\/wp-content\/uploads\/sites\/12\/2014\/01\/cortijo-de-las-monjas-536x400.jpg 536w\" sizes=\"(max-width: 640px) 100vw, 640px\" \/><\/a><\/p>\n<p>&nbsp;<\/p>\n<p>&nbsp;<\/p>\n<p><strong>Esta otra de Santi Segura, desde Torre del Mar, preciosa foto amigo.<\/strong><\/p>\n<p>&nbsp;<\/p>\n<p><a href=\"https:\/\/blogs.diariosur.es\/tormentas-y-rayos\/2014\/01\/26\/aviso-amarillo-por-viento-y-fenomenos-costeros-en-malaga-granada-y-almeria-el-frio-protagonista-esta-proxima-semana\/1604791_10202003599548873_416365416_n-2\/\" rel=\"attachment wp-att-7775\"><img loading=\"lazy\" class=\"aligncenter size-full wp-image-7775\" title=\"1604791_10202003599548873_416365416_n\" src=\"\/tormentas-y-rayos\/wp-content\/uploads\/sites\/12\/2014\/01\/1604791_10202003599548873_416365416_n1.jpg\" alt=\"\" width=\"640\" height=\"480\" srcset=\"https:\/\/static-blogs.diariosur.es\/wp-content\/uploads\/sites\/12\/2014\/01\/1604791_10202003599548873_416365416_n1.jpg 640w, https:\/\/static-blogs.diariosur.es\/wp-content\/uploads\/sites\/12\/2014\/01\/1604791_10202003599548873_416365416_n1-533x400.jpg 533w\" sizes=\"(max-width: 640px) 100vw, 640px\" \/><\/a><\/p>\n<p>&nbsp;<\/p>\n<p><strong>Francisco Jose Pedrosa me manda otro impresionante lenticular fotografiado en el Monte Coronado.<\/strong><\/p>\n<p><a href=\"https:\/\/blogs.diariosur.es\/tormentas-y-rayos\/2014\/01\/26\/aviso-amarillo-por-viento-y-fenomenos-costeros-en-malaga-granada-y-almeria-el-frio-protagonista-esta-proxima-semana\/wp_001757\/\" rel=\"attachment wp-att-7776\"><img loading=\"lazy\" class=\"aligncenter size-full wp-image-7776\" title=\"WP_001757\" src=\"\/tormentas-y-rayos\/wp-content\/uploads\/sites\/12\/2014\/01\/WP_001757.jpg\" alt=\"\" width=\"640\" height=\"480\" srcset=\"https:\/\/static-blogs.diariosur.es\/wp-content\/uploads\/sites\/12\/2014\/01\/WP_001757.jpg 640w, https:\/\/static-blogs.diariosur.es\/wp-content\/uploads\/sites\/12\/2014\/01\/WP_001757-533x400.jpg 533w\" sizes=\"(max-width: 640px) 100vw, 640px\" \/><\/a><\/p>\n<p><strong>Poco mas que contar amigos, os dejo con un par de fotos\u00a0m\u00edas\u00a0que he tomado hoy en Torre de Benagalb\u00f3n. La ultima me ha llamado la atencion por las ondulaciones que habia en la arena de\u00a0playa, se\u00a0ve que ha soplado fuerte el poniente\u00a0all\u00ed.<\/strong><\/p>\n<p><a href=\"https:\/\/blogs.diariosur.es\/tormentas-y-rayos\/2014\/01\/26\/aviso-amarillo-por-viento-y-fenomenos-costeros-en-malaga-granada-y-almeria-el-frio-protagonista-esta-proxima-semana\/olympus-digital-camera-1576\/\" rel=\"attachment wp-att-7771\"><img loading=\"lazy\" class=\"aligncenter size-full wp-image-7771\" title=\"OLYMPUS DIGITAL CAMERA\" src=\"\/tormentas-y-rayos\/wp-content\/uploads\/sites\/12\/2014\/01\/0031.jpg\" alt=\"\" width=\"640\" height=\"435\" srcset=\"https:\/\/static-blogs.diariosur.es\/wp-content\/uploads\/sites\/12\/2014\/01\/0031.jpg 640w, https:\/\/static-blogs.diariosur.es\/wp-content\/uploads\/sites\/12\/2014\/01\/0031-589x400.jpg 589w\" sizes=\"(max-width: 640px) 100vw, 640px\" \/><\/a><\/p>\n<p><a href=\"https:\/\/blogs.diariosur.es\/tormentas-y-rayos\/2014\/01\/26\/aviso-amarillo-por-viento-y-fenomenos-costeros-en-malaga-granada-y-almeria-el-frio-protagonista-esta-proxima-semana\/olympus-digital-camera-1577\/\" rel=\"attachment wp-att-7772\"><img loading=\"lazy\" class=\"aligncenter size-full wp-image-7772\" title=\"OLYMPUS DIGITAL CAMERA\" src=\"\/tormentas-y-rayos\/wp-content\/uploads\/sites\/12\/2014\/01\/004.jpg\" alt=\"\" width=\"640\" height=\"480\" srcset=\"https:\/\/static-blogs.diariosur.es\/wp-content\/uploads\/sites\/12\/2014\/01\/004.jpg 640w, https:\/\/static-blogs.diariosur.es\/wp-content\/uploads\/sites\/12\/2014\/01\/004-533x400.jpg 533w\" sizes=\"(max-width: 640px) 100vw, 640px\" \/><\/a><\/p>\n","protected":false},"excerpt":{"rendered":"<p>Buenas tardes amigos de la meteo. Ahora mismo son las cinco menos cuarto \u00a0de la tarde, \u00a0registro 21,9 grados y los cielos\u00a0est\u00e1n\u00a0adornados con algunos cirrus. La maxima se ha dado en el Centro\u00a0Meteorol\u00f3gico de Teatinos\u00a0con casi 25 grados, concretamente 24.7. Aunque todos\u00a0sab\u00e9is y para el que no,\u00a0\u00a0la maxima par un mes de Enero se dio [&hellip;]<\/p>\n","protected":false},"author":16,"featured_media":7756,"comment_status":"open","ping_status":"open","sticky":false,"template":"","format":"standard","meta":[],"categories":[2],"tags":[63,91,100,151,288,405,432,690,1059],"_links":{"self":[{"href":"https:\/\/blogs.diariosur.es\/tormentas-y-rayos\/wp-json\/wp\/v2\/posts\/7755"}],"collection":[{"href":"https:\/\/blogs.diariosur.es\/tormentas-y-rayos\/wp-json\/wp\/v2\/posts"}],"about":[{"href":"https:\/\/blogs.diariosur.es\/tormentas-y-rayos\/wp-json\/wp\/v2\/types\/post"}],"author":[{"embeddable":true,"href":"https:\/\/blogs.diariosur.es\/tormentas-y-rayos\/wp-json\/wp\/v2\/users\/16"}],"replies":[{"embeddable":true,"href":"https:\/\/blogs.diariosur.es\/tormentas-y-rayos\/wp-json\/wp\/v2\/comments?post=7755"}],"version-history":[{"count":0,"href":"https:\/\/blogs.diariosur.es\/tormentas-y-rayos\/wp-json\/wp\/v2\/posts\/7755\/revisions"}],"wp:featuredmedia":[{"embeddable":true,"href":"https:\/\/blogs.diariosur.es\/tormentas-y-rayos\/wp-json\/wp\/v2\/media\/7756"}],"wp:attachment":[{"href":"https:\/\/blogs.diariosur.es\/tormentas-y-rayos\/wp-json\/wp\/v2\/media?parent=7755"}],"wp:term":[{"taxonomy":"category","embeddable":true,"href":"https:\/\/blogs.diariosur.es\/tormentas-y-rayos\/wp-json\/wp\/v2\/categories?post=7755"},{"taxonomy":"post_tag","embeddable":true,"href":"https:\/\/blogs.diariosur.es\/tormentas-y-rayos\/wp-json\/wp\/v2\/tags?post=7755"}],"curies":[{"name":"wp","href":"https:\/\/api.w.org\/{rel}","templated":true}]}}