{"id":7777,"date":"2014-01-28T07:23:19","date_gmt":"2014-01-28T06:23:19","guid":{"rendered":"http:\/\/blogs.diariosur.es\/tormentas-y-rayos\/?p=7777"},"modified":"2014-01-28T07:23:19","modified_gmt":"2014-01-28T06:23:19","slug":"aviso-amarillo-y-naranja-por-nevadas-viento-y-fenomenos-costeros-en-la-mayor-parte-de-la-peninsula","status":"publish","type":"post","link":"https:\/\/blogs.diariosur.es\/tormentas-y-rayos\/2014\/01\/28\/aviso-amarillo-y-naranja-por-nevadas-viento-y-fenomenos-costeros-en-la-mayor-parte-de-la-peninsula\/","title":{"rendered":"Aviso amarillo y naranja por nevadas, viento y fen\u00f3menos costeros en la mayor parte de la  pen\u00ednsula."},"content":{"rendered":"<p><strong>Buenos dias amigos de la meteo.<\/strong><\/p>\n<p><strong>Son las seis de la ma\u00f1ana, registro 10 grados y los cielos est\u00e1n algo nubosos. Antes de nada comentaros que ayer lo pase genial en la entrevista de radio del programa El Despertador que tambi\u00e9n lleva Roberto Lopez en Radio Victoria. Estuve junto a un maestro del ajedrez, mi amigo Manuel Azuaga Herrera. Manuel estuvo hablando\u00a0del duelo Karpov Vs. Kasparov y de los beneficios del ajedrez para los m\u00e1s peque\u00f1os.\u00a0<\/strong><\/p>\n<p><strong>Os dejo con la foto y el enlace a la entrevista.<\/strong><\/p>\n<p><strong> Roberto, Nadia, muchas gracias por hac\u00e9rmelo pasar tambi\u00e9n.<\/strong><\/p>\n<p><a href=\"https:\/\/blogs.diariosur.es\/tormentas-y-rayos\/2014\/01\/28\/aviso-amarillo-y-naranja-por-nevadas-viento-y-fenomenos-costeros-en-la-mayor-parte-de-la-peninsula\/olympus-digital-camera-1578\/\" rel=\"attachment wp-att-7778\"><img loading=\"lazy\" class=\"aligncenter size-full wp-image-7778\" title=\"OLYMPUS DIGITAL CAMERA\" src=\"\/tormentas-y-rayos\/wp-content\/uploads\/sites\/12\/2014\/01\/0041.jpg\" alt=\"\" width=\"640\" height=\"480\" srcset=\"https:\/\/static-blogs.diariosur.es\/wp-content\/uploads\/sites\/12\/2014\/01\/0041.jpg 640w, https:\/\/static-blogs.diariosur.es\/wp-content\/uploads\/sites\/12\/2014\/01\/0041-533x400.jpg 533w\" sizes=\"(max-width: 640px) 100vw, 640px\" \/><\/a><\/p>\n<p><strong><a href=\"http:\/\/www.ivoox.com\/hoy-jose-luis-escudero-audios-mp3_rf_2764967_1.html\" rel=\"external nofollow\">Os pongo el enlace\u00a0<\/a>\u00a0<\/strong><\/p>\n<p>&nbsp;<\/p>\n<p><a href=\"https:\/\/blogs.diariosur.es\/tormentas-y-rayos\/2014\/01\/28\/aviso-amarillo-y-naranja-por-nevadas-viento-y-fenomenos-costeros-en-la-mayor-parte-de-la-peninsula\/captura-248\/\" rel=\"attachment wp-att-7790\"><img loading=\"lazy\" class=\"aligncenter size-thumbnail wp-image-7790\" title=\"Captura\" src=\"\/tormentas-y-rayos\/wp-content\/uploads\/sites\/12\/2014\/01\/Captura23.jpg\" alt=\"\" width=\"150\" height=\"150\" \/><\/a><\/p>\n<p>&nbsp;<\/p>\n<p><strong>Hablemos del tiempo que nos espera hoy \u00a0y ma\u00f1ana mi\u00e9rcoles.<\/strong><\/p>\n<p><strong>\u00a0Como pod\u00e9is leer en el titulo del post, las nevadas, el fr\u00edo y el viento ser\u00e1n los protagonista sobre todo hoy, y ma\u00f1ana mi\u00e9rcoles. La aemet activa los avisos amarillos y naranja \u00a0por nevadas, \u00a0viento, \u00a0y naranja por\u00a0fen\u00f3menos\u00a0costeros. Os paso el mapa de avisos fuente Aemet.<\/strong><\/p>\n<p><a href=\"https:\/\/blogs.diariosur.es\/tormentas-y-rayos\/2014\/01\/28\/aviso-amarillo-y-naranja-por-nevadas-viento-y-fenomenos-costeros-en-la-mayor-parte-de-la-peninsula\/20140127185000_avi_mna\/\" rel=\"attachment wp-att-7779\"><img loading=\"lazy\" class=\"aligncenter size-full wp-image-7779\" title=\"20140127185000_avi_mna\" src=\"\/tormentas-y-rayos\/wp-content\/uploads\/sites\/12\/2014\/01\/20140127185000_avi_mna.png\" alt=\"\" width=\"500\" height=\"334\" \/><\/a><\/p>\n<p><strong>Durante el dia de hoy se formara r\u00e1pidamente una borrasca frente a las costas del Cant\u00e1brico, no se si llamarla una ciclogenesis, pero 982 de presi\u00f3n es una pasada. Os paso la imagen fuente gfs meteociel.<\/strong><\/p>\n<p><a href=\"https:\/\/blogs.diariosur.es\/tormentas-y-rayos\/2014\/01\/28\/aviso-amarillo-y-naranja-por-nevadas-viento-y-fenomenos-costeros-en-la-mayor-parte-de-la-peninsula\/30-515\/\" rel=\"attachment wp-att-7780\"><img loading=\"lazy\" class=\"aligncenter size-large wp-image-7780\" title=\"30-515\" src=\"\/tormentas-y-rayos\/wp-content\/uploads\/sites\/12\/2014\/01\/30-515.gif\" alt=\"\" width=\"600\" height=\"600\" \/><\/a><\/p>\n<p><strong>Esto traer\u00e1 consigo fuertes viento en muchos puntos de la\u00a0pen\u00ednsula\u00a0y olas que llegan en estos momentos \u00a0a los 7 metros en el mar\u00a0Cant\u00e1brico\u00a0y Costas Gallegas.\u00a0 Si yo pudiera tiraba ahora mismo para esa zona jijijij.\u00a0La\u00a0bajada de temperaturas tambi\u00e9n ser\u00e1 importante y las nevadas se dar\u00e1n en cotas bajas del norte y centro. Esta bajada de temperaturas se debe a la masa de aire fr\u00edo polar que baja desde Islandia hacia nosotros. Os paso estos dos mapas de masas de aire, el primero es de ayer y el segundo de hace un par de horas.\u00a0Pod\u00e9is\u00a0distinguir por el color azul y violeta al fr\u00edo.<\/strong><\/p>\n<p><a href=\"https:\/\/blogs.diariosur.es\/tormentas-y-rayos\/2014\/01\/28\/aviso-amarillo-y-naranja-por-nevadas-viento-y-fenomenos-costeros-en-la-mayor-parte-de-la-peninsula\/masa-cali\/\" rel=\"attachment wp-att-7781\"><img loading=\"lazy\" class=\"aligncenter size-full wp-image-7781\" title=\"MASA CALI\" src=\"\/tormentas-y-rayos\/wp-content\/uploads\/sites\/12\/2014\/01\/MASA-CALI.jpg\" alt=\"\" width=\"550\" height=\"488\" srcset=\"https:\/\/static-blogs.diariosur.es\/wp-content\/uploads\/sites\/12\/2014\/01\/MASA-CALI.jpg 550w, https:\/\/static-blogs.diariosur.es\/wp-content\/uploads\/sites\/12\/2014\/01\/MASA-CALI-451x400.jpg 451w\" sizes=\"(max-width: 550px) 100vw, 550px\" \/><\/a><\/p>\n<p><strong>En esta segunda imagen de masas, se ve claramente como el fr\u00edo ya llega a casi toda la\u00a0pen\u00ednsula.<\/strong><\/p>\n<p><a href=\"https:\/\/blogs.diariosur.es\/tormentas-y-rayos\/2014\/01\/28\/aviso-amarillo-y-naranja-por-nevadas-viento-y-fenomenos-costeros-en-la-mayor-parte-de-la-peninsula\/201401280100_s91g\/\" rel=\"attachment wp-att-7789\"><img loading=\"lazy\" class=\"aligncenter size-full wp-image-7789\" title=\"201401280100_s91g\" src=\"\/tormentas-y-rayos\/wp-content\/uploads\/sites\/12\/2014\/01\/201401280100_s91g.jpg\" alt=\"\" width=\"550\" height=\"488\" srcset=\"https:\/\/static-blogs.diariosur.es\/wp-content\/uploads\/sites\/12\/2014\/01\/201401280100_s91g.jpg 550w, https:\/\/static-blogs.diariosur.es\/wp-content\/uploads\/sites\/12\/2014\/01\/201401280100_s91g-451x400.jpg 451w\" sizes=\"(max-width: 550px) 100vw, 550px\" \/><\/a><\/p>\n<p><strong>Esta borrasca trae un frente\u00a0fr\u00edo, este frente dejara chubascos \u00a0en la mayor parte de Andaluc\u00eda. Estas precipitaciones\u00a0empezaran\u00a0por la zona mas occidental \u00a0bien entrada la noche. Durante\u00a0la\u00a0madrugada\u00a0pr\u00f3xima\u00a0y primeras horas de la ma\u00f1ana \u00a0cruzara toda nuestra regi\u00f3n.\u00a0Seg\u00fan\u00a0los modelos de lluvias no creo que sean muy cuantiosas. La temperatura a 850 hpa ( 1500 m) ha estado sobre los cero grados \u00a0durante las primeras horas de la madrugada, en estos momentos sube\u00a0hasta\u00a0los 4 y 5, para \u00a0volver a bajar ma\u00f1ana\u00a0mi\u00e9rcoles.<\/strong><\/p>\n<p>&nbsp;<\/p>\n<p><strong>Ayer lunes la maxima en el Aeropuerto fue de 20,2 \u00a0grados, pero la sensaci\u00f3n\u00a0t\u00e9rmica\u00a0era de 10 debido al viento. Muchos malague\u00f1os comentaban que fr\u00edo hace, curioso verdad. <\/strong><\/p>\n<p><a href=\"https:\/\/blogs.diariosur.es\/tormentas-y-rayos\/2014\/01\/28\/aviso-amarillo-y-naranja-por-nevadas-viento-y-fenomenos-costeros-en-la-mayor-parte-de-la-peninsula\/captura-247\/\" rel=\"attachment wp-att-7784\"><img loading=\"lazy\" class=\"aligncenter size-full wp-image-7784\" title=\"Captura\" src=\"\/tormentas-y-rayos\/wp-content\/uploads\/sites\/12\/2014\/01\/Captura22.jpg\" alt=\"\" width=\"454\" height=\"173\" \/><\/a><\/p>\n<p><strong>Si hoy damos una maxima de 16 y se quita el viento notaremos menos fr\u00edo que ayer, aunque la temperatura es mas baja.\u00a0<\/strong><\/p>\n<p><strong>Resumiendo amigos de la meteo. Los dias mas fr\u00edos que es lo normal en un mes de enero\u00a0ser\u00e1n\u00a0el\u00a0mi\u00e9rcoles\u00a0y el jueves en nuestra regi\u00f3n andaluza. A ultimas horas de la noche entrara un frente que\u00a0dejara\u00a0chubascos\u00a0espor\u00e1dicos durante la madrugada y primeras horas de la ma\u00f1ana del\u00a0mi\u00e9rcoles.\u00a0\u00a0Estos chubascos\u00a0ser\u00e1n\u00a0mas probables por el interior de la provincia, pero sin descartar algunas gotas en la capital malague\u00f1a.<span style=\"color: #ff0000;\"> Si sopla fuerte el viento sentiremos mas fr\u00edo, y si el terral se calma pues notaremos menos fr\u00edo aunque la temperatura \u00a0maxima o\u00a0m\u00ednima\u00a0sea mas \u00a0baja.<\/span><\/strong><\/p>\n<p>&nbsp;<\/p>\n<p><strong>Bueno amigos, poco mas que contar os dejo con unas fotos de mis amigos y \u00a0m\u00edas.<\/strong><\/p>\n<p><strong>\u00a0Ayer aunque tenia una agenda muy apretada ji ji ji, tire para la playa y solo hice una foto os doy mi palabra. Me dije, con esta tengo de sobra.<\/strong><\/p>\n<p><img loading=\"lazy\" class=\"aligncenter\" src=\"\/\/farm6.staticflickr.com\/5532\/12175661384_382a629902_z.jpg\" alt=\"\" width=\"640\" height=\"480\" \/><\/p>\n<p><strong>Como os he comentado arriba, ayer\u00a0conoc\u00ed\u00a0en la radio al profesor de ajedrez Manuel Azuaga Herrera, tambi\u00e9n le encanta la\u00a0fotograf\u00eda\u00a0y me ha pasado este atardecer desde la Playa del Candado que tomo en octubre del a\u00f1o pasado. Un fot\u00f3n amigo. <a href=\"http:\/\/www.ivoox.com\/hablamos-ajedrez-manuel-azuaga-27-01-14-audios-mp3_rf_2766368_1.html\" rel=\"external nofollow\">Os paso la entrevista que le hizo Roberto, una pasada el duelo\u00a0Karpov Vs. Kasparov y de los beneficios del ajedrez para los m\u00e1s peque\u00f1os.\u00a0<\/a><\/strong><\/p>\n<p><a href=\"https:\/\/blogs.diariosur.es\/tormentas-y-rayos\/2014\/01\/28\/aviso-amarillo-y-naranja-por-nevadas-viento-y-fenomenos-costeros-en-la-mayor-parte-de-la-peninsula\/manuel-azuaga\/\" rel=\"attachment wp-att-7785\"><img loading=\"lazy\" class=\"aligncenter size-full wp-image-7785\" title=\"manuel azuaga\" src=\"\/tormentas-y-rayos\/wp-content\/uploads\/sites\/12\/2014\/01\/manuel-azuaga.jpg\" alt=\"\" width=\"640\" height=\"480\" srcset=\"https:\/\/static-blogs.diariosur.es\/wp-content\/uploads\/sites\/12\/2014\/01\/manuel-azuaga.jpg 640w, https:\/\/static-blogs.diariosur.es\/wp-content\/uploads\/sites\/12\/2014\/01\/manuel-azuaga-533x400.jpg 533w\" sizes=\"(max-width: 640px) 100vw, 640px\" \/><\/a><\/p>\n<p>&nbsp;<\/p>\n<p><strong>Israel Fern\u00e1ndez\u00a0<\/strong><strong><strong>tambi\u00e9n cazaba el impresionante amanecer de ayer lunes. Me encanta la foto amigo.<\/strong><\/strong><\/p>\n<p>&nbsp;<\/p>\n<p><a href=\"https:\/\/blogs.diariosur.es\/tormentas-y-rayos\/2014\/01\/28\/aviso-amarillo-y-naranja-por-nevadas-viento-y-fenomenos-costeros-en-la-mayor-parte-de-la-peninsula\/1601391_10202999400255209_324538392_n-2\/\" rel=\"attachment wp-att-7793\"><img loading=\"lazy\" class=\"aligncenter size-full wp-image-7793\" title=\"1601391_10202999400255209_324538392_n\" src=\"\/tormentas-y-rayos\/wp-content\/uploads\/sites\/12\/2014\/01\/1601391_10202999400255209_324538392_n1.jpg\" alt=\"\" width=\"640\" height=\"427\" srcset=\"https:\/\/static-blogs.diariosur.es\/wp-content\/uploads\/sites\/12\/2014\/01\/1601391_10202999400255209_324538392_n1.jpg 640w, https:\/\/static-blogs.diariosur.es\/wp-content\/uploads\/sites\/12\/2014\/01\/1601391_10202999400255209_324538392_n1-600x400.jpg 600w\" sizes=\"(max-width: 640px) 100vw, 640px\" \/><\/a><\/p>\n<p>&nbsp;<\/p>\n<p><strong>Mi amigo Jose Luis Gil me manda desde Marbella este mar tan cabreado que\u00a0ten\u00edamos\u00a0ayer. Impresionante.<\/strong><\/p>\n<p><a href=\"https:\/\/blogs.diariosur.es\/tormentas-y-rayos\/2014\/01\/28\/aviso-amarillo-y-naranja-por-nevadas-viento-y-fenomenos-costeros-en-la-mayor-parte-de-la-peninsula\/jose-luis-gil_1\/\" rel=\"attachment wp-att-7786\"><img loading=\"lazy\" class=\"aligncenter size-full wp-image-7786\" title=\"JOSE LUIS GIL_1\" src=\"\/tormentas-y-rayos\/wp-content\/uploads\/sites\/12\/2014\/01\/JOSE-LUIS-GIL_1.jpg\" alt=\"\" width=\"640\" height=\"360\" \/><\/a><\/p>\n<p>&nbsp;<\/p>\n<p><strong>Felipe lg quiere\u00a0compartir\u00a0esta bella imagen que\u00a0fotografi\u00f3\u00a0 desde los picos de los reales en Sierra Bermeja.<\/strong><\/p>\n<p><a href=\"https:\/\/blogs.diariosur.es\/tormentas-y-rayos\/2014\/01\/28\/aviso-amarillo-y-naranja-por-nevadas-viento-y-fenomenos-costeros-en-la-mayor-parte-de-la-peninsula\/pico-los-reales-sierra-bermejafelipe-lg\/\" rel=\"attachment wp-att-7787\"><img loading=\"lazy\" class=\"aligncenter size-full wp-image-7787\" title=\"pico los reales sierra bermeja,Felipe lg\" src=\"\/tormentas-y-rayos\/wp-content\/uploads\/sites\/12\/2014\/01\/pico-los-reales-sierra-bermejaFelipe-lg.jpg\" alt=\"\" width=\"640\" height=\"173\" \/><\/a><\/p>\n<p><strong>Y por ultimo desde la Sierra de Camorra en Mollina, mi amigo Jose Rubio\u00a0fotografi\u00f3\u00a0Sierra Tejeda en su\u00a0m\u00e1ximo\u00a0esplendor.<\/strong><\/p>\n<p><a href=\"https:\/\/blogs.diariosur.es\/tormentas-y-rayos\/2014\/01\/28\/aviso-amarillo-y-naranja-por-nevadas-viento-y-fenomenos-costeros-en-la-mayor-parte-de-la-peninsula\/sierra-camorra-de-mollina-francisco-jose-rubio\/\" rel=\"attachment wp-att-7788\"><img loading=\"lazy\" class=\"aligncenter size-full wp-image-7788\" title=\"sierra camorra de mollina, francisco jose rubio\" src=\"\/tormentas-y-rayos\/wp-content\/uploads\/sites\/12\/2014\/01\/sierra-camorra-de-mollina-francisco-jose-rubio.jpg\" alt=\"\" width=\"640\" height=\"427\" srcset=\"https:\/\/static-blogs.diariosur.es\/wp-content\/uploads\/sites\/12\/2014\/01\/sierra-camorra-de-mollina-francisco-jose-rubio.jpg 640w, https:\/\/static-blogs.diariosur.es\/wp-content\/uploads\/sites\/12\/2014\/01\/sierra-camorra-de-mollina-francisco-jose-rubio-600x400.jpg 600w\" sizes=\"(max-width: 640px) 100vw, 640px\" \/><\/a><\/p>\n","protected":false},"excerpt":{"rendered":"<p>Buenos dias amigos de la meteo. Son las seis de la ma\u00f1ana, registro 10 grados y los cielos est\u00e1n algo nubosos. Antes de nada comentaros que ayer lo pase genial en la entrevista de radio del programa El Despertador que tambi\u00e9n lleva Roberto Lopez en Radio Victoria. Estuve junto a un maestro del ajedrez, mi [&hellip;]<\/p>\n","protected":false},"author":16,"featured_media":7780,"comment_status":"open","ping_status":"open","sticky":false,"template":"","format":"standard","meta":[],"categories":[2],"tags":[94,151,375,676,690,769,1059],"_links":{"self":[{"href":"https:\/\/blogs.diariosur.es\/tormentas-y-rayos\/wp-json\/wp\/v2\/posts\/7777"}],"collection":[{"href":"https:\/\/blogs.diariosur.es\/tormentas-y-rayos\/wp-json\/wp\/v2\/posts"}],"about":[{"href":"https:\/\/blogs.diariosur.es\/tormentas-y-rayos\/wp-json\/wp\/v2\/types\/post"}],"author":[{"embeddable":true,"href":"https:\/\/blogs.diariosur.es\/tormentas-y-rayos\/wp-json\/wp\/v2\/users\/16"}],"replies":[{"embeddable":true,"href":"https:\/\/blogs.diariosur.es\/tormentas-y-rayos\/wp-json\/wp\/v2\/comments?post=7777"}],"version-history":[{"count":0,"href":"https:\/\/blogs.diariosur.es\/tormentas-y-rayos\/wp-json\/wp\/v2\/posts\/7777\/revisions"}],"wp:featuredmedia":[{"embeddable":true,"href":"https:\/\/blogs.diariosur.es\/tormentas-y-rayos\/wp-json\/wp\/v2\/media\/7780"}],"wp:attachment":[{"href":"https:\/\/blogs.diariosur.es\/tormentas-y-rayos\/wp-json\/wp\/v2\/media?parent=7777"}],"wp:term":[{"taxonomy":"category","embeddable":true,"href":"https:\/\/blogs.diariosur.es\/tormentas-y-rayos\/wp-json\/wp\/v2\/categories?post=7777"},{"taxonomy":"post_tag","embeddable":true,"href":"https:\/\/blogs.diariosur.es\/tormentas-y-rayos\/wp-json\/wp\/v2\/tags?post=7777"}],"curies":[{"name":"wp","href":"https:\/\/api.w.org\/{rel}","templated":true}]}}