{"id":8013,"date":"2014-02-21T08:16:15","date_gmt":"2014-02-21T07:16:15","guid":{"rendered":"http:\/\/blogs.diariosur.es\/tormentas-y-rayos\/?p=8013"},"modified":"2014-02-21T08:16:15","modified_gmt":"2014-02-21T07:16:15","slug":"prevision-del-tiempo-semana-blanca-impresionante-video-de-una-avalancha-de-nieve-en-los-alpes-italianos","status":"publish","type":"post","link":"https:\/\/blogs.diariosur.es\/tormentas-y-rayos\/2014\/02\/21\/prevision-del-tiempo-semana-blanca-impresionante-video-de-una-avalancha-de-nieve-en-los-alpes-italianos\/","title":{"rendered":"Previsi\u00f3n del tiempo. Semana Blanca. Impresionante v\u00eddeo de una avalancha de nieve en los Alpes Italianos.."},"content":{"rendered":"<p><strong>Buenos d\u00edas amigos de la meteo. Son las siete de la ma\u00f1ana, registro 15 grados y los cielos est\u00e1n nubosos. Un frente fr\u00edo muy\u00a0desgastado\u00a0cruza Andaluc\u00eda en estos momentos. Este frente est\u00e1 dejando algunas\u00a0gotas en algunos puntos de la comunidad, sobre todo en la zona mas occidental. Tambi\u00e9n en el interior de nuestra provincia malague\u00f1a se han registrado chubascos, destaca Archidona con 0,8\u00a0d\u00e9cimas\u00a0de litro. <span style=\"color: #ff0000;\">Hoy viernes de nuevo el terral de invierno soplara de moderado a fuerte.\u00a0<\/span><\/strong><\/p>\n<p><strong>Muchos que me le\u00e9is que \u00a0no sois de M\u00e1laga, me preguntareis que es la Semana Blanca, lo primero que no es una semana de nevadas jijijij, simplemente \u00a0es una semana no lectiva que se celebra en la provincia de M\u00e1laga (Comunidad Aut\u00f3noma de Andaluc\u00eda, en Espa\u00f1a) para compensar el hecho de que los d\u00edas festivos locales caen en los meses no lectivos del verano. Por ejemplo, en el caso de la ciudad de M\u00e1laga que celebra la Feria de Agosto. Por este motivo he recibido multitud de correos de muchos amigos que cogen unos dias de vacaciones. Mi amigo Paco Gomez es uno de ellos, y no veas la tabarra que me esta dando. Quiere hacer el camino moz\u00e1rabe y me pregunta qu\u00e9 tiempo tendr\u00e1 del 23 al 27. Muy f\u00e1cil Paco, el \u00fanico dia que veras mas nubes e incluso te puede caer algunos chubascos es el lunes 24. Los dem\u00e1s d\u00edas no espero lluvias, eso si, m\u00ednimas bajas por la noche y de madrugada y maximas agradables. Pero tu no creo que te asustes, ya que eres un pedazo de peregrino y has hecho casi todos los caminos de Santiago. Esta foto que me mandaste este a\u00f1o del camino del norte me encanto. Con los pasados temporales las olas llegaban hasta las casas amigo.<\/strong><\/p>\n<p><strong>\u00a0<a href=\"https:\/\/blogs.diariosur.es\/tormentas-y-rayos\/2014\/02\/21\/prevision-del-tiempo-semana-blanca-impresionante-video-de-una-avalancha-de-nieve-en-los-alpes-italianos\/526690_2633150682578_407242521_n\/\" rel=\"attachment wp-att-8014\"><img loading=\"lazy\" class=\"aligncenter size-full wp-image-8014\" title=\"526690_2633150682578_407242521_n\" src=\"\/tormentas-y-rayos\/wp-content\/uploads\/sites\/12\/2014\/02\/526690_2633150682578_407242521_n.jpg\" alt=\"\" width=\"640\" height=\"360\" \/><\/a><\/strong><\/p>\n<p><strong>Bueno amigos, lo mismo os digo a vosotros en cuanto al tiempo \u00a0en lo que respecta a Andaluc\u00eda, salvo el lunes donde hay posibilidad de chubascos, siendo mas probables en la zona occidental, los dem\u00e1s d\u00edas no espero lluvias. Si alguno va a Canarias sin problemas tampoco, all\u00ed se estar\u00e1 estupendamente, incluso para ba\u00f1arse en el sur de las Islas. Donde hay mas posibilidad de lluvias y como sigue siendo habitual en el noroeste peninsular, se espera que algunos frentes fr\u00edos afecten a esa zona.<\/strong><\/p>\n<p>&nbsp;<\/p>\n<p><strong>As\u00edn<\/strong><strong>\u00a0 amanece en M\u00e1laga cuando son las ocho de la ma\u00f1ana.<\/strong><\/p>\n<p><img loading=\"lazy\" class=\"aligncenter\" src=\"https:\/\/farm8.staticflickr.com\/7342\/12670697403_88ee72280e_z.jpg\" alt=\"\" width=\"640\" height=\"480\" \/><\/p>\n<p>&nbsp;<\/p>\n<p>&nbsp;<\/p>\n<p><img loading=\"lazy\" class=\"aligncenter\" src=\"https:\/\/farm6.staticflickr.com\/5491\/12670659265_7090abed59_z.jpg\" alt=\"\" width=\"640\" height=\"480\" \/><\/p>\n<p>&nbsp;<\/p>\n<p><strong>Os hago un peque\u00f1o resumen de ayer jueves en la provincia\u00a0malague\u00f1a y\u00a0Andaluc\u00eda, donde hay que destacar la maxima que se dio en V\u00e9lez M\u00e1laga y Rinc\u00f3n de la Victoria, con 24.7 y 23.2.<\/strong><\/p>\n<p><a href=\"https:\/\/blogs.diariosur.es\/tormentas-y-rayos\/2014\/02\/21\/prevision-del-tiempo-semana-blanca-impresionante-video-de-una-avalancha-de-nieve-en-los-alpes-italianos\/1-40\/\" rel=\"attachment wp-att-8015\"><img loading=\"lazy\" class=\"aligncenter size-full wp-image-8015\" title=\"1\" src=\"\/tormentas-y-rayos\/wp-content\/uploads\/sites\/12\/2014\/02\/16.jpg\" alt=\"\" width=\"392\" height=\"233\" \/><\/a><\/p>\n<p><strong>En M\u00e1laga Capital la m\u00e1xima fue de casi 20, aunque yo esperaba un par de grados mas. El terral de invierno soplo de moderado a fuerte, y se registro una racha m\u00e1xima de 58 km\/h en la estaci\u00f3n del Puerto.<\/strong><\/p>\n<p><a href=\"https:\/\/blogs.diariosur.es\/tormentas-y-rayos\/2014\/02\/21\/prevision-del-tiempo-semana-blanca-impresionante-video-de-una-avalancha-de-nieve-en-los-alpes-italianos\/2-35\/\" rel=\"attachment wp-att-8016\"><img loading=\"lazy\" class=\"aligncenter size-full wp-image-8016\" title=\"2\" src=\"\/tormentas-y-rayos\/wp-content\/uploads\/sites\/12\/2014\/02\/23.jpg\" alt=\"\" width=\"369\" height=\"189\" \/><\/a><\/p>\n<p><strong>Aunque los cielos malague\u00f1os amanecieron despejados, por la tarde se llenaron de bonitos cirrus. Os paso unas fotos.<\/strong><\/p>\n<p><img loading=\"lazy\" class=\"aligncenter\" src=\"https:\/\/farm8.staticflickr.com\/7431\/12669726795_c397818b2c_z.jpg\" alt=\"\" width=\"640\" height=\"480\" \/><\/p>\n<p><a href=\"https:\/\/farm4.staticflickr.com\/3815\/12670209714_f3d9d86eca_z.jpg\" rel=\"external nofollow\"><img loading=\"lazy\" class=\"aligncenter\" src=\"https:\/\/farm4.staticflickr.com\/3815\/12670209714_f3d9d86eca_z.jpg\" alt=\"\" width=\"640\" height=\"480\" \/><\/a><\/p>\n<p>&nbsp;<\/p>\n<p><strong>Poco mas que contar amigos, os dejo con el\u00a0v\u00eddeo\u00a0de una espectacular avalancha de nieve que se dio en los Alpes Italianos. Lo mas impresionante del\u00a0v\u00eddeo\u00a0sucede a la mitad y hasta el final, verlo entero\u00a0es bestial.<\/strong><\/p>\n<p>&nbsp;<\/p>\n<p>&nbsp;<\/p>\n<p><iframe loading=\"lazy\" src=\"\/\/www.youtube.com\/embed\/f5waSw2mMfY\" frameborder=\"0\" width=\"640\" height=\"360\"><\/iframe><\/p>\n","protected":false},"excerpt":{"rendered":"<p>Buenos d\u00edas amigos de la meteo. Son las siete de la ma\u00f1ana, registro 15 grados y los cielos est\u00e1n nubosos. Un frente fr\u00edo muy\u00a0desgastado\u00a0cruza Andaluc\u00eda en estos momentos. Este frente est\u00e1 dejando algunas\u00a0gotas en algunos puntos de la comunidad, sobre todo en la zona mas occidental. Tambi\u00e9n en el interior de nuestra provincia malague\u00f1a se [&hellip;]<\/p>\n","protected":false},"author":16,"featured_media":8014,"comment_status":"open","ping_status":"open","sticky":false,"template":"","format":"standard","meta":[],"categories":[2],"tags":[79,86,147,180,701,809,902,980,1056],"_links":{"self":[{"href":"https:\/\/blogs.diariosur.es\/tormentas-y-rayos\/wp-json\/wp\/v2\/posts\/8013"}],"collection":[{"href":"https:\/\/blogs.diariosur.es\/tormentas-y-rayos\/wp-json\/wp\/v2\/posts"}],"about":[{"href":"https:\/\/blogs.diariosur.es\/tormentas-y-rayos\/wp-json\/wp\/v2\/types\/post"}],"author":[{"embeddable":true,"href":"https:\/\/blogs.diariosur.es\/tormentas-y-rayos\/wp-json\/wp\/v2\/users\/16"}],"replies":[{"embeddable":true,"href":"https:\/\/blogs.diariosur.es\/tormentas-y-rayos\/wp-json\/wp\/v2\/comments?post=8013"}],"version-history":[{"count":0,"href":"https:\/\/blogs.diariosur.es\/tormentas-y-rayos\/wp-json\/wp\/v2\/posts\/8013\/revisions"}],"wp:featuredmedia":[{"embeddable":true,"href":"https:\/\/blogs.diariosur.es\/tormentas-y-rayos\/wp-json\/wp\/v2\/media\/8014"}],"wp:attachment":[{"href":"https:\/\/blogs.diariosur.es\/tormentas-y-rayos\/wp-json\/wp\/v2\/media?parent=8013"}],"wp:term":[{"taxonomy":"category","embeddable":true,"href":"https:\/\/blogs.diariosur.es\/tormentas-y-rayos\/wp-json\/wp\/v2\/categories?post=8013"},{"taxonomy":"post_tag","embeddable":true,"href":"https:\/\/blogs.diariosur.es\/tormentas-y-rayos\/wp-json\/wp\/v2\/tags?post=8013"}],"curies":[{"name":"wp","href":"https:\/\/api.w.org\/{rel}","templated":true}]}}