{"id":8030,"date":"2014-02-25T08:12:35","date_gmt":"2014-02-25T07:12:35","guid":{"rendered":"http:\/\/blogs.diariosur.es\/tormentas-y-rayos\/?p=8030"},"modified":"2014-02-25T08:12:35","modified_gmt":"2014-02-25T07:12:35","slug":"el-granizo-fue-el-protagonista-fotos-el-terral-de-invierno-seguira-con-nosotros","status":"publish","type":"post","link":"https:\/\/blogs.diariosur.es\/tormentas-y-rayos\/2014\/02\/25\/el-granizo-fue-el-protagonista-fotos-el-terral-de-invierno-seguira-con-nosotros\/","title":{"rendered":"El granizo fue el protagonista ( fotos). El terral de invierno seguir\u00e1 con nosotros."},"content":{"rendered":"<p><strong>Buenos dias amigos de la meteo.<\/strong><\/p>\n<p><strong>Son las seis de la ma\u00f1ana, registro 10 grados y los cielos est\u00e1n algo nubosos, presiento un bonito amanecer en la playa, que yo me perder\u00e9.<\/strong><\/p>\n<p><strong>Se cumplieron los pron\u00f3sticos y la lluvia fue la protagonista ayer lunes durante la madrugada y primeras horas de la ma\u00f1ana. Mi pluvi\u00f3metro contabilizo casi 5 litros. <\/strong><\/p>\n<p><strong>\u00a0Sobre las tres de la tarde y como se esperaba, empezaron a entrar los chubascos posfrontales, que trajeron una sorpresa en forma de granizo. Para mi no fue una sorpresa, ya que en el post que os abr\u00ed el domingo por la tarde, os comentaba que algunos modelos daban el paso de una bolsa de aire fr\u00edo. Y asi fue amigos de la meteo, el granizo fue el protagonista sobre las tres y media en la zona mas noreste de la capital malague\u00f1a, como por ejemplo Ciudad Jard\u00edn. Lo que si fue una sorpresa, fueron las nevadas que se dieron en la provincia de Almer\u00eda. En esta provincia la nieve cuajo a partir de 1200 metros.\u00a0<\/strong><\/p>\n<p><strong>Cuando se daba la granizada yo estaba en la terraza fotografiando los cumulonimbus, y se ve\u00eda claramente que las cortinas\u00a0 de lluvia que se desprend\u00edan de la nube eran granizos. Os paso estas dos fotos, la primera cuando caian los granizos y la segunda el peque\u00f1o arcoiris que se dio.<\/strong><\/p>\n<p><img loading=\"lazy\" class=\"aligncenter\" src=\"https:\/\/farm8.staticflickr.com\/7458\/12762661954_7d54dba5ec_z.jpg\" alt=\"\" width=\"640\" height=\"480\" \/><\/p>\n<p><img loading=\"lazy\" class=\"aligncenter\" src=\"https:\/\/farm4.staticflickr.com\/3809\/12762358413_e08ea5a1f2_z.jpg\" alt=\"\" width=\"640\" height=\"480\" \/><\/p>\n<p><strong>\u00a0<\/strong><\/p>\n<p><strong>David Mancebo fotografiaba esta misma nube desde la playa de la misericordia. Se ven perfectamente las cortinas de granizos. Preciosa la foto amigo David.<\/strong><\/p>\n<p><a href=\"https:\/\/blogs.diariosur.es\/tormentas-y-rayos\/2014\/02\/25\/el-granizo-fue-el-protagonista-fotos-el-terral-de-invierno-seguira-con-nosotros\/1941603_663937847003320_500323248_o\/\" rel=\"attachment wp-att-8045\"><img loading=\"lazy\" class=\"aligncenter size-full wp-image-8045\" title=\"1941603_663937847003320_500323248_o\" src=\"\/tormentas-y-rayos\/wp-content\/uploads\/sites\/12\/2014\/02\/1941603_663937847003320_500323248_o.jpg\" alt=\"\" width=\"640\" height=\"424\" srcset=\"https:\/\/static-blogs.diariosur.es\/wp-content\/uploads\/sites\/12\/2014\/02\/1941603_663937847003320_500323248_o.jpg 640w, https:\/\/static-blogs.diariosur.es\/wp-content\/uploads\/sites\/12\/2014\/02\/1941603_663937847003320_500323248_o-604x400.jpg 604w\" sizes=\"(max-width: 640px) 100vw, 640px\" \/><\/a><\/p>\n<p><strong>Pero en donde mejor se ve los granizos son en estas dos fotos que me ha mandado mi amiga Aurora Pulido desde Ciudad Jard\u00edn, impresionantes amiga. Gracias.<\/strong><\/p>\n<p><a href=\"https:\/\/blogs.diariosur.es\/tormentas-y-rayos\/2014\/02\/25\/el-granizo-fue-el-protagonista-fotos-el-terral-de-invierno-seguira-con-nosotros\/1-41\/\" rel=\"attachment wp-att-8037\"><img loading=\"lazy\" class=\"aligncenter size-full wp-image-8037\" title=\"1\" src=\"\/tormentas-y-rayos\/wp-content\/uploads\/sites\/12\/2014\/02\/17.jpg\" alt=\"\" width=\"640\" height=\"480\" srcset=\"https:\/\/static-blogs.diariosur.es\/wp-content\/uploads\/sites\/12\/2014\/02\/17.jpg 640w, https:\/\/static-blogs.diariosur.es\/wp-content\/uploads\/sites\/12\/2014\/02\/17-533x400.jpg 533w\" sizes=\"(max-width: 640px) 100vw, 640px\" \/><\/a><\/p>\n<p><a href=\"https:\/\/blogs.diariosur.es\/tormentas-y-rayos\/2014\/02\/25\/el-granizo-fue-el-protagonista-fotos-el-terral-de-invierno-seguira-con-nosotros\/2-36\/\" rel=\"attachment wp-att-8038\"><img loading=\"lazy\" class=\"aligncenter size-full wp-image-8038\" title=\"2\" src=\"\/tormentas-y-rayos\/wp-content\/uploads\/sites\/12\/2014\/02\/24.jpg\" alt=\"\" width=\"640\" height=\"480\" srcset=\"https:\/\/static-blogs.diariosur.es\/wp-content\/uploads\/sites\/12\/2014\/02\/24.jpg 640w, https:\/\/static-blogs.diariosur.es\/wp-content\/uploads\/sites\/12\/2014\/02\/24-533x400.jpg 533w\" sizes=\"(max-width: 640px) 100vw, 640px\" \/><\/a><\/p>\n<p>&nbsp;<\/p>\n<p><strong>Maria Bautista tambien nos manda esta desde Ciudad Jard\u00edn.<\/strong><\/p>\n<p><a href=\"https:\/\/blogs.diariosur.es\/tormentas-y-rayos\/2014\/02\/25\/el-granizo-fue-el-protagonista-fotos-el-terral-de-invierno-seguira-con-nosotros\/1497340_290013811148652_956243676_n\/\" rel=\"attachment wp-att-8047\"><img loading=\"lazy\" class=\"aligncenter size-medium wp-image-8047\" title=\"1497340_290013811148652_956243676_n\" src=\"\/tormentas-y-rayos\/wp-content\/uploads\/sites\/12\/2014\/02\/1497340_290013811148652_956243676_n.jpg\" alt=\"\" width=\"533\" height=\"400\" srcset=\"https:\/\/static-blogs.diariosur.es\/wp-content\/uploads\/sites\/12\/2014\/02\/1497340_290013811148652_956243676_n.jpg 800w, https:\/\/static-blogs.diariosur.es\/wp-content\/uploads\/sites\/12\/2014\/02\/1497340_290013811148652_956243676_n-533x400.jpg 533w, https:\/\/static-blogs.diariosur.es\/wp-content\/uploads\/sites\/12\/2014\/02\/1497340_290013811148652_956243676_n-768x576.jpg 768w\" sizes=\"(max-width: 533px) 100vw, 533px\" \/><\/a><\/p>\n<p>&nbsp;<\/p>\n<p><strong>Mi amiga Maria Victoria Zambrano cazaba este precioso arcoiris desde Torre de Benagalb\u00f3n.<\/strong><\/p>\n<p><a href=\"https:\/\/blogs.diariosur.es\/tormentas-y-rayos\/2014\/02\/25\/el-granizo-fue-el-protagonista-fotos-el-terral-de-invierno-seguira-con-nosotros\/308741_2716548072239_1793073079_n_1-2\/\" rel=\"attachment wp-att-8039\"><img loading=\"lazy\" class=\"aligncenter size-full wp-image-8039\" title=\"308741_2716548072239_1793073079_n_1\" src=\"\/tormentas-y-rayos\/wp-content\/uploads\/sites\/12\/2014\/02\/308741_2716548072239_1793073079_n_11.jpg\" alt=\"\" width=\"640\" height=\"480\" srcset=\"https:\/\/static-blogs.diariosur.es\/wp-content\/uploads\/sites\/12\/2014\/02\/308741_2716548072239_1793073079_n_11.jpg 640w, https:\/\/static-blogs.diariosur.es\/wp-content\/uploads\/sites\/12\/2014\/02\/308741_2716548072239_1793073079_n_11-533x400.jpg 533w\" sizes=\"(max-width: 640px) 100vw, 640px\" \/><\/a><\/p>\n<p><strong>Ana Cabrera me mandaba esta otra foto cuando los cumulus empezana a\u00a0desarrollarse. Muy bonita la foto amiga.<\/strong><\/p>\n<p><a href=\"https:\/\/blogs.diariosur.es\/tormentas-y-rayos\/2014\/02\/25\/el-granizo-fue-el-protagonista-fotos-el-terral-de-invierno-seguira-con-nosotros\/1530315_10201812701945277_1547468389_n_1\/\" rel=\"attachment wp-att-8040\"><img loading=\"lazy\" class=\"aligncenter size-full wp-image-8040\" title=\"1530315_10201812701945277_1547468389_n_1\" src=\"\/tormentas-y-rayos\/wp-content\/uploads\/sites\/12\/2014\/02\/1530315_10201812701945277_1547468389_n_1.jpg\" alt=\"\" width=\"640\" height=\"480\" srcset=\"https:\/\/static-blogs.diariosur.es\/wp-content\/uploads\/sites\/12\/2014\/02\/1530315_10201812701945277_1547468389_n_1.jpg 640w, https:\/\/static-blogs.diariosur.es\/wp-content\/uploads\/sites\/12\/2014\/02\/1530315_10201812701945277_1547468389_n_1-533x400.jpg 533w\" sizes=\"(max-width: 640px) 100vw, 640px\" \/><\/a><\/p>\n<p><strong>Poco mas que contar del lunes, solo que el granizo se dio tambi\u00e9n en Fuengirola. Os paso los datos mas destacados que se dieron ayer en Andaluc\u00eda. Fuente Aemet.<\/strong><\/p>\n<p><a href=\"https:\/\/blogs.diariosur.es\/tormentas-y-rayos\/2014\/02\/25\/el-granizo-fue-el-protagonista-fotos-el-terral-de-invierno-seguira-con-nosotros\/captura-265\/\" rel=\"attachment wp-att-8041\"><img loading=\"lazy\" class=\"aligncenter size-medium wp-image-8041\" title=\"Captura\" src=\"\/tormentas-y-rayos\/wp-content\/uploads\/sites\/12\/2014\/02\/Captura14.jpg\" alt=\"\" width=\"522\" height=\"400\" srcset=\"https:\/\/static-blogs.diariosur.es\/wp-content\/uploads\/sites\/12\/2014\/02\/Captura14.jpg 803w, https:\/\/static-blogs.diariosur.es\/wp-content\/uploads\/sites\/12\/2014\/02\/Captura14-522x400.jpg 522w, https:\/\/static-blogs.diariosur.es\/wp-content\/uploads\/sites\/12\/2014\/02\/Captura14-768x588.jpg 768w\" sizes=\"(max-width: 522px) 100vw, 522px\" \/><\/a><\/p>\n<p><strong>Hoy martes las nubes medias y altas ser\u00e1n las protagonistas en casi toda Andaluc\u00eda, ahora mismo cuando son las ocho de la ma\u00f1ana ya se pueden ver como est\u00e1n los cielos malague\u00f1os, os paso una foto.<\/strong><\/p>\n<p><a href=\"https:\/\/blogs.diariosur.es\/tormentas-y-rayos\/2014\/02\/25\/el-granizo-fue-el-protagonista-fotos-el-terral-de-invierno-seguira-con-nosotros\/003-16\/\" rel=\"attachment wp-att-8046\"><img loading=\"lazy\" class=\"aligncenter size-full wp-image-8046\" title=\"003\" src=\"\/tormentas-y-rayos\/wp-content\/uploads\/sites\/12\/2014\/02\/0031.jpg\" alt=\"\" width=\"640\" height=\"427\" srcset=\"https:\/\/static-blogs.diariosur.es\/wp-content\/uploads\/sites\/12\/2014\/02\/0031.jpg 640w, https:\/\/static-blogs.diariosur.es\/wp-content\/uploads\/sites\/12\/2014\/02\/0031-600x400.jpg 600w\" sizes=\"(max-width: 640px) 100vw, 640px\" \/><\/a><\/p>\n<p>&nbsp;<\/p>\n<p><strong>Un frente fr\u00edo afecta al norte peninsular, este frente trae una masa de aire fr\u00edo inestable que afectara en mayor medida a esta zona. Os paso la imagen del satelite eumetsat, fuente meteogalicia, y la de masas de aire fuente aemet.<\/strong><\/p>\n<p><a href=\"https:\/\/blogs.diariosur.es\/tormentas-y-rayos\/2014\/02\/25\/el-granizo-fue-el-protagonista-fotos-el-terral-de-invierno-seguira-con-nosotros\/webexterna_ir87_04-45-3\/\" rel=\"attachment wp-att-8042\"><img loading=\"lazy\" class=\"aligncenter size-medium wp-image-8042\" title=\"webexterna_IR87_[04-45]\" src=\"\/tormentas-y-rayos\/wp-content\/uploads\/sites\/12\/2014\/02\/webexterna_IR87_04-45.jpg\" alt=\"\" width=\"579\" height=\"400\" srcset=\"https:\/\/static-blogs.diariosur.es\/wp-content\/uploads\/sites\/12\/2014\/02\/webexterna_IR87_04-45.jpg 750w, https:\/\/static-blogs.diariosur.es\/wp-content\/uploads\/sites\/12\/2014\/02\/webexterna_IR87_04-45-579x400.jpg 579w\" sizes=\"(max-width: 579px) 100vw, 579px\" \/><\/a><a href=\"https:\/\/blogs.diariosur.es\/tormentas-y-rayos\/2014\/02\/25\/el-granizo-fue-el-protagonista-fotos-el-terral-de-invierno-seguira-con-nosotros\/201402250400_s91g\/\" rel=\"attachment wp-att-8043\"><img loading=\"lazy\" class=\"aligncenter size-medium wp-image-8043\" title=\"201402250400_s91g\" src=\"\/tormentas-y-rayos\/wp-content\/uploads\/sites\/12\/2014\/02\/201402250400_s91g.jpg\" alt=\"\" width=\"450\" height=\"400\" srcset=\"https:\/\/static-blogs.diariosur.es\/wp-content\/uploads\/sites\/12\/2014\/02\/201402250400_s91g.jpg 550w, https:\/\/static-blogs.diariosur.es\/wp-content\/uploads\/sites\/12\/2014\/02\/201402250400_s91g-451x400.jpg 451w\" sizes=\"(max-width: 450px) 100vw, 450px\" \/><\/a><\/p>\n<p><strong>El frente llegara muy desgastado a nuestra regi\u00f3n y no espero lluvias ni hoy ni ma\u00f1ana\u00a0mi\u00e9rcoles, si acaso una leves gotas en la zona mas al norte de Andaluc\u00eda. Donde si\u00a0llover\u00e1\u00a0y nevara es el norte de la\u00a0pen\u00ednsula,\u00a0la\u00a0aemet activa el aviso naranja por olas y el amarillo por vientos y nevadas en los sistemas monta\u00f1osos.<\/strong><\/p>\n<p><a href=\"https:\/\/blogs.diariosur.es\/tormentas-y-rayos\/2014\/02\/25\/el-granizo-fue-el-protagonista-fotos-el-terral-de-invierno-seguira-con-nosotros\/20140225051000_avi_hoy\/\" rel=\"attachment wp-att-8044\"><img loading=\"lazy\" class=\"aligncenter size-full wp-image-8044\" title=\"20140225051000_avi_hoy\" src=\"\/tormentas-y-rayos\/wp-content\/uploads\/sites\/12\/2014\/02\/20140225051000_avi_hoy.png\" alt=\"\" width=\"500\" height=\"334\" \/><\/a><\/p>\n<p><strong>Resumiendo amigos de la meteo. Tanto hoy como ma\u00f1ana las nubes medias y altas adornaran los cielos andaluces, de momento los frentes que afectan al norte peninsular llegaran muy desgastados a nuestra regi\u00f3n. Y el viento de terral de invierno\u00a0seguir\u00e1\u00a0de protagonista, soplara de flojo a moderado\u00a0seg\u00fan\u00a0las zonas. <span style=\"color: #ff0000;\">Para el fin de semana hay modelos que dan algo de lluvias y bajadas de temperaturas, pero aun no hay nada claro.<\/span><\/strong><\/p>\n<p><strong>\u00a0Un abrazo a todos, hasta el jueves.<\/strong><\/p>\n<p>&nbsp;<\/p>\n<p>&nbsp;<\/p>\n","protected":false},"excerpt":{"rendered":"<p>Buenos dias amigos de la meteo. Son las seis de la ma\u00f1ana, registro 10 grados y los cielos est\u00e1n algo nubosos, presiento un bonito amanecer en la playa, que yo me perder\u00e9. Se cumplieron los pron\u00f3sticos y la lluvia fue la protagonista ayer lunes durante la madrugada y primeras horas de la ma\u00f1ana. Mi pluvi\u00f3metro [&hellip;]<\/p>\n","protected":false},"author":16,"featured_media":8038,"comment_status":"open","ping_status":"open","sticky":false,"template":"","format":"standard","meta":[],"categories":[2],"tags":[99,424,467,587,975],"_links":{"self":[{"href":"https:\/\/blogs.diariosur.es\/tormentas-y-rayos\/wp-json\/wp\/v2\/posts\/8030"}],"collection":[{"href":"https:\/\/blogs.diariosur.es\/tormentas-y-rayos\/wp-json\/wp\/v2\/posts"}],"about":[{"href":"https:\/\/blogs.diariosur.es\/tormentas-y-rayos\/wp-json\/wp\/v2\/types\/post"}],"author":[{"embeddable":true,"href":"https:\/\/blogs.diariosur.es\/tormentas-y-rayos\/wp-json\/wp\/v2\/users\/16"}],"replies":[{"embeddable":true,"href":"https:\/\/blogs.diariosur.es\/tormentas-y-rayos\/wp-json\/wp\/v2\/comments?post=8030"}],"version-history":[{"count":0,"href":"https:\/\/blogs.diariosur.es\/tormentas-y-rayos\/wp-json\/wp\/v2\/posts\/8030\/revisions"}],"wp:featuredmedia":[{"embeddable":true,"href":"https:\/\/blogs.diariosur.es\/tormentas-y-rayos\/wp-json\/wp\/v2\/media\/8038"}],"wp:attachment":[{"href":"https:\/\/blogs.diariosur.es\/tormentas-y-rayos\/wp-json\/wp\/v2\/media?parent=8030"}],"wp:term":[{"taxonomy":"category","embeddable":true,"href":"https:\/\/blogs.diariosur.es\/tormentas-y-rayos\/wp-json\/wp\/v2\/categories?post=8030"},{"taxonomy":"post_tag","embeddable":true,"href":"https:\/\/blogs.diariosur.es\/tormentas-y-rayos\/wp-json\/wp\/v2\/tags?post=8030"}],"curies":[{"name":"wp","href":"https:\/\/api.w.org\/{rel}","templated":true}]}}