{"id":8049,"date":"2014-02-27T08:05:49","date_gmt":"2014-02-27T07:05:49","guid":{"rendered":"http:\/\/blogs.diariosur.es\/tormentas-y-rayos\/?p=8049"},"modified":"2014-02-27T08:05:49","modified_gmt":"2014-02-27T07:05:49","slug":"prevision-del-tiempo-dia-de-andalucia-fin-de-semana-el-28-de-febrero-del-ano-pasado-nevo-en-la-provincia-malaguena","status":"publish","type":"post","link":"https:\/\/blogs.diariosur.es\/tormentas-y-rayos\/2014\/02\/27\/prevision-del-tiempo-dia-de-andalucia-fin-de-semana-el-28-de-febrero-del-ano-pasado-nevo-en-la-provincia-malaguena\/","title":{"rendered":"Previsi\u00f3n del tiempo D\u00eda de Andaluc\u00eda, fin de semana. El 28 de febrero del a\u00f1o pasado nev\u00f3 en la provincia malague\u00f1a."},"content":{"rendered":"<p>&nbsp;<\/p>\n<p><span style=\"color: #ff0000;\"><strong><a href=\"https:\/\/blogs.diariosur.es\/tormentas-y-rayos\/2014\/02\/28\/el-dia-de-andalucia-sera-primaveral-sabado-y-domingo-ventoso-y-posibles-chubascos-esporadicos-en-andalucia-fotos-y-videos-de-la-nevada-del-ano-pasado\/\">ACTUALIZACI\u00d3N \u00a028-2-2014 \u00a0NUEVO POST ENLACE<\/a><\/strong><\/span><\/p>\n<p>&nbsp;<\/p>\n<p>&nbsp;<\/p>\n<p><strong>Buenos dias amigos de la meteo. Son las seis y media de la ma\u00f1ana, registro 13 grados y los cielos est\u00e1n \u00a0nubosos. Vamos a ir por partes y empezaremos con el pron\u00f3stico para hoy jueves. Un frente fr\u00edo esta cruzando la peninsula en estos momentos, este frente dejara lluvias mas cuantiosas en el norte y noroeste peninsular, pero sin descartarlas en la zona del centro. A nuestra regi\u00f3n andaluza llegara muy desgastado y solo hay posibilidad de algunas gotas en el noreste de la regi\u00f3n, pero muy poca cosa. En la provincia malague\u00f1a no la espero. Aqui podeis ver el frente. Fuente meteogalicia.<\/strong><\/p>\n<p><a href=\"https:\/\/blogs.diariosur.es\/tormentas-y-rayos\/2014\/02\/27\/prevision-del-tiempo-dia-de-andalucia-fin-de-semana-el-28-de-febrero-del-ano-pasado-nevo-en-la-provincia-malaguena\/webexterna_colorir87_04-45-4\/\" rel=\"attachment wp-att-8050\"><img loading=\"lazy\" class=\"aligncenter size-medium wp-image-8050\" title=\"webexterna_ColorIR87_[04-45]\" src=\"\/tormentas-y-rayos\/wp-content\/uploads\/sites\/12\/2014\/02\/webexterna_ColorIR87_04-45.jpg\" alt=\"\" width=\"579\" height=\"400\" srcset=\"https:\/\/static-blogs.diariosur.es\/wp-content\/uploads\/sites\/12\/2014\/02\/webexterna_ColorIR87_04-45.jpg 750w, https:\/\/static-blogs.diariosur.es\/wp-content\/uploads\/sites\/12\/2014\/02\/webexterna_ColorIR87_04-45-579x400.jpg 579w\" sizes=\"(max-width: 579px) 100vw, 579px\" \/><\/a><\/p>\n<p><strong>El 28 de febrero( Dia de Andaluc\u00eda) la estabilidad ser\u00e1 la protagonista en nuestra regi\u00f3n, incluso las\u00a0m\u00e1ximas\u00a0subir\u00e1n en toda Andaluc\u00eda. El \u00fanico pego es que en M\u00e1laga Capital el terral de invierno soplara\u00a0moderado, <span style=\"color: #ff0000;\">pero al tener temperaturas altas a 850 hpa ( 1500 m), la m\u00e1xima en la capital malague\u00f1a pasara ma\u00f1ana de los 20 grados<\/span>. Los paseos maritimos se llenaran al mediodia. No se parecera en nada a los del a\u00f1o pasado, cuando\u00a0nev\u00f3\u00a0en la provincia malague\u00f1a a partir de 500 metros. Yo me quede incomunicado a las 4 de la ma\u00f1ana en la\u00a0autov\u00eda\u00a0que va para\u00a0Antequera. Tuve la suerte de\u00a0encontrarme\u00a0con un hombre que me llevo hasta la\u00a0Fuente\u00a0de la Yedra. Os paso el enlace del a\u00f1o pasado donde\u00a0pod\u00e9is\u00a0ver un\u00a0v\u00eddeo\u00a0y fotos de la nevada.<\/strong><\/p>\n<p>&nbsp;<\/p>\n<p><span style=\"color: #ff0000;\"><strong><a href=\"https:\/\/blogs.diariosur.es\/tormentas-y-rayos\/2013\/02\/28\/impresionante-nevada-en-malaga-fuente-de-la-yedra-fotos-y-video\/\">IMPRESIONANTE NEVADA EN M\u00c1LAGA 28 DE FEBRERO DEL 2013<\/a><\/strong><\/span><\/p>\n<p><img loading=\"lazy\" class=\"aligncenter\" src=\"\/tormentas-y-rayos\/wp-content\/uploads\/sites\/12\/2013\/02\/12.jpg\" alt=\"\" width=\"680\" height=\"510\" \/><\/p>\n<p>&nbsp;<\/p>\n<p><strong>Para el primer dia de marzo y el domingo \u00a0los chubascos y el viento ser\u00e1n los protagonistas en toda Andaluc\u00eda. Un frente muy activo cruzara la peninsula, adem\u00e1s una borrasca se situara en el Golfo de Le\u00f3n, esto har\u00e1 que el domingo de madrugada y por la ma\u00f1ana siga inestable. <\/strong><\/p>\n<p><strong>Lo que no tengo muy claro es sobre qu\u00e9 hora empezaran los chubascos en Andaluc\u00eda el s\u00e1bado y de que forma afectaran a la provincia malague\u00f1a. Lo que si esta claro es el fuerte viento que se dar\u00e1 en todo el litoral mediterr\u00e1neo. Aun la AEMET, no ha actualizado los avisos para el s\u00e1bado, pero estoy casi seguro que el amarillo e incluso el naranja se activaran, tanto por olas como por viento. Fijaros en este mapa previsto del modelo gfs, fuente meteociel como est\u00e1n de juntas las isobaras.<\/strong><\/p>\n<p><a href=\"https:\/\/blogs.diariosur.es\/tormentas-y-rayos\/2014\/02\/27\/prevision-del-tiempo-dia-de-andalucia-fin-de-semana-el-28-de-febrero-del-ano-pasado-nevo-en-la-provincia-malaguena\/63-515sp\/\" rel=\"attachment wp-att-8051\"><img loading=\"lazy\" class=\"aligncenter size-large wp-image-8051\" title=\"63-515SP\" src=\"\/tormentas-y-rayos\/wp-content\/uploads\/sites\/12\/2014\/02\/63-515SP.gif\" alt=\"\" width=\"600\" height=\"600\" \/><\/a><\/p>\n<p>&nbsp;<\/p>\n<p><strong>Asi que si me lo permit\u00eds, ma\u00f1ana de nuevo actualizaremos el blog para confirmar la hora de que llegaran los chubascos a Andaluc\u00eda y provincia malague\u00f1a. Asi como que protagonismo coger\u00e1 el viento, si al final soplara fuerte o solo moderado.\u00a0<\/strong><\/p>\n<p><strong>Bueno amigos ahora son las ocho de la ma\u00f1ana y el sol hace diez minutos que ha salido, os paso una foto. Como\u00a0pod\u00e9is\u00a0ver las nubes son las protagonistas.<\/strong><\/p>\n<p><a href=\"https:\/\/blogs.diariosur.es\/tormentas-y-rayos\/2014\/02\/27\/prevision-del-tiempo-dia-de-andalucia-fin-de-semana-el-28-de-febrero-del-ano-pasado-nevo-en-la-provincia-malaguena\/olympus-digital-camera-1585\/\" rel=\"attachment wp-att-8058\"><img loading=\"lazy\" class=\"aligncenter size-full wp-image-8058\" title=\"OLYMPUS DIGITAL CAMERA\" src=\"\/tormentas-y-rayos\/wp-content\/uploads\/sites\/12\/2014\/02\/004_1.jpg\" alt=\"\" width=\"640\" height=\"480\" srcset=\"https:\/\/static-blogs.diariosur.es\/wp-content\/uploads\/sites\/12\/2014\/02\/004_1.jpg 640w, https:\/\/static-blogs.diariosur.es\/wp-content\/uploads\/sites\/12\/2014\/02\/004_1-533x400.jpg 533w\" sizes=\"(max-width: 640px) 100vw, 640px\" \/><\/a><\/p>\n<p>&nbsp;<\/p>\n<p><strong>Como siempre os paso el resumen de los datos mas importantes que se dieron ayer mi\u00e9rcoles en Andaluc\u00eda.\u00a0Fuente\u00a0AEMET<\/strong><\/p>\n<p><a href=\"https:\/\/blogs.diariosur.es\/tormentas-y-rayos\/2014\/02\/27\/prevision-del-tiempo-dia-de-andalucia-fin-de-semana-el-28-de-febrero-del-ano-pasado-nevo-en-la-provincia-malaguena\/captura-266\/\" rel=\"attachment wp-att-8052\"><img loading=\"lazy\" class=\"aligncenter size-medium wp-image-8052\" title=\"Captura\" src=\"\/tormentas-y-rayos\/wp-content\/uploads\/sites\/12\/2014\/02\/Captura15.jpg\" alt=\"\" width=\"519\" height=\"400\" srcset=\"https:\/\/static-blogs.diariosur.es\/wp-content\/uploads\/sites\/12\/2014\/02\/Captura15.jpg 802w, https:\/\/static-blogs.diariosur.es\/wp-content\/uploads\/sites\/12\/2014\/02\/Captura15-520x400.jpg 520w, https:\/\/static-blogs.diariosur.es\/wp-content\/uploads\/sites\/12\/2014\/02\/Captura15-768x591.jpg 768w\" sizes=\"(max-width: 519px) 100vw, 519px\" \/><\/a><\/p>\n<p><strong>Os paso las fotos que me hab\u00e9is mandado, son todas una pasada de bonitas amigos<\/strong>.<\/p>\n<p><strong>La primera de mi amigo Daniel Kema.\u00a0<\/strong><\/p>\n<p><a href=\"https:\/\/blogs.diariosur.es\/tormentas-y-rayos\/2014\/02\/27\/prevision-del-tiempo-dia-de-andalucia-fin-de-semana-el-28-de-febrero-del-ano-pasado-nevo-en-la-provincia-malaguena\/1898721_10201890529521105_148063142_o_1\/\" rel=\"attachment wp-att-8053\"><img loading=\"lazy\" class=\"aligncenter size-full wp-image-8053\" title=\"1898721_10201890529521105_148063142_o_1\" src=\"\/tormentas-y-rayos\/wp-content\/uploads\/sites\/12\/2014\/02\/1898721_10201890529521105_148063142_o_1.jpg\" alt=\"\" width=\"640\" height=\"480\" srcset=\"https:\/\/static-blogs.diariosur.es\/wp-content\/uploads\/sites\/12\/2014\/02\/1898721_10201890529521105_148063142_o_1.jpg 640w, https:\/\/static-blogs.diariosur.es\/wp-content\/uploads\/sites\/12\/2014\/02\/1898721_10201890529521105_148063142_o_1-533x400.jpg 533w\" sizes=\"(max-width: 640px) 100vw, 640px\" \/><\/a><\/p>\n<p>&nbsp;<\/p>\n<p><strong>La segunda de Pablo Fernandez.<\/strong><\/p>\n<p><a href=\"https:\/\/blogs.diariosur.es\/tormentas-y-rayos\/2014\/02\/27\/prevision-del-tiempo-dia-de-andalucia-fin-de-semana-el-28-de-febrero-del-ano-pasado-nevo-en-la-provincia-malaguena\/20140224_154942\/\" rel=\"attachment wp-att-8054\"><img loading=\"lazy\" class=\"aligncenter size-full wp-image-8054\" title=\"20140224_154942\" src=\"\/tormentas-y-rayos\/wp-content\/uploads\/sites\/12\/2014\/02\/20140224_154942.jpg\" alt=\"\" width=\"640\" height=\"360\" \/><\/a><\/p>\n<p><strong>La tercera de Eva Molina<\/strong><\/p>\n<p><a href=\"https:\/\/blogs.diariosur.es\/tormentas-y-rayos\/2014\/02\/27\/prevision-del-tiempo-dia-de-andalucia-fin-de-semana-el-28-de-febrero-del-ano-pasado-nevo-en-la-provincia-malaguena\/eva-molina\/\" rel=\"attachment wp-att-8055\"><img loading=\"lazy\" class=\"aligncenter size-medium wp-image-8055\" title=\"EVA MOLINA\" src=\"\/tormentas-y-rayos\/wp-content\/uploads\/sites\/12\/2014\/02\/EVA-MOLINA.jpg\" alt=\"\" width=\"600\" height=\"160\" srcset=\"https:\/\/static-blogs.diariosur.es\/wp-content\/uploads\/sites\/12\/2014\/02\/EVA-MOLINA.jpg 960w, https:\/\/static-blogs.diariosur.es\/wp-content\/uploads\/sites\/12\/2014\/02\/EVA-MOLINA-640x171.jpg 640w, https:\/\/static-blogs.diariosur.es\/wp-content\/uploads\/sites\/12\/2014\/02\/EVA-MOLINA-768x206.jpg 768w\" sizes=\"(max-width: 600px) 100vw, 600px\" \/><\/a><\/p>\n<p>&nbsp;<\/p>\n<p><strong>Aurora Pulido nos trae esta otra.<\/strong><\/p>\n<p><a href=\"https:\/\/blogs.diariosur.es\/tormentas-y-rayos\/2014\/02\/27\/prevision-del-tiempo-dia-de-andalucia-fin-de-semana-el-28-de-febrero-del-ano-pasado-nevo-en-la-provincia-malaguena\/aurora-pulido-6\/\" rel=\"attachment wp-att-8056\"><img loading=\"lazy\" class=\"aligncenter size-full wp-image-8056\" title=\"aurora pulido\" src=\"\/tormentas-y-rayos\/wp-content\/uploads\/sites\/12\/2014\/02\/aurora-pulido1.jpg\" alt=\"\" width=\"640\" height=\"480\" srcset=\"https:\/\/static-blogs.diariosur.es\/wp-content\/uploads\/sites\/12\/2014\/02\/aurora-pulido1.jpg 640w, https:\/\/static-blogs.diariosur.es\/wp-content\/uploads\/sites\/12\/2014\/02\/aurora-pulido1-533x400.jpg 533w\" sizes=\"(max-width: 640px) 100vw, 640px\" \/><\/a><\/p>\n<p><strong>Y por ultimo Maril\u00f3 Diaz nos trae este lenticular desde Sierra Nevada.<\/strong><\/p>\n<p><a href=\"https:\/\/blogs.diariosur.es\/tormentas-y-rayos\/2014\/02\/27\/prevision-del-tiempo-dia-de-andalucia-fin-de-semana-el-28-de-febrero-del-ano-pasado-nevo-en-la-provincia-malaguena\/marilo-diaz-5\/\" rel=\"attachment wp-att-8057\"><img loading=\"lazy\" class=\"aligncenter size-full wp-image-8057\" title=\"MARILO DIAZ\" src=\"\/tormentas-y-rayos\/wp-content\/uploads\/sites\/12\/2014\/02\/MARILO-DIAZ.jpg\" alt=\"\" width=\"640\" height=\"480\" srcset=\"https:\/\/static-blogs.diariosur.es\/wp-content\/uploads\/sites\/12\/2014\/02\/MARILO-DIAZ.jpg 640w, https:\/\/static-blogs.diariosur.es\/wp-content\/uploads\/sites\/12\/2014\/02\/MARILO-DIAZ-533x400.jpg 533w\" sizes=\"(max-width: 640px) 100vw, 640px\" \/><\/a><\/p>\n<p>&nbsp;<\/p>\n","protected":false},"excerpt":{"rendered":"<p>&nbsp; ACTUALIZACI\u00d3N \u00a028-2-2014 \u00a0NUEVO POST ENLACE &nbsp; &nbsp; Buenos dias amigos de la meteo. Son las seis y media de la ma\u00f1ana, registro 13 grados y los cielos est\u00e1n \u00a0nubosos. Vamos a ir por partes y empezaremos con el pron\u00f3stico para hoy jueves. Un frente fr\u00edo esta cruzando la peninsula en estos momentos, este frente [&hellip;]<\/p>\n","protected":false},"author":16,"featured_media":8060,"comment_status":"open","ping_status":"open","sticky":false,"template":"","format":"standard","meta":[],"categories":[2],"tags":[24,327,587,700,809,980],"_links":{"self":[{"href":"https:\/\/blogs.diariosur.es\/tormentas-y-rayos\/wp-json\/wp\/v2\/posts\/8049"}],"collection":[{"href":"https:\/\/blogs.diariosur.es\/tormentas-y-rayos\/wp-json\/wp\/v2\/posts"}],"about":[{"href":"https:\/\/blogs.diariosur.es\/tormentas-y-rayos\/wp-json\/wp\/v2\/types\/post"}],"author":[{"embeddable":true,"href":"https:\/\/blogs.diariosur.es\/tormentas-y-rayos\/wp-json\/wp\/v2\/users\/16"}],"replies":[{"embeddable":true,"href":"https:\/\/blogs.diariosur.es\/tormentas-y-rayos\/wp-json\/wp\/v2\/comments?post=8049"}],"version-history":[{"count":1,"href":"https:\/\/blogs.diariosur.es\/tormentas-y-rayos\/wp-json\/wp\/v2\/posts\/8049\/revisions"}],"predecessor-version":[{"id":36141,"href":"https:\/\/blogs.diariosur.es\/tormentas-y-rayos\/wp-json\/wp\/v2\/posts\/8049\/revisions\/36141"}],"wp:featuredmedia":[{"embeddable":true,"href":"https:\/\/blogs.diariosur.es\/tormentas-y-rayos\/wp-json\/wp\/v2\/media\/8060"}],"wp:attachment":[{"href":"https:\/\/blogs.diariosur.es\/tormentas-y-rayos\/wp-json\/wp\/v2\/media?parent=8049"}],"wp:term":[{"taxonomy":"category","embeddable":true,"href":"https:\/\/blogs.diariosur.es\/tormentas-y-rayos\/wp-json\/wp\/v2\/categories?post=8049"},{"taxonomy":"post_tag","embeddable":true,"href":"https:\/\/blogs.diariosur.es\/tormentas-y-rayos\/wp-json\/wp\/v2\/tags?post=8049"}],"curies":[{"name":"wp","href":"https:\/\/api.w.org\/{rel}","templated":true}]}}