{"id":8075,"date":"2014-03-02T07:48:22","date_gmt":"2014-03-02T06:48:22","guid":{"rendered":"http:\/\/blogs.diariosur.es\/tormentas-y-rayos\/?p=8075"},"modified":"2014-03-02T07:48:22","modified_gmt":"2014-03-02T06:48:22","slug":"aviso-amarillo-por-viento-en-malaga-nueva-ciclogenesis-la-borrasca-christine-se-dirige-a-irlanda-aviso-rojo-por-olas-en-el-norte-peninsular","status":"publish","type":"post","link":"https:\/\/blogs.diariosur.es\/tormentas-y-rayos\/2014\/03\/02\/aviso-amarillo-por-viento-en-malaga-nueva-ciclogenesis-la-borrasca-christine-se-dirige-a-irlanda-aviso-rojo-por-olas-en-el-norte-peninsular\/","title":{"rendered":"Aviso amarillo por viento en M\u00e1laga. Nueva ciclog\u00e9nesis. La borrasca Christine se dirige a Irlanda. Aviso rojo por olas en el norte peninsular."},"content":{"rendered":"<p><strong>Buenos dias amigos de la meteo. Son las seis de la ma\u00f1ana, registro 17 grados y el fuerte viento de terral de invierno es el protagonista. Primero os quiero dar las gracias por las \u00a038.640 visitas que ha tenido el blog en pasado mes de febrero.<\/strong><\/p>\n<p><strong>\u00a0La Aemet ha activado a las seis de la ma\u00f1ana el aviso amarillo por rachas fuertes de viento en M\u00e1laga Capital, Axarquia y Guadalhorce. Este aviso \u00a0se desactivara \u00a0 a partir de la diez de la ma\u00f1ana. Pero el terral seguir\u00e1\u00a0soplando moderado hasta por la tarde.<\/strong><\/p>\n<p><a href=\"https:\/\/blogs.diariosur.es\/tormentas-y-rayos\/2014\/03\/02\/aviso-amarillo-por-viento-en-malaga-nueva-ciclogenesis-la-borrasca-christine-se-dirige-a-irlanda-aviso-rojo-por-olas-en-el-norte-peninsular\/11-2\/\" rel=\"attachment wp-att-8082\"><img loading=\"lazy\" class=\"aligncenter size-medium wp-image-8082\" title=\"11\" src=\"\/tormentas-y-rayos\/wp-content\/uploads\/sites\/12\/2014\/03\/11.jpg\" alt=\"\" width=\"551\" height=\"400\" srcset=\"https:\/\/static-blogs.diariosur.es\/wp-content\/uploads\/sites\/12\/2014\/03\/11.jpg 580w, https:\/\/static-blogs.diariosur.es\/wp-content\/uploads\/sites\/12\/2014\/03\/11-551x400.jpg 551w\" sizes=\"(max-width: 551px) 100vw, 551px\" \/><\/a><\/p>\n<p><strong>La racha maxima en M\u00e1laga se ha registrado en el Aeropuerto con 65 km\/h, en el puerto ha sido de 63. Os paso los datos de viento y rachas que se han dado hasta hace una hora. Destaca L\u00e1ujar de Andarax con 132 km\/h.<\/strong><\/p>\n<p><a href=\"https:\/\/blogs.diariosur.es\/tormentas-y-rayos\/2014\/03\/02\/aviso-amarillo-por-viento-en-malaga-nueva-ciclogenesis-la-borrasca-christine-se-dirige-a-irlanda-aviso-rojo-por-olas-en-el-norte-peninsular\/vientor\/\" rel=\"attachment wp-att-8079\"><img loading=\"lazy\" class=\"aligncenter size-medium wp-image-8079\" title=\"vientor\" src=\"\/tormentas-y-rayos\/wp-content\/uploads\/sites\/12\/2014\/03\/vientor.jpg\" alt=\"\" width=\"600\" height=\"158\" srcset=\"https:\/\/static-blogs.diariosur.es\/wp-content\/uploads\/sites\/12\/2014\/03\/vientor.jpg 748w, https:\/\/static-blogs.diariosur.es\/wp-content\/uploads\/sites\/12\/2014\/03\/vientor-640x169.jpg 640w\" sizes=\"(max-width: 600px) 100vw, 600px\" \/><\/a><\/p>\n<p><strong>Pero no solo el viento ha sido el protagonista, tambi\u00e9n las temperaturas m\u00ednimas muy altas que hemos tenido. El Aeropuerto y el Centro Meteorol\u00f3gico registraban una temperatura de 18,3 grados a primera hora de la madrugada, pero destaca Garrucha con casi 22. Una temperatura casi veraniega. \u00a0Aunque la sensaci\u00f3n\u00a0t\u00e9rmica\u00a0haga que sintamos mas fr\u00edo. Fuente Aemet.<\/strong><\/p>\n<p><a href=\"https:\/\/blogs.diariosur.es\/tormentas-y-rayos\/2014\/03\/02\/aviso-amarillo-por-viento-en-malaga-nueva-ciclogenesis-la-borrasca-christine-se-dirige-a-irlanda-aviso-rojo-por-olas-en-el-norte-peninsular\/tt-4\/\" rel=\"attachment wp-att-8076\"><img loading=\"lazy\" class=\"aligncenter size-full wp-image-8076\" title=\"tt\" src=\"\/tormentas-y-rayos\/wp-content\/uploads\/sites\/12\/2014\/03\/tt.jpg\" alt=\"\" width=\"379\" height=\"248\" \/><\/a><\/p>\n<p>&nbsp;<\/p>\n<p><strong>Como os comentaba en el post anterior, hoy domingo subir\u00e1n las\u00a0m\u00e1ximas\u00a0en toda Andaluc\u00eda, esto se deber\u00e1 a una masa de aire c\u00e1lido que ha dejado el frente que nos cruzo ayer. Hoy aun se pueden producir\u00a0chubascos ocasionales en algunos puntos de Andaluc\u00eda. Otra cosa es la sensaci\u00f3n termica debido al viento, podemos estar a casi 20 grados y sentir 14.<\/strong><\/p>\n<p>&nbsp;<\/p>\n<p><a href=\"https:\/\/blogs.diariosur.es\/tormentas-y-rayos\/2014\/03\/02\/aviso-amarillo-por-viento-en-malaga-nueva-ciclogenesis-la-borrasca-christine-se-dirige-a-irlanda-aviso-rojo-por-olas-en-el-norte-peninsular\/prognose_20140228\/\" rel=\"attachment wp-att-8080\"><img loading=\"lazy\" class=\"aligncenter size-medium wp-image-8080\" title=\"Prognose_20140228\" src=\"\/tormentas-y-rayos\/wp-content\/uploads\/sites\/12\/2014\/03\/Prognose_20140228.gif\" alt=\"\" width=\"562\" height=\"400\" \/><\/a><\/p>\n<p>&nbsp;<\/p>\n<p><strong>Como\u00a0hab\u00e9is\u00a0podido leer en el titulo, una nueva ciclog\u00e9nesis se esta produciendo en estos momentos en el\u00a0Atl\u00e1ntico\u00a0Norte. A esta nueva borrasca le han puesto de nombre Christine, Cristina para los amigos como podeis ver en el mapa de arriba. Pues Cristina llegara a ultima hora de esta noche a Irlanda, los fuertes vientos y enormes olas\u00a0ser\u00e1n\u00a0las protagonistas. En esta\u00a0imagen\u00a0del satelite Eumetsat se ve claramente a la se\u00f1orita en cuesti\u00f3n.<\/strong><\/p>\n<p><a href=\"https:\/\/blogs.diariosur.es\/tormentas-y-rayos\/2014\/03\/02\/aviso-amarillo-por-viento-en-malaga-nueva-ciclogenesis-la-borrasca-christine-se-dirige-a-irlanda-aviso-rojo-por-olas-en-el-norte-peninsular\/webexterna_ir87_05-00-2\/\" rel=\"attachment wp-att-8077\"><img loading=\"lazy\" class=\"aligncenter size-medium wp-image-8077\" title=\"webexterna_IR87_[05-00]\" src=\"\/tormentas-y-rayos\/wp-content\/uploads\/sites\/12\/2014\/03\/webexterna_IR87_05-00.jpg\" alt=\"\" width=\"579\" height=\"400\" srcset=\"https:\/\/static-blogs.diariosur.es\/wp-content\/uploads\/sites\/12\/2014\/03\/webexterna_IR87_05-00.jpg 750w, https:\/\/static-blogs.diariosur.es\/wp-content\/uploads\/sites\/12\/2014\/03\/webexterna_IR87_05-00-579x400.jpg 579w\" sizes=\"(max-width: 579px) 100vw, 579px\" \/><\/a><\/p>\n<p><strong>\u00a0<\/strong><\/p>\n<p><strong>Esta impresionante borrasca tambi\u00e9n afectara al norte peninsular. Se esperan olas de mas de 9 metros, que unido a la pleamar dejaran de nuevo muchos da\u00f1os materiales. Por este motivo la Aemet activa el aviso rojo por fen\u00f3menos costeros a partir de la madrugada del lunes.<\/strong><\/p>\n<p><a href=\"https:\/\/blogs.diariosur.es\/tormentas-y-rayos\/2014\/03\/02\/aviso-amarillo-por-viento-en-malaga-nueva-ciclogenesis-la-borrasca-christine-se-dirige-a-irlanda-aviso-rojo-por-olas-en-el-norte-peninsular\/c-7\/\" rel=\"attachment wp-att-8078\"><img loading=\"lazy\" class=\"aligncenter size-medium wp-image-8078\" title=\"c\" src=\"\/tormentas-y-rayos\/wp-content\/uploads\/sites\/12\/2014\/03\/c.jpg\" alt=\"\" width=\"600\" height=\"400\" srcset=\"https:\/\/static-blogs.diariosur.es\/wp-content\/uploads\/sites\/12\/2014\/03\/c.jpg 650w, https:\/\/static-blogs.diariosur.es\/wp-content\/uploads\/sites\/12\/2014\/03\/c-600x400.jpg 600w\" sizes=\"(max-width: 600px) 100vw, 600px\" \/><\/a><\/p>\n<p><strong>Tambi\u00e9n se activan los avisos naranjas por nevadas y viento en otros puntos de la\u00a0pen\u00ednsula.<\/strong><\/p>\n<p><strong>Poco mas que contar de esta nueva ciclog\u00e9nesis, ma\u00f1ana lunes le haremos un seguimiento.<\/strong><\/p>\n<p><strong>Os hago un peque\u00f1o resumen de ayer\u00a0s\u00e1bado. La maxima en M\u00e1laga Capital fue de 20 grados, soplo terral moderado por la tarde y cayeron chubascos esporadicos. Donde mas\u00a0llovi\u00f3\u00a0fue en la provincia\u00a0de Granada. Las nubes fueron las\u00a0protagonistas\u00a0como\u00a0pod\u00e9is\u00a0ver en esta foto.<\/strong><\/p>\n<p><img loading=\"lazy\" class=\"aligncenter\" src=\"\/\/farm4.staticflickr.com\/3776\/12871506233_2fa109fbd0_z.jpg\" alt=\"\" width=\"640\" height=\"427\" \/><\/p>\n<p><strong>La otra protagonista fue Paquita jijijij, si amigos, esta gaviota \u00a0la tiene toma conmigo. Muchas veces planea cerca de la terraza y me insulta en forma de\u00a0graznidos\u00a0jijiji. Pienso que\u00a0deber\u00e1\u00a0tener\u00a0alg\u00fan\u00a0nido\u00a0arriba de la azotea y como ahora llevo casi un mes haciendo fotos desde la terraza, \u00a0sera por eso que la tiene tomada conmigo.<\/strong><\/p>\n<p><img loading=\"lazy\" class=\"aligncenter\" src=\"\/\/farm4.staticflickr.com\/3749\/12871921264_b19c6d6e19_z.jpg\" alt=\"\" width=\"640\" height=\"442\" \/><\/p>\n<p><strong>Poco mas que contar, os dejo con el resumen que hace la aemet con los datos mas destacados de ayer 1 de marzo en Andaluc\u00eda.<\/strong><\/p>\n<p><a href=\"https:\/\/blogs.diariosur.es\/tormentas-y-rayos\/2014\/03\/02\/aviso-amarillo-por-viento-en-malaga-nueva-ciclogenesis-la-borrasca-christine-se-dirige-a-irlanda-aviso-rojo-por-olas-en-el-norte-peninsular\/sababooooo\/\" rel=\"attachment wp-att-8081\"><img loading=\"lazy\" class=\"aligncenter size-medium wp-image-8081\" title=\"sababooooo\" src=\"\/tormentas-y-rayos\/wp-content\/uploads\/sites\/12\/2014\/03\/sababooooo.jpg\" alt=\"\" width=\"504\" height=\"400\" srcset=\"https:\/\/static-blogs.diariosur.es\/wp-content\/uploads\/sites\/12\/2014\/03\/sababooooo.jpg 772w, https:\/\/static-blogs.diariosur.es\/wp-content\/uploads\/sites\/12\/2014\/03\/sababooooo-505x400.jpg 505w, https:\/\/static-blogs.diariosur.es\/wp-content\/uploads\/sites\/12\/2014\/03\/sababooooo-768x609.jpg 768w\" sizes=\"(max-width: 504px) 100vw, 504px\" \/><\/a><\/p>\n","protected":false},"excerpt":{"rendered":"<p>Buenos dias amigos de la meteo. Son las seis de la ma\u00f1ana, registro 17 grados y el fuerte viento de terral de invierno es el protagonista. Primero os quiero dar las gracias por las \u00a038.640 visitas que ha tenido el blog en pasado mes de febrero. \u00a0La Aemet ha activado a las seis de la [&hellip;]<\/p>\n","protected":false},"author":16,"featured_media":8082,"comment_status":"open","ping_status":"open","sticky":false,"template":"","format":"standard","meta":[],"categories":[2],"tags":[151,223,247,252,395,407,442,518,713,736,770,872],"_links":{"self":[{"href":"https:\/\/blogs.diariosur.es\/tormentas-y-rayos\/wp-json\/wp\/v2\/posts\/8075"}],"collection":[{"href":"https:\/\/blogs.diariosur.es\/tormentas-y-rayos\/wp-json\/wp\/v2\/posts"}],"about":[{"href":"https:\/\/blogs.diariosur.es\/tormentas-y-rayos\/wp-json\/wp\/v2\/types\/post"}],"author":[{"embeddable":true,"href":"https:\/\/blogs.diariosur.es\/tormentas-y-rayos\/wp-json\/wp\/v2\/users\/16"}],"replies":[{"embeddable":true,"href":"https:\/\/blogs.diariosur.es\/tormentas-y-rayos\/wp-json\/wp\/v2\/comments?post=8075"}],"version-history":[{"count":0,"href":"https:\/\/blogs.diariosur.es\/tormentas-y-rayos\/wp-json\/wp\/v2\/posts\/8075\/revisions"}],"wp:featuredmedia":[{"embeddable":true,"href":"https:\/\/blogs.diariosur.es\/tormentas-y-rayos\/wp-json\/wp\/v2\/media\/8082"}],"wp:attachment":[{"href":"https:\/\/blogs.diariosur.es\/tormentas-y-rayos\/wp-json\/wp\/v2\/media?parent=8075"}],"wp:term":[{"taxonomy":"category","embeddable":true,"href":"https:\/\/blogs.diariosur.es\/tormentas-y-rayos\/wp-json\/wp\/v2\/categories?post=8075"},{"taxonomy":"post_tag","embeddable":true,"href":"https:\/\/blogs.diariosur.es\/tormentas-y-rayos\/wp-json\/wp\/v2\/tags?post=8075"}],"curies":[{"name":"wp","href":"https:\/\/api.w.org\/{rel}","templated":true}]}}