{"id":8119,"date":"2014-03-10T08:07:06","date_gmt":"2014-03-10T07:07:06","guid":{"rendered":"http:\/\/blogs.diariosur.es\/tormentas-y-rayos\/?p=8119"},"modified":"2014-03-10T08:07:06","modified_gmt":"2014-03-10T07:07:06","slug":"aviso-naranja-y-amarillo-por-olas-y-viento-en-la-costa-mediterranea-y-atlantica-andaluza-el-tiempo-en-semana-santa-2014-tendencias","status":"publish","type":"post","link":"https:\/\/blogs.diariosur.es\/tormentas-y-rayos\/2014\/03\/10\/aviso-naranja-y-amarillo-por-olas-y-viento-en-la-costa-mediterranea-y-atlantica-andaluza-el-tiempo-en-semana-santa-2014-tendencias\/","title":{"rendered":"Aviso naranja y amarillo por olas y viento en la costa mediterr\u00e1nea y atl\u00e1ntica andaluza. El tiempo en Semana Santa 2014 tendencias."},"content":{"rendered":"<p><strong>Buenos dias amigos de la meteo. Son las siete de la ma\u00f1ana, registro 14 grados y los cielos est\u00e1n poco nubosos.\u00a0<\/strong><\/p>\n<p><a href=\"https:\/\/blogs.diariosur.es\/tormentas-y-rayos\/2014\/03\/10\/aviso-naranja-y-amarillo-por-olas-y-viento-en-la-costa-mediterranea-y-atlantica-andaluza-el-tiempo-en-semana-santa-2014-tendencias\/captura-276\/\" rel=\"attachment wp-att-8120\"><img loading=\"lazy\" class=\"aligncenter size-full wp-image-8120\" title=\"Captura\" src=\"\/tormentas-y-rayos\/wp-content\/uploads\/sites\/12\/2014\/03\/Captura6.jpg\" alt=\"\" width=\"525\" height=\"366\" \/><\/a><\/p>\n<p><strong>El levante sopla con rachas fuertes en el Mar de Albor\u00e1n, Estrecho y C\u00e1diz. Por este motivo la AEMET activa el aviso naranja y amarillo por olas y viento en la zona de C\u00e1diz, Estrecho y Costa Mediterr\u00e1nea Andaluza, siendo esta ultima por fen\u00f3menos costeros. La\u00a0m\u00e1ximas\u00a0mas altas se dar\u00e1n en el Valle del Guadalquivir sobrepasando los 24 grados en algunos puntos. El anticicl\u00f3n seguir\u00e1 de\u00a0protagonista hoy y ma\u00f1ana en toda la\u00a0pen\u00ednsula, solo Canarias se ver\u00e1 afectada por un peque\u00f1o embolsamiento de aire frio en altura, que dejara precipitaciones y fen\u00f3menos tormentosos. Ayer domingo ya dejaba algunos chubascos como podeis ver en esta bonita foto que me manda mi amiga May Naomi.<\/strong><\/p>\n<p><a href=\"https:\/\/blogs.diariosur.es\/tormentas-y-rayos\/2014\/03\/10\/aviso-naranja-y-amarillo-por-olas-y-viento-en-la-costa-mediterranea-y-atlantica-andaluza-el-tiempo-en-semana-santa-2014-tendencias\/may-naomi-2\/\" rel=\"attachment wp-att-8128\"><img loading=\"lazy\" class=\"aligncenter size-full wp-image-8128\" title=\"MAY NAOMI\" src=\"\/tormentas-y-rayos\/wp-content\/uploads\/sites\/12\/2014\/03\/MAY-NAOMI.jpg\" alt=\"\" width=\"640\" height=\"427\" srcset=\"https:\/\/static-blogs.diariosur.es\/wp-content\/uploads\/sites\/12\/2014\/03\/MAY-NAOMI.jpg 640w, https:\/\/static-blogs.diariosur.es\/wp-content\/uploads\/sites\/12\/2014\/03\/MAY-NAOMI-600x400.jpg 600w\" sizes=\"(max-width: 640px) 100vw, 640px\" \/><\/a><\/p>\n<p>&nbsp;<\/p>\n<p><strong>Este\u00a0embolsamiento de aire fr\u00edo se situara durante el\u00a0mi\u00e9rcoles\u00a0en el norte de Marruecos, uni\u00e9ndose\u00a0con otro embolsamiento \u00a0que de forma retrograda se acerca desde el\u00a0Mediterr\u00e1neo. \u00a0Esta situaci\u00f3n podr\u00e1\u00a0dejar algunos chubascos en el Mar de Albor\u00e1n y\u00a0Costa\u00a0Mediterr\u00e1nea\u00a0Andaluza. Pero esta posible inestabilidad la veremos mejor ma\u00f1ana cuando este mas claro. Os paso estos dos mapas del modelo GFS, en el primero\u00a0pod\u00e9is\u00a0ver donde esta ahora mismo esta peque\u00f1a dana.<\/strong><\/p>\n<p><a href=\"https:\/\/blogs.diariosur.es\/tormentas-y-rayos\/2014\/03\/10\/aviso-naranja-y-amarillo-por-olas-y-viento-en-la-costa-mediterranea-y-atlantica-andaluza-el-tiempo-en-semana-santa-2014-tendencias\/gfs-0-6\/\" rel=\"attachment wp-att-8121\"><img loading=\"lazy\" class=\"aligncenter size-medium wp-image-8121\" title=\"gfs-0-6\" src=\"\/tormentas-y-rayos\/wp-content\/uploads\/sites\/12\/2014\/03\/gfs-0-6.png\" alt=\"\" width=\"600\" height=\"400\" srcset=\"https:\/\/static-blogs.diariosur.es\/wp-content\/uploads\/sites\/12\/2014\/03\/gfs-0-6.png 768w, https:\/\/static-blogs.diariosur.es\/wp-content\/uploads\/sites\/12\/2014\/03\/gfs-0-6-600x400.png 600w\" sizes=\"(max-width: 600px) 100vw, 600px\" \/><\/a><\/p>\n<p>&nbsp;<\/p>\n<p><strong>Aqu\u00ed<\/strong><strong>\u00a0el previsto para el\u00a0mi\u00e9rcoles. Se ve el embolsamiento que afecto a Canarias y el del\u00a0mediterr\u00e1neo.<\/strong><\/p>\n<p><a href=\"https:\/\/blogs.diariosur.es\/tormentas-y-rayos\/2014\/03\/10\/aviso-naranja-y-amarillo-por-olas-y-viento-en-la-costa-mediterranea-y-atlantica-andaluza-el-tiempo-en-semana-santa-2014-tendencias\/medit\/\" rel=\"attachment wp-att-8122\"><img loading=\"lazy\" class=\"aligncenter size-medium wp-image-8122\" title=\"medit\" src=\"\/tormentas-y-rayos\/wp-content\/uploads\/sites\/12\/2014\/03\/medit.png\" alt=\"\" width=\"600\" height=\"400\" srcset=\"https:\/\/static-blogs.diariosur.es\/wp-content\/uploads\/sites\/12\/2014\/03\/medit.png 768w, https:\/\/static-blogs.diariosur.es\/wp-content\/uploads\/sites\/12\/2014\/03\/medit-600x400.png 600w\" sizes=\"(max-width: 600px) 100vw, 600px\" \/><\/a><\/p>\n<p>&nbsp;<\/p>\n<p><span style=\"color: #ff0000;\"><strong>EL TIEMPO EN SEMANA SANTA .<\/strong><\/span><\/p>\n<p>&nbsp;<\/p>\n<p><img loading=\"lazy\" class=\"aligncenter\" src=\"\/\/farm4.staticflickr.com\/3822\/12921497284_15ab5e3a55_z.jpg\" alt=\"\" width=\"640\" height=\"370\" \/><\/p>\n<p><span style=\"color: #0000ff;\"><strong>Bueno amigos seguiremos hablando de tendencias, ya que dar un pron\u00f3stico para el Domingo de Ramos es imposible. Estas tendencias (seg\u00fan algunos \u00a0modelos) siguen dando \u00a0un comienzo de Abril sin lluvias en Andaluc\u00eda, el a\u00f1o pasado estos mismos modelos si daban un comienzo inestable en marzo y as\u00ed fue. Algunos ya est\u00e1is deseando que me moje para el Domingo de Ramos, pero hasta una semana antes no dir\u00e9 un pron\u00f3stico para ese dia. De momento queda esperar y ver como sigue evolucionando la atmosfera jijijji.<\/strong><\/span><\/p>\n<p><strong>Os hago un peque\u00f1o resumen de lo que ha dado de si el fin de semana. Como todos sab\u00e9is el levante ha sido el protagonista, ha soplado con rachas fuertes en la zona del Estrecho y C\u00e1diz. Os paso unos datos de rachas de viento que se dieron el domingo. Fuente aemet.<\/strong><\/p>\n<p><a href=\"https:\/\/blogs.diariosur.es\/tormentas-y-rayos\/2014\/03\/10\/aviso-naranja-y-amarillo-por-olas-y-viento-en-la-costa-mediterranea-y-atlantica-andaluza-el-tiempo-en-semana-santa-2014-tendencias\/captura-277\/\" rel=\"attachment wp-att-8123\"><img loading=\"lazy\" class=\"aligncenter size-full wp-image-8123\" title=\"Captura\" src=\"\/tormentas-y-rayos\/wp-content\/uploads\/sites\/12\/2014\/03\/Captura7.jpg\" alt=\"\" width=\"363\" height=\"184\" \/><\/a><\/p>\n<p><strong>El s\u00e1bado la maxima en M\u00e1laga Capital fue de 20 grados. Pero por el Valle del Guadalquivir se registraron m\u00e1ximas cercanas a los 25. Fue curioso ver \u00a0la peninsula por primera vez sin ninguna nube. Fijaros en la imagen del satelite modis del\u00a0s\u00e1bado. Se distingue perfectamente la nieve( flechas azules) y una nubes bajas en el estrecho.<\/strong><\/p>\n<p><a href=\"https:\/\/blogs.diariosur.es\/tormentas-y-rayos\/2014\/03\/10\/aviso-naranja-y-amarillo-por-olas-y-viento-en-la-costa-mediterranea-y-atlantica-andaluza-el-tiempo-en-semana-santa-2014-tendencias\/europe_3_01_2014067_terra_2km\/\" rel=\"attachment wp-att-8124\"><img loading=\"lazy\" class=\"aligncenter size-full wp-image-8124\" title=\"Europe_3_01_2014067_terra_2km\" src=\"\/tormentas-y-rayos\/wp-content\/uploads\/sites\/12\/2014\/03\/Europe_3_01_2014067_terra_2km.jpg\" alt=\"\" width=\"575\" height=\"650\" srcset=\"https:\/\/static-blogs.diariosur.es\/wp-content\/uploads\/sites\/12\/2014\/03\/Europe_3_01_2014067_terra_2km.jpg 575w, https:\/\/static-blogs.diariosur.es\/wp-content\/uploads\/sites\/12\/2014\/03\/Europe_3_01_2014067_terra_2km-354x400.jpg 354w\" sizes=\"(max-width: 575px) 100vw, 575px\" \/><\/a><\/p>\n<p>&nbsp;<\/p>\n<p><strong>La nieve tambien la\u00a0fotografi\u00f3\u00a0mi amiga Aurora Pulido desde Torremolinos. Se ve perfectamente Sierra Nevada.<\/strong><\/p>\n<p><a href=\"https:\/\/blogs.diariosur.es\/tormentas-y-rayos\/2014\/03\/10\/aviso-naranja-y-amarillo-por-olas-y-viento-en-la-costa-mediterranea-y-atlantica-andaluza-el-tiempo-en-semana-santa-2014-tendencias\/aurora-pulido-7\/\" rel=\"attachment wp-att-8125\"><img loading=\"lazy\" class=\"aligncenter size-full wp-image-8125\" title=\"aurora pulido\" src=\"\/tormentas-y-rayos\/wp-content\/uploads\/sites\/12\/2014\/03\/aurora-pulido.jpg\" alt=\"\" width=\"640\" height=\"480\" srcset=\"https:\/\/static-blogs.diariosur.es\/wp-content\/uploads\/sites\/12\/2014\/03\/aurora-pulido.jpg 640w, https:\/\/static-blogs.diariosur.es\/wp-content\/uploads\/sites\/12\/2014\/03\/aurora-pulido-533x400.jpg 533w\" sizes=\"(max-width: 640px) 100vw, 640px\" \/><\/a><\/p>\n<p><strong>El domingo las\u00a0m\u00e1ximas\u00a0fueron parecidas al\u00a0s\u00e1bado, o un poco menos. Las nubes tipo cirrus si fueron protagonistas. Os paso la imagen del modis del domingo.<\/strong><\/p>\n<p><a href=\"https:\/\/blogs.diariosur.es\/tormentas-y-rayos\/2014\/03\/10\/aviso-naranja-y-amarillo-por-olas-y-viento-en-la-costa-mediterranea-y-atlantica-andaluza-el-tiempo-en-semana-santa-2014-tendencias\/europe_3_01_2014068_terra_2km\/\" rel=\"attachment wp-att-8126\"><img loading=\"lazy\" class=\"aligncenter size-full wp-image-8126\" title=\"Europe_3_01_2014068_terra_2km\" src=\"\/tormentas-y-rayos\/wp-content\/uploads\/sites\/12\/2014\/03\/Europe_3_01_2014068_terra_2km.jpg\" alt=\"\" width=\"575\" height=\"650\" srcset=\"https:\/\/static-blogs.diariosur.es\/wp-content\/uploads\/sites\/12\/2014\/03\/Europe_3_01_2014068_terra_2km.jpg 575w, https:\/\/static-blogs.diariosur.es\/wp-content\/uploads\/sites\/12\/2014\/03\/Europe_3_01_2014068_terra_2km-354x400.jpg 354w\" sizes=\"(max-width: 575px) 100vw, 575px\" \/><\/a><\/p>\n<p><strong>Desde la playa de Torre de Benagalb\u00f3n se\u00a0ve\u00eda\u00a0el cielo\u00a0as\u00ed.<\/strong><\/p>\n<p><img loading=\"lazy\" class=\"aligncenter\" src=\"\/\/farm3.staticflickr.com\/2749\/13038675453_c635427f95_z.jpg\" alt=\"\" width=\"640\" height=\"427\" \/><\/p>\n<p><strong>El amanecer tambi\u00e9n estuvo precioso, nuestro amigo Carlos Castro fotografi\u00f3 este impresionante amanecer ayer domingo. Mientras explicaba a sus alumnos la forma de medir la luz.<\/strong><\/p>\n<p><a href=\"https:\/\/blogs.diariosur.es\/tormentas-y-rayos\/2014\/03\/10\/aviso-naranja-y-amarillo-por-olas-y-viento-en-la-costa-mediterranea-y-atlantica-andaluza-el-tiempo-en-semana-santa-2014-tendencias\/1960781_552558874842991_1114072192_o\/\" rel=\"attachment wp-att-8127\"><img loading=\"lazy\" class=\"aligncenter size-full wp-image-8127\" title=\"1960781_552558874842991_1114072192_o\" src=\"\/tormentas-y-rayos\/wp-content\/uploads\/sites\/12\/2014\/03\/1960781_552558874842991_1114072192_o.jpg\" alt=\"\" width=\"640\" height=\"427\" srcset=\"https:\/\/static-blogs.diariosur.es\/wp-content\/uploads\/sites\/12\/2014\/03\/1960781_552558874842991_1114072192_o.jpg 640w, https:\/\/static-blogs.diariosur.es\/wp-content\/uploads\/sites\/12\/2014\/03\/1960781_552558874842991_1114072192_o-600x400.jpg 600w\" sizes=\"(max-width: 640px) 100vw, 640px\" \/><\/a><\/p>\n<p><strong>Poco mas que contar amigos, os dejo hasta ma\u00f1ana<\/strong>.<\/p>\n","protected":false},"excerpt":{"rendered":"<p>Buenos dias amigos de la meteo. Son las siete de la ma\u00f1ana, registro 14 grados y los cielos est\u00e1n poco nubosos.\u00a0 El levante sopla con rachas fuertes en el Mar de Albor\u00e1n, Estrecho y C\u00e1diz. Por este motivo la AEMET activa el aviso naranja y amarillo por olas y viento en la zona de C\u00e1diz, [&hellip;]<\/p>\n","protected":false},"author":16,"featured_media":8127,"comment_status":"open","ping_status":"open","sticky":false,"template":"","format":"standard","meta":[],"categories":[2],"tags":[14,63,151,358,389,676,736,903,1059],"_links":{"self":[{"href":"https:\/\/blogs.diariosur.es\/tormentas-y-rayos\/wp-json\/wp\/v2\/posts\/8119"}],"collection":[{"href":"https:\/\/blogs.diariosur.es\/tormentas-y-rayos\/wp-json\/wp\/v2\/posts"}],"about":[{"href":"https:\/\/blogs.diariosur.es\/tormentas-y-rayos\/wp-json\/wp\/v2\/types\/post"}],"author":[{"embeddable":true,"href":"https:\/\/blogs.diariosur.es\/tormentas-y-rayos\/wp-json\/wp\/v2\/users\/16"}],"replies":[{"embeddable":true,"href":"https:\/\/blogs.diariosur.es\/tormentas-y-rayos\/wp-json\/wp\/v2\/comments?post=8119"}],"version-history":[{"count":0,"href":"https:\/\/blogs.diariosur.es\/tormentas-y-rayos\/wp-json\/wp\/v2\/posts\/8119\/revisions"}],"wp:featuredmedia":[{"embeddable":true,"href":"https:\/\/blogs.diariosur.es\/tormentas-y-rayos\/wp-json\/wp\/v2\/media\/8127"}],"wp:attachment":[{"href":"https:\/\/blogs.diariosur.es\/tormentas-y-rayos\/wp-json\/wp\/v2\/media?parent=8119"}],"wp:term":[{"taxonomy":"category","embeddable":true,"href":"https:\/\/blogs.diariosur.es\/tormentas-y-rayos\/wp-json\/wp\/v2\/categories?post=8119"},{"taxonomy":"post_tag","embeddable":true,"href":"https:\/\/blogs.diariosur.es\/tormentas-y-rayos\/wp-json\/wp\/v2\/tags?post=8119"}],"curies":[{"name":"wp","href":"https:\/\/api.w.org\/{rel}","templated":true}]}}