{"id":8131,"date":"2014-03-12T09:13:32","date_gmt":"2014-03-12T08:13:32","guid":{"rendered":"http:\/\/blogs.diariosur.es\/tormentas-y-rayos\/?p=8131"},"modified":"2014-03-12T09:13:32","modified_gmt":"2014-03-12T08:13:32","slug":"posibilidad-de-chubascos-en-la-costa-mediterranea-andaluza-e-interior-el-tiempo-en-semana-santa-2014-tendencias","status":"publish","type":"post","link":"https:\/\/blogs.diariosur.es\/tormentas-y-rayos\/2014\/03\/12\/posibilidad-de-chubascos-en-la-costa-mediterranea-andaluza-e-interior-el-tiempo-en-semana-santa-2014-tendencias\/","title":{"rendered":"Posibilidad de chubascos en la Costa Mediterr\u00e1nea Andaluza e interior. El tiempo en Semana Santa  2014( tendencias)"},"content":{"rendered":"<p><strong>Buenos dias amigos de la meteo. Son las ocho y cuarto de la ma\u00f1ana, registro 12 grados y los cielos est\u00e1n nubosos. Antes de nada comentaros que en el lateral derecho del blog\u00a0ten\u00e9is\u00a0los enlaces a la\u00a0AEMET, mi\u00a0galer\u00eda\u00a0de fotos,sat\u00e9lites\u00a0y modelos. Acabo de venir de la playa, he esta ma\u00f1ana he salido muy pronto, ya que tenia que coger el\u00a0autob\u00fas. El sol ya sale a las 7:34 minutos. He tirado un par de fotos con la\u00a0c\u00e1mara\u00a0nueva y la verdad que es otro mundo. Os paso un par de fotos.<\/strong><\/p>\n<p><img loading=\"lazy\" class=\"aligncenter\" src=\"\/\/farm4.staticflickr.com\/3828\/13099841915_74e5f37459_z.jpg\" alt=\"\" width=\"640\" height=\"427\" \/><\/p>\n<p>&nbsp;<\/p>\n<p>&nbsp;<\/p>\n<p><img loading=\"lazy\" class=\"aligncenter\" src=\"\/\/farm3.staticflickr.com\/2281\/13099963643_e4d39b74c9_z.jpg\" alt=\"\" width=\"640\" height=\"427\" \/><\/p>\n<p><strong> La bolsa de aire fr\u00edo retrograda del Mediterr\u00e1neo y la que ha afectado a Canarias, ya deja las primeras nubes en el levante y sur peninsular. Incluso se registran chubascos espor\u00e1dicos en el levante. Os paso una imagen del satelite eumetsat. Fuente meteogalicia.<\/strong><\/p>\n<p><a href=\"https:\/\/blogs.diariosur.es\/tormentas-y-rayos\/2014\/03\/12\/posibilidad-de-chubascos-en-la-costa-mediterranea-andaluza-e-interior-el-tiempo-en-semana-santa-2014-tendencias\/webexterna_ir87_04-30-7\/\" rel=\"attachment wp-att-8132\"><img loading=\"lazy\" class=\"aligncenter size-medium wp-image-8132\" title=\"webexterna_IR87_[04-30]\" src=\"\/tormentas-y-rayos\/wp-content\/uploads\/sites\/12\/2014\/03\/webexterna_IR87_04-30.jpg\" alt=\"\" width=\"579\" height=\"400\" srcset=\"https:\/\/static-blogs.diariosur.es\/wp-content\/uploads\/sites\/12\/2014\/03\/webexterna_IR87_04-30.jpg 750w, https:\/\/static-blogs.diariosur.es\/wp-content\/uploads\/sites\/12\/2014\/03\/webexterna_IR87_04-30-579x400.jpg 579w\" sizes=\"(max-width: 579px) 100vw, 579px\" \/><\/a><\/p>\n<p>&nbsp;<\/p>\n<p><strong>Pero donde mejor se ve la bolsa de aire frio que afecto a Canarias y el aire fr\u00edo en altura que entra por el mediterr\u00e1neo, es en este mapa de 500 hpa ( 5500 m). Os paso el previsto para las siete de la tarde de hoy. Fuente Aemet Hirlam.<\/strong><\/p>\n<p><a href=\"https:\/\/blogs.diariosur.es\/tormentas-y-rayos\/2014\/03\/12\/posibilidad-de-chubascos-en-la-costa-mediterranea-andaluza-e-interior-el-tiempo-en-semana-santa-2014-tendencias\/captura-278\/\" rel=\"attachment wp-att-8133\"><img loading=\"lazy\" class=\"aligncenter size-medium wp-image-8133\" title=\"Captura\" src=\"\/tormentas-y-rayos\/wp-content\/uploads\/sites\/12\/2014\/03\/Captura8.jpg\" alt=\"\" width=\"600\" height=\"391\" srcset=\"https:\/\/static-blogs.diariosur.es\/wp-content\/uploads\/sites\/12\/2014\/03\/Captura8.jpg 722w, https:\/\/static-blogs.diariosur.es\/wp-content\/uploads\/sites\/12\/2014\/03\/Captura8-613x400.jpg 613w\" sizes=\"(max-width: 600px) 100vw, 600px\" \/><\/a><\/p>\n<p>&nbsp;<\/p>\n<p>&nbsp;<\/p>\n<p><strong>Esta situaci\u00f3n traer\u00e1 consigo, que soplen vientos h\u00famedos de levante y en algunos momentos se puedan registrar chubascos a partir de esta tarde y ma\u00f1ana jueves en la costa mediterranea. Otro dato a destacar es que la nieve puede aparecer a partir de 1500 metros en los Sistemas Monta\u00f1osos de Andaluc\u00eda Oriental. Poco mas que contar de esta situaci\u00f3n, ya veremos que\u00a0dar\u00e1\u00a0de si.<\/strong><\/p>\n<p><span style=\"color: #0000ff;\"><strong>EL TIEMPO EN SEMANA SANTA 2014 ( TENDENCIAS).<\/strong><\/span><\/p>\n<p><img loading=\"lazy\" class=\"aligncenter\" src=\"\/\/farm4.staticflickr.com\/3822\/12921497284_15ab5e3a55_z.jpg\" alt=\"\" width=\"640\" height=\"370\" \/><\/p>\n<p>&nbsp;<\/p>\n<p><strong>Hola de nuevo amigos cofrades, despu\u00e9s de esta peque\u00f1a inestabilizaci\u00f3n que tendremos hoy y ma\u00f1ana jueves, de nuevo el anticicl\u00f3n tomara protagonismo a partir del viernes. Seguir\u00eda con nosotros gran parte de la semana que viene, hasta el dia 20 que comienza la primavera. Os he estado mirando algunos modelos a largo tiempo, y la primera semana de abril dan buen tiempo en Andaluc\u00eda. Poco a poco se van viendo tendencias, que nos ir\u00e1n aclarando lo que pueda pasar a partir del Viernes de Dolores. Como os comentaba el dia anterior, estos mismos modelos el a\u00f1o pasado si daban una Semana Santa inestable. Al dia de hoy parece que el anticicl\u00f3n tomar\u00eda protagonismo. Pero ya sab\u00e9is como es la meteo amigos.<\/strong><\/p>\n<p><strong>Os dejo hasta ma\u00f1ana.<\/strong><\/p>\n<p>&nbsp;<\/p>\n","protected":false},"excerpt":{"rendered":"<p>Buenos dias amigos de la meteo. Son las ocho y cuarto de la ma\u00f1ana, registro 12 grados y los cielos est\u00e1n nubosos. Antes de nada comentaros que en el lateral derecho del blog\u00a0ten\u00e9is\u00a0los enlaces a la\u00a0AEMET, mi\u00a0galer\u00eda\u00a0de fotos,sat\u00e9lites\u00a0y modelos. Acabo de venir de la playa, he esta ma\u00f1ana he salido muy pronto, ya que tenia [&hellip;]<\/p>\n","protected":false},"author":16,"featured_media":8133,"comment_status":"open","ping_status":"open","sticky":false,"template":"","format":"standard","meta":[],"categories":[2],"tags":[14,100,249,358,564,633,903],"_links":{"self":[{"href":"https:\/\/blogs.diariosur.es\/tormentas-y-rayos\/wp-json\/wp\/v2\/posts\/8131"}],"collection":[{"href":"https:\/\/blogs.diariosur.es\/tormentas-y-rayos\/wp-json\/wp\/v2\/posts"}],"about":[{"href":"https:\/\/blogs.diariosur.es\/tormentas-y-rayos\/wp-json\/wp\/v2\/types\/post"}],"author":[{"embeddable":true,"href":"https:\/\/blogs.diariosur.es\/tormentas-y-rayos\/wp-json\/wp\/v2\/users\/16"}],"replies":[{"embeddable":true,"href":"https:\/\/blogs.diariosur.es\/tormentas-y-rayos\/wp-json\/wp\/v2\/comments?post=8131"}],"version-history":[{"count":0,"href":"https:\/\/blogs.diariosur.es\/tormentas-y-rayos\/wp-json\/wp\/v2\/posts\/8131\/revisions"}],"wp:featuredmedia":[{"embeddable":true,"href":"https:\/\/blogs.diariosur.es\/tormentas-y-rayos\/wp-json\/wp\/v2\/media\/8133"}],"wp:attachment":[{"href":"https:\/\/blogs.diariosur.es\/tormentas-y-rayos\/wp-json\/wp\/v2\/media?parent=8131"}],"wp:term":[{"taxonomy":"category","embeddable":true,"href":"https:\/\/blogs.diariosur.es\/tormentas-y-rayos\/wp-json\/wp\/v2\/categories?post=8131"},{"taxonomy":"post_tag","embeddable":true,"href":"https:\/\/blogs.diariosur.es\/tormentas-y-rayos\/wp-json\/wp\/v2\/tags?post=8131"}],"curies":[{"name":"wp","href":"https:\/\/api.w.org\/{rel}","templated":true}]}}