{"id":8144,"date":"2014-03-17T07:50:47","date_gmt":"2014-03-17T06:50:47","guid":{"rendered":"http:\/\/blogs.diariosur.es\/tormentas-y-rayos\/?p=8144"},"modified":"2014-03-17T07:50:47","modified_gmt":"2014-03-17T06:50:47","slug":"seguimos-con-anticiclon-el-tiempo-en-semana-santa-2014-tendencias","status":"publish","type":"post","link":"https:\/\/blogs.diariosur.es\/tormentas-y-rayos\/2014\/03\/17\/seguimos-con-anticiclon-el-tiempo-en-semana-santa-2014-tendencias\/","title":{"rendered":"Seguimos con anticicl\u00f3n. El tiempo en Semana Santa 2014, tendencias."},"content":{"rendered":"<p><strong>Buenos d\u00edas amigos de la meteo. Son las siete de la ma\u00f1ana, registro 12,9 grados y los cielos est\u00e1n despejados. Tanto hoy lunes como ma\u00f1ana martes el cielo azul ser\u00e1 el protagonista, a partir del mi\u00e9rcoles puede que tengamos cambios en forma de tormentas primaverales, que afectar\u00edan a los sistemas monta\u00f1osos, pero de esto hablaremos mejor el mi\u00e9rcoles.<\/strong><\/p>\n<p><strong>Como siempre os hago un peque\u00f1o resumen de este fin de semana en fotos. La m\u00e1xima del s\u00e1bado fue de 20 grados en mi estaci\u00f3n, el cielo se mantuvo azul y a primeras horas de la ma\u00f1ana los malague\u00f1os tiraban para la playa. Os paso una foto de la Playa de la Misericordia y del paseo que esta precioso con estas margaritas.<\/strong><\/p>\n<p>&nbsp;<\/p>\n<p><img loading=\"lazy\" class=\"aligncenter\" src=\"https:\/\/farm3.staticflickr.com\/2857\/13211675455_438aab4175_z.jpg\" alt=\"\" width=\"640\" height=\"427\" \/><\/p>\n<p>&nbsp;<\/p>\n<p><img loading=\"lazy\" class=\"aligncenter\" src=\"https:\/\/farm4.staticflickr.com\/3733\/13211994754_1026072b35_z.jpg\" alt=\"\" width=\"640\" height=\"479\" \/><\/p>\n<p>&nbsp;<\/p>\n<p><strong>El domingo sigui\u00f3 la misma t\u00f3nica del dia anterior, la m\u00e1xima se dio en el Aeropuerto con 22,6 grados y de nuevo el cielo azul fue el protagonista. los malague\u00f1os nos lanzamos a los paseos mar\u00edtimos y algunos se dieron los primeros ba\u00f1os. La temperatura del agua seg\u00fan mi term\u00f3metro estaba a 16,5 grados. Os paso unas cuantas fotos desde la zona del Espig\u00f3n de la T\u00e9rmica.<\/strong><\/p>\n<p><img loading=\"lazy\" class=\"aligncenter\" src=\"https:\/\/farm8.staticflickr.com\/7207\/13197805664_463f96383f_z.jpg\" alt=\"\" width=\"640\" height=\"427\" \/><\/p>\n<p>&nbsp;<\/p>\n<p><img loading=\"lazy\" class=\"aligncenter\" src=\"https:\/\/farm8.staticflickr.com\/7049\/13197838394_6e9247e7f7_z.jpg\" alt=\"\" width=\"640\" height=\"427\" \/><\/p>\n<p>&nbsp;<\/p>\n<p><img loading=\"lazy\" class=\"aligncenter\" src=\"https:\/\/farm3.staticflickr.com\/2828\/13197832354_f22e7d5d6a_z.jpg\" alt=\"\" width=\"640\" height=\"427\" \/><\/p>\n<p>&nbsp;<\/p>\n<p><img loading=\"lazy\" class=\"aligncenter\" src=\"https:\/\/farm8.staticflickr.com\/7264\/13197641383_f70a37a95e_z.jpg\" alt=\"\" width=\"640\" height=\"427\" \/><\/p>\n<p>&nbsp;<\/p>\n<p>&nbsp;<\/p>\n<p><strong>No solo esta playa malague\u00f1a se llenaba de gente, tambien en las playas del Palo los malague\u00f1os paseaban y tomaban el sol. Bonita foto de Paqui Carnero desde esta zona<\/strong>.<\/p>\n<p><a href=\"https:\/\/blogs.diariosur.es\/tormentas-y-rayos\/2014\/03\/17\/seguimos-con-anticiclon-el-tiempo-en-semana-santa-2014-tendencias\/a-27\/\" rel=\"attachment wp-att-8145\"><img loading=\"lazy\" class=\"aligncenter size-full wp-image-8145\" title=\"a\" src=\"\/tormentas-y-rayos\/wp-content\/uploads\/sites\/12\/2014\/03\/a1.jpg\" alt=\"\" width=\"640\" height=\"480\" srcset=\"https:\/\/static-blogs.diariosur.es\/wp-content\/uploads\/sites\/12\/2014\/03\/a1.jpg 640w, https:\/\/static-blogs.diariosur.es\/wp-content\/uploads\/sites\/12\/2014\/03\/a1-533x400.jpg 533w\" sizes=\"(max-width: 640px) 100vw, 640px\" \/><\/a><\/p>\n<p><strong>Pero lo mas bonito se dio por la noche, cuando una impresionante luna llena conquisto la noche malague\u00f1a. Mi amigo Jose Campos Reina la cazo desde nuestro barrio. Un fot\u00f3n.<\/strong><\/p>\n<p><a href=\"https:\/\/blogs.diariosur.es\/tormentas-y-rayos\/2014\/03\/17\/seguimos-con-anticiclon-el-tiempo-en-semana-santa-2014-tendencias\/1149639_10203365126994723_217840996_o\/\" rel=\"attachment wp-att-8146\"><img loading=\"lazy\" class=\"aligncenter size-full wp-image-8146\" title=\"1149639_10203365126994723_217840996_o\" src=\"\/tormentas-y-rayos\/wp-content\/uploads\/sites\/12\/2014\/03\/1149639_10203365126994723_217840996_o.jpg\" alt=\"\" width=\"640\" height=\"408\" srcset=\"https:\/\/static-blogs.diariosur.es\/wp-content\/uploads\/sites\/12\/2014\/03\/1149639_10203365126994723_217840996_o.jpg 640w, https:\/\/static-blogs.diariosur.es\/wp-content\/uploads\/sites\/12\/2014\/03\/1149639_10203365126994723_217840996_o-627x400.jpg 627w\" sizes=\"(max-width: 640px) 100vw, 640px\" \/><\/a><\/p>\n<p><strong>El domingo se\u00a0registraron\u00a0m\u00e1ximas\u00a0de casi verano, os paso los datos mas destacados facilitados por la Aemet. Destaca Albox con casi 28 grados.<\/strong><\/p>\n<p><a href=\"https:\/\/blogs.diariosur.es\/tormentas-y-rayos\/2014\/03\/17\/seguimos-con-anticiclon-el-tiempo-en-semana-santa-2014-tendencias\/captura-281\/\" rel=\"attachment wp-att-8147\"><img loading=\"lazy\" class=\"aligncenter size-medium wp-image-8147\" title=\"Captura\" src=\"\/tormentas-y-rayos\/wp-content\/uploads\/sites\/12\/2014\/03\/Captura11.jpg\" alt=\"\" width=\"600\" height=\"181\" srcset=\"https:\/\/static-blogs.diariosur.es\/wp-content\/uploads\/sites\/12\/2014\/03\/Captura11.jpg 776w, https:\/\/static-blogs.diariosur.es\/wp-content\/uploads\/sites\/12\/2014\/03\/Captura11-640x194.jpg 640w, https:\/\/static-blogs.diariosur.es\/wp-content\/uploads\/sites\/12\/2014\/03\/Captura11-768x233.jpg 768w\" sizes=\"(max-width: 600px) 100vw, 600px\" \/><\/a><\/p>\n<p><span style=\"color: #ff0000;\"><strong>EL TIEMPO EN SEMANA SANTA 2014 TENDENCIAS:<\/strong><\/span><\/p>\n<p><img loading=\"lazy\" class=\"aligncenter\" src=\"https:\/\/farm4.staticflickr.com\/3822\/12921497284_15ab5e3a55_z.jpg\" alt=\"\" width=\"640\" height=\"370\" \/><\/p>\n<p><strong>Hola de nuevo amigos cofrades. Ya se que est\u00e1is deseando saber algo m\u00e1s concreto, pero de verdad, al dia de hoy no hay nada claro. El viernes os comentaba que para este pr\u00f3ximo fin de semana nos afectar\u00eda una vaguada, que har\u00eda bajas las temperaturas e incluso podr\u00eda llover en algunos puntos de Andaluc\u00eda. Aun los modelos no lo tienen claro y dan muchos bandazos. As\u00ed que los traslados en v\u00eda crucis que se celebren tendr\u00e1n que estar pendientes del cielo, sobre todo el s\u00e1bado a \u00faltima hora y el domingo. \u00a0Pero lo veremos mejor el mi\u00e9rcoles cuando actualice el blog, lo mismo como dije el dia pasado, esta vaguada puede tirar m\u00e1s hacia la zona cercana a Italia. Seg\u00fan lo que pase este pr\u00f3ximo fin de semana, ira ayudando a ver tendencias m\u00e1s cercanas a la Semana Santa. El deciros que hay modelos que dan lluvias es para nada de verdad, todos los d\u00edas cambian, \u00a0incluso hoy mismo no dan lluvias en Andaluc\u00eda en toda la Semana Santa. Ten\u00e9is que tener paciencia, ya solo quedan 22 d\u00edas para el Viernes de Dolores. <\/strong><\/p>\n<p><strong>Poco mas que contar amigos, nos vemos.\u00a0<\/strong><\/p>\n","protected":false},"excerpt":{"rendered":"<p>Buenos d\u00edas amigos de la meteo. Son las siete de la ma\u00f1ana, registro 12,9 grados y los cielos est\u00e1n despejados. Tanto hoy lunes como ma\u00f1ana martes el cielo azul ser\u00e1 el protagonista, a partir del mi\u00e9rcoles puede que tengamos cambios en forma de tormentas primaverales, que afectar\u00edan a los sistemas monta\u00f1osos, pero de esto hablaremos [&hellip;]<\/p>\n","protected":false},"author":16,"featured_media":8148,"comment_status":"open","ping_status":"open","sticky":false,"template":"","format":"standard","meta":[],"categories":[2],"tags":[14,114,358,811,903,967],"_links":{"self":[{"href":"https:\/\/blogs.diariosur.es\/tormentas-y-rayos\/wp-json\/wp\/v2\/posts\/8144"}],"collection":[{"href":"https:\/\/blogs.diariosur.es\/tormentas-y-rayos\/wp-json\/wp\/v2\/posts"}],"about":[{"href":"https:\/\/blogs.diariosur.es\/tormentas-y-rayos\/wp-json\/wp\/v2\/types\/post"}],"author":[{"embeddable":true,"href":"https:\/\/blogs.diariosur.es\/tormentas-y-rayos\/wp-json\/wp\/v2\/users\/16"}],"replies":[{"embeddable":true,"href":"https:\/\/blogs.diariosur.es\/tormentas-y-rayos\/wp-json\/wp\/v2\/comments?post=8144"}],"version-history":[{"count":0,"href":"https:\/\/blogs.diariosur.es\/tormentas-y-rayos\/wp-json\/wp\/v2\/posts\/8144\/revisions"}],"wp:featuredmedia":[{"embeddable":true,"href":"https:\/\/blogs.diariosur.es\/tormentas-y-rayos\/wp-json\/wp\/v2\/media\/8148"}],"wp:attachment":[{"href":"https:\/\/blogs.diariosur.es\/tormentas-y-rayos\/wp-json\/wp\/v2\/media?parent=8144"}],"wp:term":[{"taxonomy":"category","embeddable":true,"href":"https:\/\/blogs.diariosur.es\/tormentas-y-rayos\/wp-json\/wp\/v2\/categories?post=8144"},{"taxonomy":"post_tag","embeddable":true,"href":"https:\/\/blogs.diariosur.es\/tormentas-y-rayos\/wp-json\/wp\/v2\/tags?post=8144"}],"curies":[{"name":"wp","href":"https:\/\/api.w.org\/{rel}","templated":true}]}}