{"id":8149,"date":"2014-03-19T07:34:36","date_gmt":"2014-03-19T06:34:36","guid":{"rendered":"http:\/\/blogs.diariosur.es\/tormentas-y-rayos\/?p=8149"},"modified":"2014-03-19T07:34:36","modified_gmt":"2014-03-19T06:34:36","slug":"tormentas-primaveralesen-el-interior-posibles-chubascos-en-la-costa-malaguena-en-la-proxima-madrugada-el-tiempo-en-semana-santa-2014-tendencias","status":"publish","type":"post","link":"https:\/\/blogs.diariosur.es\/tormentas-y-rayos\/2014\/03\/19\/tormentas-primaveralesen-el-interior-posibles-chubascos-en-la-costa-malaguena-en-la-proxima-madrugada-el-tiempo-en-semana-santa-2014-tendencias\/","title":{"rendered":"&#8220;Tormentas primaverales&#8221;en el interior. Posibles chubascos en la costa Malague\u00f1a en la pr\u00f3xima madrugada. El tiempo en Semana Santa 2014 tendencias."},"content":{"rendered":"<p><span style=\"color: #0000ff;\"><strong>Buenos d\u00edas amigos de la meteo.<\/strong><\/span><\/p>\n<p><strong><span style=\"color: #0000ff;\">Son las siete de la ma\u00f1ana, registro 14 grados y los cielos est\u00e1n poco nubosos. Como pod\u00e9is leer en el titulo del post, hoy se esperan tormentas por el interior de Andaluc\u00eda, siendo mas probables en los sistemas monta\u00f1osos. En nuestra provincia malague\u00f1a crecer\u00e1n coliflores \u00a0\u00a0en la zona de la Serran\u00eda de Ronda, que desembocaran en tormentas. Esto se debe a que tenemos un poco de aire fr\u00edo en altura.<span style=\"color: #666699;\"> Hay posibilidad de que durante estas\u00a0primeras\u00a0horas de la ma\u00f1ana se den nieblas en la costa malague\u00f1a, lo que no tengo muy claro es si lograran adentrase.<\/span><\/span><\/strong><\/p>\n<p><span style=\"color: #0000ff;\"><strong>Tambi\u00e9n os comento en el titulo del post, que hay posibilidad de que durante la pr\u00f3xima madrugada puedan caer algunas gotas en la Costa Malague\u00f1a, el levante y el aire frio en altura contribuir\u00e1n a esto. <\/strong><\/span><\/p>\n<p><img loading=\"lazy\" class=\"aligncenter\" src=\"https:\/\/farm4.staticflickr.com\/3733\/13211994754_1026072b35_z.jpg\" alt=\"\" width=\"640\" height=\"479\" \/><\/p>\n<p>&nbsp;<\/p>\n<p><strong><span style=\"color: #ff0000;\">Como todos sab\u00e9is, ma\u00f1ana 20 de marzo comienza la primavera a las 17 horas y 57 minutos. Pero el invierno volver\u00e1 el pr\u00f3ximo fin de semana a la mayor parte de la peninsula. Se espera una considerable bajada de temperaturas e incluso chubascos en Andaluc\u00eda. Si se cumplen los modelos, ser\u00e1 el domingo cuando notemos mas el fr\u00edo. Os paso dos mapas previsto de temperaturas a 850 hpa (1500 m), el primero el previsto para hoy, fijaros la temperatura.<\/span><\/strong><\/p>\n<p><a href=\"https:\/\/blogs.diariosur.es\/tormentas-y-rayos\/2014\/03\/19\/tormentas-primaveralesen-el-interior-posibles-chubascos-en-la-costa-malaguena-en-la-proxima-madrugada-el-tiempo-en-semana-santa-2014-tendencias\/gfs-1-18\/\" rel=\"attachment wp-att-8150\"><img loading=\"lazy\" class=\"aligncenter size-medium wp-image-8150\" title=\"gfs-1-18\" src=\"\/tormentas-y-rayos\/wp-content\/uploads\/sites\/12\/2014\/03\/gfs-1-18.png\" alt=\"\" width=\"600\" height=\"400\" srcset=\"https:\/\/static-blogs.diariosur.es\/wp-content\/uploads\/sites\/12\/2014\/03\/gfs-1-18.png 768w, https:\/\/static-blogs.diariosur.es\/wp-content\/uploads\/sites\/12\/2014\/03\/gfs-1-18-600x400.png 600w\" sizes=\"(max-width: 600px) 100vw, 600px\" \/><\/a><\/p>\n<p>&nbsp;<\/p>\n<p><span style=\"color: #ff0000;\"><strong>Y este otro el previsto para el domingo, la iso de cero grados la protagonista en Andaluc\u00eda.<\/strong><\/span><\/p>\n<p><a href=\"https:\/\/blogs.diariosur.es\/tormentas-y-rayos\/2014\/03\/19\/tormentas-primaveralesen-el-interior-posibles-chubascos-en-la-costa-malaguena-en-la-proxima-madrugada-el-tiempo-en-semana-santa-2014-tendencias\/gfs-1-108\/\" rel=\"attachment wp-att-8151\"><img loading=\"lazy\" class=\"aligncenter size-medium wp-image-8151\" title=\"gfs-1-108\" src=\"\/tormentas-y-rayos\/wp-content\/uploads\/sites\/12\/2014\/03\/gfs-1-108.png\" alt=\"\" width=\"600\" height=\"400\" srcset=\"https:\/\/static-blogs.diariosur.es\/wp-content\/uploads\/sites\/12\/2014\/03\/gfs-1-108.png 768w, https:\/\/static-blogs.diariosur.es\/wp-content\/uploads\/sites\/12\/2014\/03\/gfs-1-108-600x400.png 600w\" sizes=\"(max-width: 600px) 100vw, 600px\" \/><\/a><\/p>\n<p><span style=\"color: #ff0000;\"><strong>De todo esto \u00a0haremos un seguimiento especial a partir de ma\u00f1ana.\u00a0<\/strong><\/span><\/p>\n<p><img loading=\"lazy\" class=\"aligncenter\" src=\"https:\/\/farm4.staticflickr.com\/3822\/12921497284_15ab5e3a55_z.jpg\" alt=\"\" width=\"640\" height=\"370\" \/><\/p>\n<p><strong>Hola de nuevo amigos cofrades, como podeis comprobar este proximo fin de semana tendremos cambios, en forma de chubascos y bajadas de temperaturas. Ya hay modelos que para priemros de abril dan lluvias en Andaluc\u00eda, una borrasca centrada cerca del golfo de C\u00e1diz\u00a0traer\u00eda\u00a0esta inestabilizaci\u00f3n. Esto que os comento no es un pronostico, si no tendencias que se pueden dar, poco a poco iremos viendo esto. Os dejo con una foto del amanecer que se dio la semana pasada.<\/strong><\/p>\n<p><img loading=\"lazy\" class=\"aligncenter\" src=\"https:\/\/farm8.staticflickr.com\/7439\/13101559225_81a8bc5e0f_z.jpg\" alt=\"\" width=\"640\" height=\"427\" \/><\/p>\n","protected":false},"excerpt":{"rendered":"<p>Buenos d\u00edas amigos de la meteo. Son las siete de la ma\u00f1ana, registro 14 grados y los cielos est\u00e1n poco nubosos. Como pod\u00e9is leer en el titulo del post, hoy se esperan tormentas por el interior de Andaluc\u00eda, siendo mas probables en los sistemas monta\u00f1osos. En nuestra provincia malague\u00f1a crecer\u00e1n coliflores \u00a0\u00a0en la zona de [&hellip;]<\/p>\n","protected":false},"author":16,"featured_media":8152,"comment_status":"open","ping_status":"open","sticky":false,"template":"","format":"standard","meta":[],"categories":[2],"tags":[14,249,358,815,903,996],"_links":{"self":[{"href":"https:\/\/blogs.diariosur.es\/tormentas-y-rayos\/wp-json\/wp\/v2\/posts\/8149"}],"collection":[{"href":"https:\/\/blogs.diariosur.es\/tormentas-y-rayos\/wp-json\/wp\/v2\/posts"}],"about":[{"href":"https:\/\/blogs.diariosur.es\/tormentas-y-rayos\/wp-json\/wp\/v2\/types\/post"}],"author":[{"embeddable":true,"href":"https:\/\/blogs.diariosur.es\/tormentas-y-rayos\/wp-json\/wp\/v2\/users\/16"}],"replies":[{"embeddable":true,"href":"https:\/\/blogs.diariosur.es\/tormentas-y-rayos\/wp-json\/wp\/v2\/comments?post=8149"}],"version-history":[{"count":0,"href":"https:\/\/blogs.diariosur.es\/tormentas-y-rayos\/wp-json\/wp\/v2\/posts\/8149\/revisions"}],"wp:featuredmedia":[{"embeddable":true,"href":"https:\/\/blogs.diariosur.es\/tormentas-y-rayos\/wp-json\/wp\/v2\/media\/8152"}],"wp:attachment":[{"href":"https:\/\/blogs.diariosur.es\/tormentas-y-rayos\/wp-json\/wp\/v2\/media?parent=8149"}],"wp:term":[{"taxonomy":"category","embeddable":true,"href":"https:\/\/blogs.diariosur.es\/tormentas-y-rayos\/wp-json\/wp\/v2\/categories?post=8149"},{"taxonomy":"post_tag","embeddable":true,"href":"https:\/\/blogs.diariosur.es\/tormentas-y-rayos\/wp-json\/wp\/v2\/tags?post=8149"}],"curies":[{"name":"wp","href":"https:\/\/api.w.org\/{rel}","templated":true}]}}