{"id":8159,"date":"2014-03-21T08:23:38","date_gmt":"2014-03-21T07:23:38","guid":{"rendered":"http:\/\/blogs.diariosur.es\/tormentas-y-rayos\/?p=8159"},"modified":"2014-03-21T08:23:38","modified_gmt":"2014-03-21T07:23:38","slug":"prevision-del-tiempo-fin-de-semana-fotos-granizada-ronda-el-tiempo-en-semana-santa-2014-tendencias","status":"publish","type":"post","link":"https:\/\/blogs.diariosur.es\/tormentas-y-rayos\/2014\/03\/21\/prevision-del-tiempo-fin-de-semana-fotos-granizada-ronda-el-tiempo-en-semana-santa-2014-tendencias\/","title":{"rendered":"Previsi\u00f3n del tiempo fin de semana. Fotos granizada Ronda. El tiempo en Semana Santa 2014 tendencias."},"content":{"rendered":"<p><span style=\"color: #ff0000;\"><strong><a href=\"https:\/\/blogs.diariosur.es\/tormentas-y-rayos\/2014\/03\/22\/como-el-domingo-no-llueve-id-todos-a-reclamar-el-agua-manifestacion-contra-el-tarifazo-en-malaga\/\">\u00a0ULTIMA HORA. MA\u00d1ANA DOMINGO TODOS CONTRA EL TARIFAZO DEL AGUA<\/a><\/strong><\/span><\/p>\n<p>&nbsp;<\/p>\n<p><strong>Foto portada To\u00f1y Raimundo<\/strong><\/p>\n<p><strong>Buenos d\u00edas amigos de la meteo. Son las seis de la ma\u00f1ana, registro 14,8 grados y los cielos est\u00e1n despejados en la Provincia Malague\u00f1a. \u00a0Hoy viernes el terral de primavera ira tomando protagonismo, esto har\u00e1 que la m\u00e1xima en la capital y en zonas de costa de la provincia expuestas a este viento alcancen \u00a0casi los 25 grados. Ya sab\u00e9is que este viento, o viene de tierra \u00a0o del mar en la Costa Malague\u00f1a. Antes de daros el pron\u00f3stico para el s\u00e1bado y el domingo, os explico de forma sencilla el por qu\u00e9 se dar\u00e1 esta inestabilizaci\u00f3n en Andaluc\u00eda.\u00a0<\/strong><\/p>\n<p>&nbsp;<\/p>\n<p><strong>Estos dias pasados hemos estado hablando de que una vaguada afectar\u00eda a la\u00a0pen\u00ednsula, pues el frente que precede a esta vaguada ya afecta al norte peninsular. Os paso la imagen. Fuente meteogalicia eumetsat<\/strong><\/p>\n<p><a href=\"https:\/\/blogs.diariosur.es\/tormentas-y-rayos\/2014\/03\/21\/prevision-del-tiempo-fin-de-semana-fotos-granizada-ronda-el-tiempo-en-semana-santa-2014-tendencias\/webexterna_ir87_05-15-5\/\" rel=\"attachment wp-att-8163\"><img loading=\"lazy\" class=\"aligncenter size-medium wp-image-8163\" title=\"webexterna_IR87_[05-15]\" src=\"\/tormentas-y-rayos\/wp-content\/uploads\/sites\/12\/2014\/03\/webexterna_IR87_05-15.jpg\" alt=\"\" width=\"579\" height=\"400\" srcset=\"https:\/\/static-blogs.diariosur.es\/wp-content\/uploads\/sites\/12\/2014\/03\/webexterna_IR87_05-15.jpg 750w, https:\/\/static-blogs.diariosur.es\/wp-content\/uploads\/sites\/12\/2014\/03\/webexterna_IR87_05-15-579x400.jpg 579w\" sizes=\"(max-width: 579px) 100vw, 579px\" \/><\/a><\/p>\n<p>&nbsp;<\/p>\n<p><strong>Pero desde hace unas 24 horas los modelos han cambiado y la masa de aire\u00a0fr\u00edo\u00a0no llegara hasta Andaluc\u00eda, hace unos d\u00edas la pon\u00edan hasta el norte de \u00c1frica. Os paso la imagen de masas de aire par que ve\u00e1is donde\u00a0hasta ahora mismo ese aire fr\u00edo. Fuente aemet<\/strong><\/p>\n<p><a href=\"https:\/\/blogs.diariosur.es\/tormentas-y-rayos\/2014\/03\/21\/prevision-del-tiempo-fin-de-semana-fotos-granizada-ronda-el-tiempo-en-semana-santa-2014-tendencias\/201403210500_s91g\/\" rel=\"attachment wp-att-8164\"><img loading=\"lazy\" class=\"aligncenter size-full wp-image-8164\" title=\"201403210500_s91g\" src=\"\/tormentas-y-rayos\/wp-content\/uploads\/sites\/12\/2014\/03\/201403210500_s91g.jpg\" alt=\"\" width=\"550\" height=\"488\" srcset=\"https:\/\/static-blogs.diariosur.es\/wp-content\/uploads\/sites\/12\/2014\/03\/201403210500_s91g.jpg 550w, https:\/\/static-blogs.diariosur.es\/wp-content\/uploads\/sites\/12\/2014\/03\/201403210500_s91g-451x400.jpg 451w\" sizes=\"(max-width: 550px) 100vw, 550px\" \/><\/a><\/p>\n<p>&nbsp;<\/p>\n<p><strong><span style=\"color: #0000ff;\">Con esta nueva modelizaci\u00f3n, las lluvias que se esperaban en Andaluc\u00eda para ma\u00f1ana s\u00e1bado apenas se dar\u00e1n. El viento si tomara protagonismo en la Costa Mediterr\u00e1nea, que soplara de poniente y noreste con rachas fuertes. Las\u00a0m\u00e1ximas\u00a0y m\u00ednimas si bajaran en el interior de \u00a0Andaluc\u00eda, y las nubes medias y altas ser\u00e1n las protagonistas. <\/span><\/strong><\/p>\n<p><strong><span style=\"color: #0000ff;\">En la provincia malague\u00f1a bajaran las\u00a0m\u00e1ximas\u00a0por el interior el s\u00e1bado, el terral \u00a0de primavera soplara de moderado a fuerte en la Costa Oriental. En la capital la m\u00e1xima rondara los 21 grados, y los cielos estar\u00e1n algo\u00a0nubosos.<\/span><\/strong><\/p>\n<p><strong><span style=\"color: #ff0000;\">El domingo si se notara mas la bajada de temperaturas en toda Andaluc\u00eda, incluso mas en las m\u00ednimas. No me extra\u00f1ar\u00eda que en la madrugada del lunes se produjeran heladas en la provincia de Granada. En M\u00e1laga notaremos un poco mas de fresco que unido al viento har\u00e1 que la sensaci\u00f3n t\u00e9rmica por la ma\u00f1ana sea de mas\u00a0fr\u00edo. Si el domingo &#8220;se para el viento al mediod\u00eda&#8221;, lo mismo no se esta tan mal como se pensaba\u00a0estos d\u00edas atr\u00e1s.<\/span><\/strong><\/p>\n<p><strong><span style=\"color: #ff0000;\"><span style=\"color: #000000;\"> Poco mas que contar amigos, os hago un peque\u00f1o resumen del jueves.<\/span><\/span><\/strong><\/p>\n<p><strong>La m\u00e1xima en M\u00e1laga Capital seg\u00fan mi estaci\u00f3n fue de 19,4 grados y la m\u00ednima de 14,6. De nuevo se produjeron tormentas, y lo curioso que a la misma hora del mi\u00e9rcoles. As\u00ed es amigos de la meteo, en Ronda sobre las cuatro de la tarde de nuevo se produjo una tormenta como ocurri\u00f3 el mi\u00e9rcoles pasado y esta vez con mas aparato el\u00e9ctrico, mas cantidad de granizos siendo estos \u00faltimos de mayor tama\u00f1o. Mi amigo \u00c1lvaro Gordillo de nuevo me aviso que estaba cayendo una buena en Ronda, que se escuchaban mas truenos que el mi\u00e9rcoles y que el granizo era mas grande. Alvaro me manda esta foto hecha con el\u00a0m\u00f3vil, amigo no\u00a0importa que no tenga calidad la foto, como siempre digo lo importante es el momento. Un abrazo y gracias por mantenerme informado.<\/strong><\/p>\n<p><a href=\"https:\/\/blogs.diariosur.es\/tormentas-y-rayos\/2014\/03\/21\/prevision-del-tiempo-fin-de-semana-fotos-granizada-ronda-el-tiempo-en-semana-santa-2014-tendencias\/10008603_820009424680045_1092122112_n\/\" rel=\"attachment wp-att-8167\"><img loading=\"lazy\" class=\"aligncenter size-medium wp-image-8167\" title=\"10008603_820009424680045_1092122112_n\" src=\"\/tormentas-y-rayos\/wp-content\/uploads\/sites\/12\/2014\/03\/10008603_820009424680045_1092122112_n.jpg\" alt=\"\" width=\"533\" height=\"400\" srcset=\"https:\/\/static-blogs.diariosur.es\/wp-content\/uploads\/sites\/12\/2014\/03\/10008603_820009424680045_1092122112_n.jpg 960w, https:\/\/static-blogs.diariosur.es\/wp-content\/uploads\/sites\/12\/2014\/03\/10008603_820009424680045_1092122112_n-533x400.jpg 533w, https:\/\/static-blogs.diariosur.es\/wp-content\/uploads\/sites\/12\/2014\/03\/10008603_820009424680045_1092122112_n-768x576.jpg 768w\" sizes=\"(max-width: 533px) 100vw, 533px\" \/><\/a><\/p>\n<p>&nbsp;<\/p>\n<p>&nbsp;<\/p>\n<p><strong>To\u00f1i Florido gran aficionada a la meteorolog\u00eda me mandaba estas impresionantes\u00a0im\u00e1genes\u00a0desde Ronda, fijaros como estaba su patio. Impresionante el tama\u00f1o del granizo\u00a0<\/strong><\/p>\n<p><a href=\"https:\/\/blogs.diariosur.es\/tormentas-y-rayos\/2014\/03\/21\/prevision-del-tiempo-fin-de-semana-fotos-granizada-ronda-el-tiempo-en-semana-santa-2014-tendencias\/toni-raimundo\/\" rel=\"attachment wp-att-8165\"><img loading=\"lazy\" class=\"aligncenter size-full wp-image-8165\" title=\"to\u00f1i raimundo\" src=\"\/tormentas-y-rayos\/wp-content\/uploads\/sites\/12\/2014\/03\/to\u00f1i-raimundo.jpg\" alt=\"\" width=\"640\" height=\"480\" srcset=\"https:\/\/static-blogs.diariosur.es\/wp-content\/uploads\/sites\/12\/2014\/03\/to\u00f1i-raimundo.jpg 640w, https:\/\/static-blogs.diariosur.es\/wp-content\/uploads\/sites\/12\/2014\/03\/to\u00f1i-raimundo-533x400.jpg 533w\" sizes=\"(max-width: 640px) 100vw, 640px\" \/><\/a><a href=\"https:\/\/blogs.diariosur.es\/tormentas-y-rayos\/2014\/03\/21\/prevision-del-tiempo-fin-de-semana-fotos-granizada-ronda-el-tiempo-en-semana-santa-2014-tendencias\/1911746_10203482700736488_1573364756_n\/\" rel=\"attachment wp-att-8166\"><img loading=\"lazy\" class=\"aligncenter size-medium wp-image-8166\" title=\"1911746_10203482700736488_1573364756_n\" src=\"\/tormentas-y-rayos\/wp-content\/uploads\/sites\/12\/2014\/03\/1911746_10203482700736488_1573364756_n.jpg\" alt=\"\" width=\"600\" height=\"337\" srcset=\"https:\/\/static-blogs.diariosur.es\/wp-content\/uploads\/sites\/12\/2014\/03\/1911746_10203482700736488_1573364756_n.jpg 960w, https:\/\/static-blogs.diariosur.es\/wp-content\/uploads\/sites\/12\/2014\/03\/1911746_10203482700736488_1573364756_n-640x360.jpg 640w, https:\/\/static-blogs.diariosur.es\/wp-content\/uploads\/sites\/12\/2014\/03\/1911746_10203482700736488_1573364756_n-768x432.jpg 768w\" sizes=\"(max-width: 600px) 100vw, 600px\" \/><\/a><\/p>\n<p>&nbsp;<\/p>\n<p><strong>Os paso las\u00a0im\u00e1genes\u00a0del radar de lluvias y rayos de ayer, como\u00a0pod\u00e9is\u00a0comprobar en Sierra Tejeda y Almijara tambi\u00e9n se produjeron tormentas. Fuente aemet.<\/strong><\/p>\n<p>&nbsp;<\/p>\n<p><a href=\"https:\/\/blogs.diariosur.es\/tormentas-y-rayos\/2014\/03\/21\/prevision-del-tiempo-fin-de-semana-fotos-granizada-ronda-el-tiempo-en-semana-santa-2014-tendencias\/201403201450_r8ml\/\" rel=\"attachment wp-att-8160\"><img loading=\"lazy\" class=\"aligncenter size-full wp-image-8160\" title=\"201403201450_r8ml\" src=\"\/tormentas-y-rayos\/wp-content\/uploads\/sites\/12\/2014\/03\/201403201450_r8ml.gif\" alt=\"\" width=\"480\" height=\"530\" \/><\/a><\/p>\n<p>&nbsp;<\/p>\n<p><a href=\"https:\/\/blogs.diariosur.es\/tormentas-y-rayos\/2014\/03\/21\/prevision-del-tiempo-fin-de-semana-fotos-granizada-ronda-el-tiempo-en-semana-santa-2014-tendencias\/201403201500_r79g-2\/\" rel=\"attachment wp-att-8162\"><img loading=\"lazy\" class=\"aligncenter size-full wp-image-8162\" title=\"201403201500_r79g\" src=\"\/tormentas-y-rayos\/wp-content\/uploads\/sites\/12\/2014\/03\/201403201500_r79g1.gif\" alt=\"\" width=\"500\" height=\"500\" \/><\/a><\/p>\n<p>&nbsp;<\/p>\n<p><strong>\u00a0<img loading=\"lazy\" class=\"aligncenter\" src=\"https:\/\/farm4.staticflickr.com\/3822\/12921497284_15ab5e3a55_z.jpg\" alt=\"\" width=\"640\" height=\"370\" \/><\/strong><\/p>\n<p>&nbsp;<\/p>\n<p><strong>EL TIEMPO SEMANA SANTA 2014 TENDENCIAS<\/strong><\/p>\n<p>&nbsp;<\/p>\n<p><strong>Poco que comentar con lo ya hablado en el anterior post amigos cofrades. Los modelos siguen dando un empeoramiento del tiempo para los primeros d\u00edas de abril. <\/strong><\/p>\n<p><strong>Os dejo con unas fotos que tome ayer primer dia de la primavera.<\/strong><\/p>\n<p>&nbsp;<\/p>\n<p><img loading=\"lazy\" class=\"aligncenter\" src=\"https:\/\/farm4.staticflickr.com\/3810\/13291292104_62066a3bdf_z.jpg\" alt=\"\" width=\"640\" height=\"427\" \/><\/p>\n<p>&nbsp;<\/p>\n<p><img loading=\"lazy\" class=\"aligncenter\" src=\"https:\/\/farm3.staticflickr.com\/2874\/13291092103_a576788db8_z.jpg\" alt=\"\" width=\"640\" height=\"427\" \/><\/p>\n<p>&nbsp;<\/p>\n<p><img loading=\"lazy\" class=\"aligncenter\" src=\"https:\/\/farm8.staticflickr.com\/7249\/13291092873_e6dbd9a6c6_z.jpg\" alt=\"\" width=\"640\" height=\"427\" \/><\/p>\n<p>&nbsp;<\/p>\n","protected":false},"excerpt":{"rendered":"<p>\u00a0ULTIMA HORA. MA\u00d1ANA DOMINGO TODOS CONTRA EL TARIFAZO DEL AGUA &nbsp; Foto portada To\u00f1y Raimundo Buenos d\u00edas amigos de la meteo. Son las seis de la ma\u00f1ana, registro 14,8 grados y los cielos est\u00e1n despejados en la Provincia Malague\u00f1a. \u00a0Hoy viernes el terral de primavera ira tomando protagonismo, esto har\u00e1 que la m\u00e1xima en la [&hellip;]<\/p>\n","protected":false},"author":16,"featured_media":8165,"comment_status":"open","ping_status":"open","sticky":false,"template":"","format":"standard","meta":[],"categories":[2],"tags":[358,412,465,809,874,903,980],"_links":{"self":[{"href":"https:\/\/blogs.diariosur.es\/tormentas-y-rayos\/wp-json\/wp\/v2\/posts\/8159"}],"collection":[{"href":"https:\/\/blogs.diariosur.es\/tormentas-y-rayos\/wp-json\/wp\/v2\/posts"}],"about":[{"href":"https:\/\/blogs.diariosur.es\/tormentas-y-rayos\/wp-json\/wp\/v2\/types\/post"}],"author":[{"embeddable":true,"href":"https:\/\/blogs.diariosur.es\/tormentas-y-rayos\/wp-json\/wp\/v2\/users\/16"}],"replies":[{"embeddable":true,"href":"https:\/\/blogs.diariosur.es\/tormentas-y-rayos\/wp-json\/wp\/v2\/comments?post=8159"}],"version-history":[{"count":0,"href":"https:\/\/blogs.diariosur.es\/tormentas-y-rayos\/wp-json\/wp\/v2\/posts\/8159\/revisions"}],"wp:featuredmedia":[{"embeddable":true,"href":"https:\/\/blogs.diariosur.es\/tormentas-y-rayos\/wp-json\/wp\/v2\/media\/8165"}],"wp:attachment":[{"href":"https:\/\/blogs.diariosur.es\/tormentas-y-rayos\/wp-json\/wp\/v2\/media?parent=8159"}],"wp:term":[{"taxonomy":"category","embeddable":true,"href":"https:\/\/blogs.diariosur.es\/tormentas-y-rayos\/wp-json\/wp\/v2\/categories?post=8159"},{"taxonomy":"post_tag","embeddable":true,"href":"https:\/\/blogs.diariosur.es\/tormentas-y-rayos\/wp-json\/wp\/v2\/tags?post=8159"}],"curies":[{"name":"wp","href":"https:\/\/api.w.org\/{rel}","templated":true}]}}