{"id":8175,"date":"2014-03-24T07:38:57","date_gmt":"2014-03-24T06:38:57","guid":{"rendered":"http:\/\/blogs.diariosur.es\/tormentas-y-rayos\/?p=8175"},"modified":"2014-03-24T07:38:57","modified_gmt":"2014-03-24T06:38:57","slug":"el-viento-del-norte-las-nevadas-y-la-bajada-de-temperaturas-protagonistas-esta-semana-el-tiempo-en-semana-santa-2014-tendencias","status":"publish","type":"post","link":"https:\/\/blogs.diariosur.es\/tormentas-y-rayos\/2014\/03\/24\/el-viento-del-norte-las-nevadas-y-la-bajada-de-temperaturas-protagonistas-esta-semana-el-tiempo-en-semana-santa-2014-tendencias\/","title":{"rendered":"El viento del norte, las lluvias, las nevadas, y la bajada de temperaturas protagonistas esta semana. El tiempo en Semana Santa 2014 tendencias."},"content":{"rendered":"<p><strong>Buenos d\u00edas amigos de la meteo. Son las seis de la ma\u00f1ana, registro 11,7 grados y los cielos est\u00e1n totalmente \u00a0despejados. Por la tarde las nubes medias y altas adornaran los cielos malague\u00f1os.<\/strong><\/p>\n<p><strong>\u00a0Interesante semana la que se nos presenta, si se cumplen los modelos esta \u00faltima semana de marzo. En lo que respecta a M\u00e1laga, el terral de primavera tomara de nuevo protagonismo hoy lunes a \u00faltima hora de esta tarde, la maxima rondara los 20 o 22 grados. Un nuevo frente muy debilitado cruzara Andaluc\u00eda, que dejara algunos chubascos\u00a0espor\u00e1dicos\u00a0por el \u00a0interior y norte de la comunidad. Este frente ya deja precipitaciones en el norte\u00a0peninsular.\u00a0<\/strong><\/p>\n<p><strong>\u00a0Ma\u00f1ana martes despu\u00e9s de aflojar un poco el viento a primeras horas de la ma\u00f1ana, volver\u00e1 por la tarde a soplar de moderado a fuerte, e incluso en la zona del Mar de Albor\u00e1n se esperan rachas muy fuertes en la madrugada del mi\u00e9rcoles. A partir del mi\u00e9rcoles se situara una potente borrasca en el Golfo de Le\u00f3n que unida a un potente anticicl\u00f3n en las Azores, \u00a0arrastrara una masa de aire frio inestable que entrara en toda la\u00a0pen\u00ednsula. Pero de esto hablaremos ma\u00f1ana martes por la noche, ya veremos de que forma afecta a Andaluc\u00eda. \u00a0Y sobre todo &#8220;los posibles cambios para el viernes o pr\u00f3ximo\u00a0fin de semana en forma de lluvias &#8220;en\u00a0Andaluc\u00eda. Os\u00a0paso el\u00a0mapa previsto del mi\u00e9rcoles. Fuente Aemet, Hirlam.\u00a0<\/strong><\/p>\n<p><a href=\"https:\/\/blogs.diariosur.es\/tormentas-y-rayos\/2014\/03\/24\/el-viento-del-norte-las-nevadas-y-la-bajada-de-temperaturas-protagonistas-esta-semana-el-tiempo-en-semana-santa-2014-tendencias\/captura-283\/\" rel=\"attachment wp-att-8176\"><img loading=\"lazy\" class=\"aligncenter size-medium wp-image-8176\" title=\"Captura\" src=\"\/tormentas-y-rayos\/wp-content\/uploads\/sites\/12\/2014\/03\/Captura13.jpg\" alt=\"\" width=\"486\" height=\"400\" srcset=\"https:\/\/static-blogs.diariosur.es\/wp-content\/uploads\/sites\/12\/2014\/03\/Captura13.jpg 685w, https:\/\/static-blogs.diariosur.es\/wp-content\/uploads\/sites\/12\/2014\/03\/Captura13-487x400.jpg 487w\" sizes=\"(max-width: 486px) 100vw, 486px\" \/><\/a><\/p>\n<p>&nbsp;<\/p>\n<p><strong>Bueno amigos hoy ya empiezo a currar\u00a0despu\u00e9s\u00a0de haber estado mas de un mes de baja,\u00a0as\u00ed\u00a0que\u00a0tendr\u00e9\u00a0menos tiempo para escribir en el blog. De momento os hago un peque\u00f1o resumen de este pasado fin de semana, donde el terral de primavera ha sido el protagonista en M\u00e1laga Capital. En estos dos dias ha sido M\u00e1laga Capital la que ha dado la maxima de toda Andaluc\u00eda. Os paso primero el resumen de los datos mas destacados del\u00a0s\u00e1bado.<\/strong><\/p>\n<p><a href=\"https:\/\/blogs.diariosur.es\/tormentas-y-rayos\/2014\/03\/24\/el-viento-del-norte-las-nevadas-y-la-bajada-de-temperaturas-protagonistas-esta-semana-el-tiempo-en-semana-santa-2014-tendencias\/sabado-12\/\" rel=\"attachment wp-att-8177\"><img loading=\"lazy\" class=\"aligncenter size-medium wp-image-8177\" title=\"sabado\" src=\"\/tormentas-y-rayos\/wp-content\/uploads\/sites\/12\/2014\/03\/sabado.jpg\" alt=\"\" width=\"506\" height=\"400\" srcset=\"https:\/\/static-blogs.diariosur.es\/wp-content\/uploads\/sites\/12\/2014\/03\/sabado.jpg 781w, https:\/\/static-blogs.diariosur.es\/wp-content\/uploads\/sites\/12\/2014\/03\/sabado-506x400.jpg 506w, https:\/\/static-blogs.diariosur.es\/wp-content\/uploads\/sites\/12\/2014\/03\/sabado-768x607.jpg 768w\" sizes=\"(max-width: 506px) 100vw, 506px\" \/><\/a><\/p>\n<p><strong>Siiiiiiiii&#8230;&#8230; ya se que aun no os he puesto ninguna foto jijijiji. Venga os paso estas dos del amanecer del\u00a0s\u00e1bado, donde los altocumulus y lenticularis fueron los protagonistas.<\/strong><\/p>\n<p><img loading=\"lazy\" class=\"aligncenter\" src=\"https:\/\/farm8.staticflickr.com\/7125\/13324774303_eb28961c70_z.jpg\" alt=\"\" width=\"640\" height=\"427\" \/><\/p>\n<p>&nbsp;<\/p>\n<p><img loading=\"lazy\" class=\"aligncenter\" src=\"https:\/\/farm4.staticflickr.com\/3834\/13324567265_29132fe546_z.jpg\" alt=\"\" width=\"640\" height=\"427\" \/><\/p>\n<p>&nbsp;<\/p>\n<p><img loading=\"lazy\" class=\"aligncenter\" src=\"https:\/\/farm8.staticflickr.com\/7096\/13324574475_dd6de2b2e7_z.jpg\" alt=\"\" width=\"640\" height=\"427\" \/><\/p>\n<p>&nbsp;<\/p>\n<p>&nbsp;<\/p>\n<p><strong>Poco mas que contar del s\u00e1bado, bueno si, se me olvidaba esta foto que tome por la tarde noche desde el Hotel la Vi\u00f1uela. Las fotos de la boda me salieron impresionantes.<\/strong><\/p>\n<p>&nbsp;<\/p>\n<p>&nbsp;<\/p>\n<p><img loading=\"lazy\" class=\"aligncenter\" src=\"https:\/\/farm4.staticflickr.com\/3805\/13362069075_500afcee8b_z.jpg\" alt=\"\" width=\"640\" height=\"427\" \/><\/p>\n<p>&nbsp;<\/p>\n<p><strong>El domingo amaneci\u00f3 ventoso y al principio la sensaci\u00f3n t\u00e9rmica era de fresquete. Lo primero que hice el domingo fue tirar a las ocho de la ma\u00f1ana al Museo Thyssen, muchos preguntareis que se le ha perdido a este en el museo jijij. Muy f\u00e1cil amigos, desde las ocho el programa de Radio Nacional de Espa\u00f1a no es un dia cualquiera dirigido y presentado por Pepa Fernand\u00e9z, emit\u00eda \u00a0desde el museo. Como muchos sab\u00e9is, en este programa hay un espacio que habla del tiempo y que lleva magistralmente mi amigo Jose Miguel Vi\u00f1as f\u00edsico, escritor y pedazo de meteor\u00f3logo. Un fuerte abrazo amigo, nada mas que salga tu nuevo libro corro para comprarlo.<\/strong><\/p>\n<p>&nbsp;<\/p>\n<p>&nbsp;<\/p>\n<p>&nbsp;<\/p>\n<p><img loading=\"lazy\" class=\"aligncenter\" src=\"https:\/\/farm8.staticflickr.com\/7153\/13362190695_1fc378246f_z.jpg\" alt=\"\" width=\"640\" height=\"427\" \/><\/p>\n<p><strong>Como os he comentado mas arriba, M\u00e1laga Capital de nuevo dio la m\u00e1xima de Andaluc\u00eda, eso no quito ambiente a la manifestaci\u00f3n por el tarifazo. Os paso el enlace al facebook donde est\u00e1n las fotos.<\/strong><\/p>\n<p><a href=\"https:\/\/www.facebook.com\/joseluis.escuderogallegos\/media_set?set=a.10202370235996200.1073741887.1201670894&#038;type=1\" rel=\"external nofollow\"><strong>FOTOS MANIFESTACI\u00d3N TARIFAZO<\/strong><\/a><\/p>\n<p><strong>Poco mas que contar del domingo. Os paso los datos mas destacados de Andaluc\u00eda. Fuente Aemet.<\/strong><\/p>\n<p><a href=\"https:\/\/blogs.diariosur.es\/tormentas-y-rayos\/2014\/03\/24\/el-viento-del-norte-las-nevadas-y-la-bajada-de-temperaturas-protagonistas-esta-semana-el-tiempo-en-semana-santa-2014-tendencias\/captura-284\/\" rel=\"attachment wp-att-8178\"><img loading=\"lazy\" class=\"aligncenter size-medium wp-image-8178\" title=\"Captura\" src=\"\/tormentas-y-rayos\/wp-content\/uploads\/sites\/12\/2014\/03\/Captura14.jpg\" alt=\"\" width=\"600\" height=\"340\" srcset=\"https:\/\/static-blogs.diariosur.es\/wp-content\/uploads\/sites\/12\/2014\/03\/Captura14.jpg 776w, https:\/\/static-blogs.diariosur.es\/wp-content\/uploads\/sites\/12\/2014\/03\/Captura14-640x363.jpg 640w, https:\/\/static-blogs.diariosur.es\/wp-content\/uploads\/sites\/12\/2014\/03\/Captura14-768x435.jpg 768w\" sizes=\"(max-width: 600px) 100vw, 600px\" \/><\/a><\/p>\n<p><strong>EL TIEMPO EN SEMANA SANTA 2014 TENDENCIAS.<\/strong><\/p>\n<p><img loading=\"lazy\" class=\"aligncenter\" src=\"https:\/\/farm4.staticflickr.com\/3822\/12921497284_15ab5e3a55_z.jpg\" alt=\"\" width=\"640\" height=\"370\" \/><\/p>\n<p>&nbsp;<\/p>\n<p><strong>\u00a0Hola de nuevo amigos cofrades, siguen las tendencias en que \u00a0las primeras semanas de abril el tiempo sea un poco inestable, algo normal en la primavera. Con esto no quiero decir que \u00a0llueva en Semana Santa. Todo lo que pase esta ultima semana de marzo y sobre todo los dos\u00a0\u00faltimos\u00a0dias, empezaran a dar un poco de luz para por lo menos saber algo con mas claridad. Ya veremos que posici\u00f3n toma el anticicl\u00f3n de las Azores, si se mantiene fuerte en su sitio o se mueve de lugar. Poco mas que contar, os dejo con una bonita \u00a0foto de mi amiga Macu Prieto Mart\u00edn.<\/strong><\/p>\n<p><a href=\"https:\/\/blogs.diariosur.es\/tormentas-y-rayos\/2014\/03\/24\/el-viento-del-norte-las-nevadas-y-la-bajada-de-temperaturas-protagonistas-esta-semana-el-tiempo-en-semana-santa-2014-tendencias\/1654833_643716969010016_943424349_o\/\" rel=\"attachment wp-att-8179\"><img loading=\"lazy\" class=\"aligncenter size-full wp-image-8179\" title=\"1654833_643716969010016_943424349_o\" src=\"\/tormentas-y-rayos\/wp-content\/uploads\/sites\/12\/2014\/03\/1654833_643716969010016_943424349_o.jpg\" alt=\"\" width=\"640\" height=\"429\" srcset=\"https:\/\/static-blogs.diariosur.es\/wp-content\/uploads\/sites\/12\/2014\/03\/1654833_643716969010016_943424349_o.jpg 640w, https:\/\/static-blogs.diariosur.es\/wp-content\/uploads\/sites\/12\/2014\/03\/1654833_643716969010016_943424349_o-597x400.jpg 597w\" sizes=\"(max-width: 640px) 100vw, 640px\" \/><\/a><\/p>\n<p>&nbsp;<\/p>\n","protected":false},"excerpt":{"rendered":"<p>Buenos d\u00edas amigos de la meteo. Son las seis de la ma\u00f1ana, registro 11,7 grados y los cielos est\u00e1n totalmente \u00a0despejados. Por la tarde las nubes medias y altas adornaran los cielos malague\u00f1os. \u00a0Interesante semana la que se nos presenta, si se cumplen los modelos esta \u00faltima semana de marzo. En lo que respecta a [&hellip;]<\/p>\n","protected":false},"author":16,"featured_media":8176,"comment_status":"open","ping_status":"open","sticky":false,"template":"","format":"standard","meta":[],"categories":[2],"tags":[15,160,358,690,713,903,962,967,1059],"_links":{"self":[{"href":"https:\/\/blogs.diariosur.es\/tormentas-y-rayos\/wp-json\/wp\/v2\/posts\/8175"}],"collection":[{"href":"https:\/\/blogs.diariosur.es\/tormentas-y-rayos\/wp-json\/wp\/v2\/posts"}],"about":[{"href":"https:\/\/blogs.diariosur.es\/tormentas-y-rayos\/wp-json\/wp\/v2\/types\/post"}],"author":[{"embeddable":true,"href":"https:\/\/blogs.diariosur.es\/tormentas-y-rayos\/wp-json\/wp\/v2\/users\/16"}],"replies":[{"embeddable":true,"href":"https:\/\/blogs.diariosur.es\/tormentas-y-rayos\/wp-json\/wp\/v2\/comments?post=8175"}],"version-history":[{"count":0,"href":"https:\/\/blogs.diariosur.es\/tormentas-y-rayos\/wp-json\/wp\/v2\/posts\/8175\/revisions"}],"wp:featuredmedia":[{"embeddable":true,"href":"https:\/\/blogs.diariosur.es\/tormentas-y-rayos\/wp-json\/wp\/v2\/media\/8176"}],"wp:attachment":[{"href":"https:\/\/blogs.diariosur.es\/tormentas-y-rayos\/wp-json\/wp\/v2\/media?parent=8175"}],"wp:term":[{"taxonomy":"category","embeddable":true,"href":"https:\/\/blogs.diariosur.es\/tormentas-y-rayos\/wp-json\/wp\/v2\/categories?post=8175"},{"taxonomy":"post_tag","embeddable":true,"href":"https:\/\/blogs.diariosur.es\/tormentas-y-rayos\/wp-json\/wp\/v2\/tags?post=8175"}],"curies":[{"name":"wp","href":"https:\/\/api.w.org\/{rel}","templated":true}]}}