{"id":8180,"date":"2014-03-25T07:44:36","date_gmt":"2014-03-25T06:44:36","guid":{"rendered":"http:\/\/blogs.diariosur.es\/tormentas-y-rayos\/?p=8180"},"modified":"2014-03-25T07:44:36","modified_gmt":"2014-03-25T06:44:36","slug":"ultima-hora-bajada-moderada-de-temperatura-y-fuertes-vientos-manana-miercoles-en-malaga-y-andalucia-el-tiempo-en-semana-santa-2014-tendencias","status":"publish","type":"post","link":"https:\/\/blogs.diariosur.es\/tormentas-y-rayos\/2014\/03\/25\/ultima-hora-bajada-moderada-de-temperatura-y-fuertes-vientos-manana-miercoles-en-malaga-y-andalucia-el-tiempo-en-semana-santa-2014-tendencias\/","title":{"rendered":"Ultima hora: Bajada moderada de temperatura y fuertes vientos ma\u00f1ana mi\u00e9rcoles en M\u00e1laga y Andaluc\u00eda.El tiempo en Semana Santa 2014 tendencias."},"content":{"rendered":"<p><strong>Buenos dias amigos de la meteo. <\/strong><\/p>\n<p><strong>Son las siete de la ma\u00f1ana, registro 13,7 grados pero la sensaci\u00f3n t\u00e9rmica debido al viento es de 8, aunque hoy de nuevo pasaremos de los 21. Muy corto el post de hoy, ya que solo os quiero avisar de la bajada moderada de temperatura que tendremos esta pr\u00f3xima madrugada y ma\u00f1ana mi\u00e9rcoles en <span style=\"color: #ff00ff;\">M\u00e1laga Capital y toda Andaluc\u00eda<\/span>. A todo esto hay que unirle las rachas fuertes de viento que soplaran a partir de esta tarde noche y \u00a0madrugada del miercoles. Es posible que la aemet active alg\u00fan aviso por vientos o fen\u00f3menos costeros en M\u00e1laga. De momento la Costa granadina y Almeriense lo est\u00e1n por viento y olas. Todo esto se deber\u00e1 a una potente borrasca que unida al anticicl\u00f3n de las Azores traer\u00e1 estos fuertes vientos del norte a toda la peninsula, y adem\u00e1s una masa de aire\u00a0fr\u00edo\u00a0inestable. Os paso el mapa de superficie previsto\u00a0para la pr\u00f3xima madrugada fuente aemet y el de temperaturas a 850 hpa ( 1500 m) fuente gfs meteociel.<\/strong><\/p>\n<p><a href=\"https:\/\/blogs.diariosur.es\/tormentas-y-rayos\/2014\/03\/25\/ultima-hora-bajada-moderada-de-temperatura-y-fuertes-vientos-manana-miercoles-en-malaga-y-andalucia-el-tiempo-en-semana-santa-2014-tendencias\/captura-285\/\" rel=\"attachment wp-att-8181\"><img loading=\"lazy\" class=\"aligncenter size-medium wp-image-8181\" title=\"Captura\" src=\"\/tormentas-y-rayos\/wp-content\/uploads\/sites\/12\/2014\/03\/Captura15.jpg\" alt=\"\" width=\"559\" height=\"400\" srcset=\"https:\/\/static-blogs.diariosur.es\/wp-content\/uploads\/sites\/12\/2014\/03\/Captura15.jpg 722w, https:\/\/static-blogs.diariosur.es\/wp-content\/uploads\/sites\/12\/2014\/03\/Captura15-560x400.jpg 560w\" sizes=\"(max-width: 559px) 100vw, 559px\" \/><\/a><\/p>\n<p>&nbsp;<\/p>\n<p>&nbsp;<\/p>\n<p><a href=\"https:\/\/blogs.diariosur.es\/tormentas-y-rayos\/2014\/03\/25\/ultima-hora-bajada-moderada-de-temperatura-y-fuertes-vientos-manana-miercoles-en-malaga-y-andalucia-el-tiempo-en-semana-santa-2014-tendencias\/gfs-1-30\/\" rel=\"attachment wp-att-8182\"><img loading=\"lazy\" class=\"aligncenter size-medium wp-image-8182\" title=\"gfs-1-30\" src=\"\/tormentas-y-rayos\/wp-content\/uploads\/sites\/12\/2014\/03\/gfs-1-30.png\" alt=\"\" width=\"600\" height=\"400\" srcset=\"https:\/\/static-blogs.diariosur.es\/wp-content\/uploads\/sites\/12\/2014\/03\/gfs-1-30.png 768w, https:\/\/static-blogs.diariosur.es\/wp-content\/uploads\/sites\/12\/2014\/03\/gfs-1-30-600x400.png 600w\" sizes=\"(max-width: 600px) 100vw, 600px\" \/><\/a><\/p>\n<p><span style=\"color: #ff0000;\"><strong>Como ma\u00f1ana libro, veremos que da de si esta situaci\u00f3n y en lo que pueda pasar a partir del viernes. Hay posibilidad muy alta de que se forme una borrasca en el Golfo de C\u00e1diz.<\/strong><\/span><\/p>\n<p>&nbsp;<\/p>\n<p><span style=\"color: #0000ff;\"><strong>EL TIEMPO EN SEMANA SANTA 2014 TENDENCIAS<\/strong><\/span><\/p>\n<p><img loading=\"lazy\" class=\"aligncenter\" src=\"https:\/\/farm4.staticflickr.com\/3822\/12921497284_15ab5e3a55_z.jpg\" alt=\"\" width=\"640\" height=\"370\" \/><\/p>\n<p><span style=\"color: #0000ff;\"><strong>Hola de nuevo amigos cofrades. Os he estado viendo los modelos y siguen con las tendencias \u00a0que las primeras semanas de abril sean inestables en Andaluc\u00eda. Aun quedan 20 dias para el Domingo de Ramos, y eso en\u00a0meteorolog\u00eda\u00a0es un mundo. Tener paciencia.<\/strong><\/span><\/p>\n<p><strong>Os dejo con unas cuantas fotos de ayer, los altocumulus lenticularis fueron los protagonistas. Yo pude fotografiarlos a la hora de la comida desde la terraza.<\/strong><\/p>\n<p><img loading=\"lazy\" class=\"aligncenter\" src=\"https:\/\/farm8.staticflickr.com\/7308\/13397929995_26b6fd5073_z.jpg\" alt=\"\" width=\"640\" height=\"427\" \/><\/p>\n<p><strong>Mi amiga Aurora Pulido Anillo los \u00a0fotografiaba a ultima hora de la tarde. Preciosa foto.<\/strong><\/p>\n<p><a href=\"https:\/\/blogs.diariosur.es\/tormentas-y-rayos\/2014\/03\/25\/ultima-hora-bajada-moderada-de-temperatura-y-fuertes-vientos-manana-miercoles-en-malaga-y-andalucia-el-tiempo-en-semana-santa-2014-tendencias\/1614132_662215110506924_1905139686_o\/\" rel=\"attachment wp-att-8183\"><img loading=\"lazy\" class=\"aligncenter size-full wp-image-8183\" title=\"1614132_662215110506924_1905139686_o\" src=\"\/tormentas-y-rayos\/wp-content\/uploads\/sites\/12\/2014\/03\/1614132_662215110506924_1905139686_o.jpg\" alt=\"\" width=\"640\" height=\"480\" srcset=\"https:\/\/static-blogs.diariosur.es\/wp-content\/uploads\/sites\/12\/2014\/03\/1614132_662215110506924_1905139686_o.jpg 640w, https:\/\/static-blogs.diariosur.es\/wp-content\/uploads\/sites\/12\/2014\/03\/1614132_662215110506924_1905139686_o-533x400.jpg 533w\" sizes=\"(max-width: 640px) 100vw, 640px\" \/><\/a><\/p>\n<p><strong>Y por ultimo mi amigo Jose Luis Gil fotografiaba en candilazo de estos lenticularis desde Marbella. Preciosa \u00a0foto.<\/strong><\/p>\n<p><a href=\"https:\/\/blogs.diariosur.es\/tormentas-y-rayos\/2014\/03\/25\/ultima-hora-bajada-moderada-de-temperatura-y-fuertes-vientos-manana-miercoles-en-malaga-y-andalucia-el-tiempo-en-semana-santa-2014-tendencias\/1185640_10202534490156455_1540115774_n\/\" rel=\"attachment wp-att-8184\"><img loading=\"lazy\" class=\"aligncenter size-full wp-image-8184\" title=\"1185640_10202534490156455_1540115774_n\" src=\"\/tormentas-y-rayos\/wp-content\/uploads\/sites\/12\/2014\/03\/1185640_10202534490156455_1540115774_n.jpg\" alt=\"\" width=\"640\" height=\"385\" \/><\/a><\/p>\n<p>&nbsp;<\/p>\n","protected":false},"excerpt":{"rendered":"<p>Buenos dias amigos de la meteo. Son las siete de la ma\u00f1ana, registro 13,7 grados pero la sensaci\u00f3n t\u00e9rmica debido al viento es de 8, aunque hoy de nuevo pasaremos de los 21. Muy corto el post de hoy, ya que solo os quiero avisar de la bajada moderada de temperatura que tendremos esta pr\u00f3xima [&hellip;]<\/p>\n","protected":false},"author":16,"featured_media":8182,"comment_status":"open","ping_status":"open","sticky":false,"template":"","format":"standard","meta":[],"categories":[2],"tags":[16,63,91,160,358,676,903,962,1029,1063],"_links":{"self":[{"href":"https:\/\/blogs.diariosur.es\/tormentas-y-rayos\/wp-json\/wp\/v2\/posts\/8180"}],"collection":[{"href":"https:\/\/blogs.diariosur.es\/tormentas-y-rayos\/wp-json\/wp\/v2\/posts"}],"about":[{"href":"https:\/\/blogs.diariosur.es\/tormentas-y-rayos\/wp-json\/wp\/v2\/types\/post"}],"author":[{"embeddable":true,"href":"https:\/\/blogs.diariosur.es\/tormentas-y-rayos\/wp-json\/wp\/v2\/users\/16"}],"replies":[{"embeddable":true,"href":"https:\/\/blogs.diariosur.es\/tormentas-y-rayos\/wp-json\/wp\/v2\/comments?post=8180"}],"version-history":[{"count":0,"href":"https:\/\/blogs.diariosur.es\/tormentas-y-rayos\/wp-json\/wp\/v2\/posts\/8180\/revisions"}],"wp:featuredmedia":[{"embeddable":true,"href":"https:\/\/blogs.diariosur.es\/tormentas-y-rayos\/wp-json\/wp\/v2\/media\/8182"}],"wp:attachment":[{"href":"https:\/\/blogs.diariosur.es\/tormentas-y-rayos\/wp-json\/wp\/v2\/media?parent=8180"}],"wp:term":[{"taxonomy":"category","embeddable":true,"href":"https:\/\/blogs.diariosur.es\/tormentas-y-rayos\/wp-json\/wp\/v2\/categories?post=8180"},{"taxonomy":"post_tag","embeddable":true,"href":"https:\/\/blogs.diariosur.es\/tormentas-y-rayos\/wp-json\/wp\/v2\/tags?post=8180"}],"curies":[{"name":"wp","href":"https:\/\/api.w.org\/{rel}","templated":true}]}}