{"id":8185,"date":"2014-03-26T09:32:17","date_gmt":"2014-03-26T08:32:17","guid":{"rendered":"http:\/\/blogs.diariosur.es\/tormentas-y-rayos\/?p=8185"},"modified":"2014-03-26T09:32:17","modified_gmt":"2014-03-26T08:32:17","slug":"borrasca-en-el-golfo-de-cadiz-el-viernes-lluvias-en-andalucia-occidental-el-tiempo-en-semana-santa-tendencias","status":"publish","type":"post","link":"https:\/\/blogs.diariosur.es\/tormentas-y-rayos\/2014\/03\/26\/borrasca-en-el-golfo-de-cadiz-el-viernes-lluvias-en-andalucia-occidental-el-tiempo-en-semana-santa-tendencias\/","title":{"rendered":"Borrasca en el Golfo de C\u00e1diz el viernes. LLuvias en Andaluc\u00eda Occidental. El tiempo en Semana Santa tendencias."},"content":{"rendered":"<p><strong>Buenos dias amigos de la meteo. <\/strong><\/p>\n<p><strong>Son las ocho y cuarto de la ma\u00f1ana, registro 11,2 grados pero la sensaci\u00f3n t\u00e9rmica es de 7 grados debido al viento. A las tres de la ma\u00f1ana el Aeropuerto Malague\u00f1o ha registrado una racha de<span style=\"color: #ff0000;\"> 87 km\/h<\/span>, pero destaca L\u00e1ujar de Andarax ( Almer\u00eda) con una racha de 114 km\/h. Hoy seguir\u00e1 soplando terral de primavera y la m\u00e1xima no creo que pase de los 17 grados. Como hoy he librado he tirado muy temprano para la playa, a las siete menos diez de la ma\u00f1ana ya estaba en la Misericordia junto a mi amigo Antonio Jes\u00fas. El amanecer sosillo, pero me he cargado las pilas. Os paso la foto.<\/strong><\/p>\n<p>&nbsp;<\/p>\n<p><a href=\"https:\/\/blogs.diariosur.es\/tormentas-y-rayos\/2014\/03\/26\/borrasca-en-el-golfo-de-cadiz-el-viernes-lluvias-en-andalucia-occidental-el-tiempo-en-semana-santa-tendencias\/010-5\/\" rel=\"attachment wp-att-8186\"><img loading=\"lazy\" class=\"aligncenter size-full wp-image-8186\" title=\"010\" src=\"\/tormentas-y-rayos\/wp-content\/uploads\/sites\/12\/2014\/03\/010.jpg\" alt=\"\" width=\"640\" height=\"427\" srcset=\"https:\/\/static-blogs.diariosur.es\/wp-content\/uploads\/sites\/12\/2014\/03\/010.jpg 640w, https:\/\/static-blogs.diariosur.es\/wp-content\/uploads\/sites\/12\/2014\/03\/010-600x400.jpg 600w\" sizes=\"(max-width: 640px) 100vw, 640px\" \/><\/a><\/p>\n<p><strong>Bueno amigos, si no cambia nada de \u00faltima hora y espero que no, el viernes se formara una borrasca en el Golfo de C\u00e1diz. Esta borrasca traer\u00e1 lluvias a Andaluc\u00eda, siendo la zona occidental donde las lluvias ser\u00e1n mas abundantes. Tambi\u00e9n las espero en la provincia malague\u00f1a, ser\u00e1 la zona mas occidental donde se registren mas litros. De todas formas hasta ma\u00f1ana no se sabr\u00e1 \u00a0como afectara a nuestra provincia y si tendran continuidad los dias siguientes. Os paso dos mapas previstos a nivel de superficie, uno del hirlan fuente aemet y otro del modelo gfs. Si os\u00a0fij\u00e1is\u00a0cada uno la\u00a0sit\u00faa distintamente.<\/strong><\/p>\n<p><strong><a href=\"https:\/\/blogs.diariosur.es\/tormentas-y-rayos\/2014\/03\/26\/borrasca-en-el-golfo-de-cadiz-el-viernes-lluvias-en-andalucia-occidental-el-tiempo-en-semana-santa-tendencias\/captura-286\/\" rel=\"attachment wp-att-8187\"><img loading=\"lazy\" class=\"aligncenter size-medium wp-image-8187\" title=\"Captura\" src=\"\/tormentas-y-rayos\/wp-content\/uploads\/sites\/12\/2014\/03\/Captura16.jpg\" alt=\"\" width=\"531\" height=\"400\" srcset=\"https:\/\/static-blogs.diariosur.es\/wp-content\/uploads\/sites\/12\/2014\/03\/Captura16.jpg 746w, https:\/\/static-blogs.diariosur.es\/wp-content\/uploads\/sites\/12\/2014\/03\/Captura16-532x400.jpg 532w\" sizes=\"(max-width: 531px) 100vw, 531px\" \/><\/a><\/strong><\/p>\n<p><strong><a href=\"https:\/\/blogs.diariosur.es\/tormentas-y-rayos\/2014\/03\/26\/borrasca-en-el-golfo-de-cadiz-el-viernes-lluvias-en-andalucia-occidental-el-tiempo-en-semana-santa-tendencias\/gfs-0-60-2\/\" rel=\"attachment wp-att-8188\"><img loading=\"lazy\" class=\"aligncenter size-medium wp-image-8188\" title=\"gfs-0-60\" src=\"\/tormentas-y-rayos\/wp-content\/uploads\/sites\/12\/2014\/03\/gfs-0-60.png\" alt=\"\" width=\"600\" height=\"400\" srcset=\"https:\/\/static-blogs.diariosur.es\/wp-content\/uploads\/sites\/12\/2014\/03\/gfs-0-60.png 768w, https:\/\/static-blogs.diariosur.es\/wp-content\/uploads\/sites\/12\/2014\/03\/gfs-0-60-600x400.png 600w\" sizes=\"(max-width: 600px) 100vw, 600px\" \/><\/a>Para los intereses nuestros y para que por fin llueva en M\u00e1laga, la mejor posici\u00f3n la del modelo gfs.<\/strong><\/p>\n<p><strong>EL TIEMPO EN SEMANA SANTA 2014.<\/strong><\/p>\n<p><img loading=\"lazy\" class=\"aligncenter\" src=\"https:\/\/farm4.staticflickr.com\/3822\/12921497284_15ab5e3a55_z.jpg\" alt=\"\" width=\"640\" height=\"370\" \/><\/p>\n<p><strong>Hola de nuevo amigos cofrades. Poco que contar de verdad, lo \u00fanico que os puedo decir y al igual que el dia pasado, que los primeros d\u00edas de abril se presentan inestables. Espero que la semana que viene sobre el jueves se pueda saber algo sobre el Viernes de Dolores y S\u00e1bado Santo. <\/strong><\/p>\n<p><strong>Lo mismo nos vemos ma\u00f1ana de nuevo y haremos un seguimiento de la borrasca. Os dejo con este fot\u00f3n de mis amigas Lidia y Silvia Pena N\u00e1rvaez desde Puerto Marina. Preciosos lenticularis.<\/strong><\/p>\n<p><a href=\"https:\/\/blogs.diariosur.es\/tormentas-y-rayos\/2014\/03\/26\/borrasca-en-el-golfo-de-cadiz-el-viernes-lluvias-en-andalucia-occidental-el-tiempo-en-semana-santa-tendencias\/1960904_269213053247450_1594284570_o\/\" rel=\"attachment wp-att-8189\"><img loading=\"lazy\" class=\"aligncenter size-full wp-image-8189\" title=\"1960904_269213053247450_1594284570_o\" src=\"\/tormentas-y-rayos\/wp-content\/uploads\/sites\/12\/2014\/03\/1960904_269213053247450_1594284570_o.jpg\" alt=\"\" width=\"640\" height=\"381\" \/><\/a><\/p>\n<p>&nbsp;<\/p>\n<p>&nbsp;<\/p>\n","protected":false},"excerpt":{"rendered":"<p>Buenos dias amigos de la meteo. Son las ocho y cuarto de la ma\u00f1ana, registro 11,2 grados pero la sensaci\u00f3n t\u00e9rmica es de 7 grados debido al viento. A las tres de la ma\u00f1ana el Aeropuerto Malague\u00f1o ha registrado una racha de 87 km\/h, pero destaca L\u00e1ujar de Andarax ( Almer\u00eda) con una racha de [&hellip;]<\/p>\n","protected":false},"author":16,"featured_media":8188,"comment_status":"open","ping_status":"open","sticky":false,"template":"","format":"standard","meta":[],"categories":[2],"tags":[188,358,454,569,809,903],"_links":{"self":[{"href":"https:\/\/blogs.diariosur.es\/tormentas-y-rayos\/wp-json\/wp\/v2\/posts\/8185"}],"collection":[{"href":"https:\/\/blogs.diariosur.es\/tormentas-y-rayos\/wp-json\/wp\/v2\/posts"}],"about":[{"href":"https:\/\/blogs.diariosur.es\/tormentas-y-rayos\/wp-json\/wp\/v2\/types\/post"}],"author":[{"embeddable":true,"href":"https:\/\/blogs.diariosur.es\/tormentas-y-rayos\/wp-json\/wp\/v2\/users\/16"}],"replies":[{"embeddable":true,"href":"https:\/\/blogs.diariosur.es\/tormentas-y-rayos\/wp-json\/wp\/v2\/comments?post=8185"}],"version-history":[{"count":0,"href":"https:\/\/blogs.diariosur.es\/tormentas-y-rayos\/wp-json\/wp\/v2\/posts\/8185\/revisions"}],"wp:featuredmedia":[{"embeddable":true,"href":"https:\/\/blogs.diariosur.es\/tormentas-y-rayos\/wp-json\/wp\/v2\/media\/8188"}],"wp:attachment":[{"href":"https:\/\/blogs.diariosur.es\/tormentas-y-rayos\/wp-json\/wp\/v2\/media?parent=8185"}],"wp:term":[{"taxonomy":"category","embeddable":true,"href":"https:\/\/blogs.diariosur.es\/tormentas-y-rayos\/wp-json\/wp\/v2\/categories?post=8185"},{"taxonomy":"post_tag","embeddable":true,"href":"https:\/\/blogs.diariosur.es\/tormentas-y-rayos\/wp-json\/wp\/v2\/tags?post=8185"}],"curies":[{"name":"wp","href":"https:\/\/api.w.org\/{rel}","templated":true}]}}