{"id":8190,"date":"2014-03-27T09:16:35","date_gmt":"2014-03-27T08:16:35","guid":{"rendered":"http:\/\/blogs.diariosur.es\/tormentas-y-rayos\/?p=8190"},"modified":"2014-03-27T09:16:35","modified_gmt":"2014-03-27T08:16:35","slug":"aviso-amarillo-el-viernes-por-lluvias-en-huelva-cadiz-y-sevilla-menos-mal-que-la-semana-santa-no-comienza-el-30-de-marzo","status":"publish","type":"post","link":"https:\/\/blogs.diariosur.es\/tormentas-y-rayos\/2014\/03\/27\/aviso-amarillo-el-viernes-por-lluvias-en-huelva-cadiz-y-sevilla-menos-mal-que-la-semana-santa-no-comienza-el-30-de-marzo\/","title":{"rendered":"Aviso amarillo por lluvias en M\u00e1laga, Huelva, C\u00e1diz y Sevilla.! Menos mal que la Semana Santa no comienza el 30 de marzo."},"content":{"rendered":"<p><strong>Buenos dias amigos de la meteo. Son las ocho y mediade la ma\u00f1ana, registro 11,5 grados y los cielos est\u00e1n con algunas nubes, como\u00a0pod\u00e9is\u00a0ver en esta foto. <\/strong><\/p>\n<p><img loading=\"lazy\" class=\"aligncenter\" src=\"https:\/\/farm4.staticflickr.com\/3819\/13442713294_a0210b040b_z.jpg\" alt=\"\" width=\"640\" height=\"428\" \/><\/p>\n<p>&nbsp;<\/p>\n<p><strong>La Aemet activa el aviso amarillo por lluvias en \u00a0M\u00e1laga, Huelva, C\u00e1diz y Sevilla ma\u00f1ana viernes. Este aviso comienza a las cinco de la madrugada y terminara a \u00faltima hora de la noche del viernes. Os paso el significado de los avisos.<\/strong><a href=\"https:\/\/blogs.diariosur.es\/tormentas-y-rayos\/2014\/03\/27\/aviso-amarillo-el-viernes-por-lluvias-en-huelva-cadiz-y-sevilla-menos-mal-que-la-semana-santa-no-comienza-el-30-de-marzo\/captura-287\/\" rel=\"attachment wp-att-8192\"><img loading=\"lazy\" class=\"aligncenter size-full wp-image-8192\" title=\"Captura\" src=\"\/tormentas-y-rayos\/wp-content\/uploads\/sites\/12\/2014\/03\/Captura17.jpg\" alt=\"\" width=\"451\" height=\"247\" \/><\/a><\/p>\n<p>&nbsp;<\/p>\n<p><a href=\"https:\/\/blogs.diariosur.es\/tormentas-y-rayos\/2014\/03\/27\/aviso-amarillo-el-viernes-por-lluvias-en-huelva-cadiz-y-sevilla-menos-mal-que-la-semana-santa-no-comienza-el-30-de-marzo\/captura-290\/\" rel=\"attachment wp-att-8199\"><img loading=\"lazy\" class=\"aligncenter size-full wp-image-8199\" title=\"Captura\" src=\"\/tormentas-y-rayos\/wp-content\/uploads\/sites\/12\/2014\/03\/Captura20.jpg\" alt=\"\" width=\"614\" height=\"429\" srcset=\"https:\/\/static-blogs.diariosur.es\/wp-content\/uploads\/sites\/12\/2014\/03\/Captura20.jpg 614w, https:\/\/static-blogs.diariosur.es\/wp-content\/uploads\/sites\/12\/2014\/03\/Captura20-572x400.jpg 572w\" sizes=\"(max-width: 614px) 100vw, 614px\" \/><\/a><\/p>\n<p>&nbsp;<\/p>\n<p>&nbsp;<\/p>\n<p><strong>Estas lluvias que comenzaran ma\u00f1ana ser\u00e1n producidas por la formaci\u00f3n de una borrasca durante el dia de hoy, y que se profundizara un poco al llegar al Cabo de San Vicente.<\/strong><\/p>\n<p><strong>\u00a0Pero primero os paso una imagen del satelite eumetsat y el mapa de superficie del hirlam \u00a0para que la ve\u00e1is donde est\u00e1 ahora mismo ok?.<\/strong><\/p>\n<p><a href=\"https:\/\/blogs.diariosur.es\/tormentas-y-rayos\/2014\/03\/27\/aviso-amarillo-el-viernes-por-lluvias-en-huelva-cadiz-y-sevilla-menos-mal-que-la-semana-santa-no-comienza-el-30-de-marzo\/webexterna_colorir87_06-30-2\/\" rel=\"attachment wp-att-8193\"><img loading=\"lazy\" class=\"aligncenter size-medium wp-image-8193\" title=\"webexterna_ColorIR87_[06-30]\" src=\"\/tormentas-y-rayos\/wp-content\/uploads\/sites\/12\/2014\/03\/webexterna_ColorIR87_06-30.jpg\" alt=\"\" width=\"579\" height=\"400\" srcset=\"https:\/\/static-blogs.diariosur.es\/wp-content\/uploads\/sites\/12\/2014\/03\/webexterna_ColorIR87_06-30.jpg 750w, https:\/\/static-blogs.diariosur.es\/wp-content\/uploads\/sites\/12\/2014\/03\/webexterna_ColorIR87_06-30-579x400.jpg 579w\" sizes=\"(max-width: 579px) 100vw, 579px\" \/><\/a><a href=\"https:\/\/blogs.diariosur.es\/tormentas-y-rayos\/2014\/03\/27\/aviso-amarillo-el-viernes-por-lluvias-en-huelva-cadiz-y-sevilla-menos-mal-que-la-semana-santa-no-comienza-el-30-de-marzo\/captura-288\/\" rel=\"attachment wp-att-8194\"><img loading=\"lazy\" class=\"aligncenter size-medium wp-image-8194\" title=\"Captura\" src=\"\/tormentas-y-rayos\/wp-content\/uploads\/sites\/12\/2014\/03\/Captura18.jpg\" alt=\"\" width=\"600\" height=\"384\" srcset=\"https:\/\/static-blogs.diariosur.es\/wp-content\/uploads\/sites\/12\/2014\/03\/Captura18.jpg 717w, https:\/\/static-blogs.diariosur.es\/wp-content\/uploads\/sites\/12\/2014\/03\/Captura18-623x400.jpg 623w\" sizes=\"(max-width: 600px) 100vw, 600px\" \/><\/a><\/p>\n<p><strong>\u00a0Ayer\u00a0hab\u00eda\u00a0disparidad entre algunos modelos a la hora de situarla. Al final tanto el Hirlam como el Gfs la\u00a0sit\u00faan\u00a0cerca del Cabo de San Vicente como\u00a0pod\u00e9is\u00a0ver en estos dos mapas previstos a la misma hora.\u00a0<\/strong><\/p>\n<p><a href=\"https:\/\/blogs.diariosur.es\/tormentas-y-rayos\/2014\/03\/27\/aviso-amarillo-el-viernes-por-lluvias-en-huelva-cadiz-y-sevilla-menos-mal-que-la-semana-santa-no-comienza-el-30-de-marzo\/cabo\/\" rel=\"attachment wp-att-8195\"><img loading=\"lazy\" class=\"aligncenter size-medium wp-image-8195\" title=\"cabo\" src=\"\/tormentas-y-rayos\/wp-content\/uploads\/sites\/12\/2014\/03\/cabo.jpg\" alt=\"\" width=\"564\" height=\"400\" srcset=\"https:\/\/static-blogs.diariosur.es\/wp-content\/uploads\/sites\/12\/2014\/03\/cabo.jpg 745w, https:\/\/static-blogs.diariosur.es\/wp-content\/uploads\/sites\/12\/2014\/03\/cabo-564x400.jpg 564w\" sizes=\"(max-width: 564px) 100vw, 564px\" \/><\/a><a href=\"https:\/\/blogs.diariosur.es\/tormentas-y-rayos\/2014\/03\/27\/aviso-amarillo-el-viernes-por-lluvias-en-huelva-cadiz-y-sevilla-menos-mal-que-la-semana-santa-no-comienza-el-30-de-marzo\/caboo\/\" rel=\"attachment wp-att-8196\"><img loading=\"lazy\" class=\"aligncenter size-medium wp-image-8196\" title=\"caboo\" src=\"\/tormentas-y-rayos\/wp-content\/uploads\/sites\/12\/2014\/03\/caboo.png\" alt=\"\" width=\"600\" height=\"400\" srcset=\"https:\/\/static-blogs.diariosur.es\/wp-content\/uploads\/sites\/12\/2014\/03\/caboo.png 768w, https:\/\/static-blogs.diariosur.es\/wp-content\/uploads\/sites\/12\/2014\/03\/caboo-600x400.png 600w\" sizes=\"(max-width: 600px) 100vw, 600px\" \/><\/a><\/p>\n<p><strong><span style=\"color: #ff0000;\">Y ahora viene el lio de monte pio jijiji, seg\u00fan donde se coloque nuestra amiga, afectara en mayor o menor medida a Andaluc\u00eda Occidental y en este caso sobre todo a la provincia malague\u00f1a que est\u00e1 mas al oeste. Para que llueva mas en toda la provincia malague\u00f1a\u00a0deber\u00eda\u00a0de bajar un poco mas de donde la\u00a0sit\u00faan\u00a0ahora y acercarse al Golfo y ademas se\u00a0tendr\u00eda\u00a0que profundizar un poco mas.\u00a0Seg\u00fan\u00a0el modelo hirlam de lluvias en\u00a0su ultima actualizaci\u00f3n, donde mas litros se\u00a0recoger\u00edan\u00a0seria en la zona mas occidental de nuestra provincia malague\u00f1a. Durante el dia de hoy iremos viendo la evoluci\u00f3n de esta borrasca y ma\u00f1ana de nuevo\u00a0abrir\u00e9 un nuevo post para ver si hay cambios.<\/span><\/strong><\/p>\n<p>&nbsp;<\/p>\n<p><span style=\"color: #0000ff;\"><strong>\u00a0EL TIEMPO EN SEMANA SANTA\u00a0<\/strong><\/span><\/p>\n<p><img loading=\"lazy\" class=\"aligncenter\" src=\"https:\/\/farm4.staticflickr.com\/3822\/12921497284_15ab5e3a55_z.jpg\" alt=\"\" width=\"640\" height=\"370\" \/><\/p>\n<p>&nbsp;<\/p>\n<p><strong>Hola de nuevo amigos cofrades. Ayer lo comentaba por facebook, y a mis compa\u00f1eros de trabajo, menos mal que este a\u00f1o la Semana Santa no comienza el 30 de marzo. Si hubiera sido asi, estar\u00edamos hablando de una Semana Santa muy lluviosa en la\u00a0mayor\u00eda\u00a0de los dias.<\/strong><\/p>\n<p><img loading=\"lazy\" class=\"aligncenter\" src=\"https:\/\/farm4.staticflickr.com\/3824\/12921085735_df819d7eae.jpg\" alt=\"\" width=\"400\" height=\"464\" \/><\/p>\n<p>&nbsp;<\/p>\n<p><strong>Fijaros en este mapa.<\/strong><\/p>\n<p><a href=\"https:\/\/blogs.diariosur.es\/tormentas-y-rayos\/2014\/03\/27\/aviso-amarillo-el-viernes-por-lluvias-en-huelva-cadiz-y-sevilla-menos-mal-que-la-semana-santa-no-comienza-el-30-de-marzo\/captura-289\/\" rel=\"attachment wp-att-8197\"><img loading=\"lazy\" class=\"aligncenter size-medium wp-image-8197\" title=\"Captura\" src=\"\/tormentas-y-rayos\/wp-content\/uploads\/sites\/12\/2014\/03\/Captura19.jpg\" alt=\"\" width=\"510\" height=\"400\" srcset=\"https:\/\/static-blogs.diariosur.es\/wp-content\/uploads\/sites\/12\/2014\/03\/Captura19.jpg 765w, https:\/\/static-blogs.diariosur.es\/wp-content\/uploads\/sites\/12\/2014\/03\/Captura19-511x400.jpg 511w\" sizes=\"(max-width: 510px) 100vw, 510px\" \/><\/a><\/p>\n<p><strong>Ya veremos que \u00a0ocurre esta\u00a0pr\u00f3xima\u00a0semana y si tienen continuidad esas lluvias la segunda semana de abril. Poco mas que contaros.\u00a0<\/strong><\/p>\n<p><strong>Os dejo con una foto del amanecer que fotografi\u00e9 ayer mi\u00e9rcoles. El sol ya no sale por el mar desde la Playa de la Misericordia como\u00a0pod\u00e9is\u00a0ver en la foto,\u00a0habr\u00eda\u00a0que irse a Benalmadena \u00a0para seguir\u00a0vi\u00e9ndolo\u00a0unas\u00a0semanas mas.<\/strong><\/p>\n<p><img loading=\"lazy\" class=\"aligncenter\" src=\"https:\/\/farm8.staticflickr.com\/7158\/13442395953_90d50a5368_z.jpg\" alt=\"\" width=\"640\" height=\"390\" \/><\/p>\n<p>&nbsp;<\/p>\n<p>&nbsp;<\/p>\n","protected":false},"excerpt":{"rendered":"<p>Buenos dias amigos de la meteo. Son las ocho y mediade la ma\u00f1ana, registro 11,5 grados y los cielos est\u00e1n con algunas nubes, como\u00a0pod\u00e9is\u00a0ver en esta foto. &nbsp; La Aemet activa el aviso amarillo por lluvias en \u00a0M\u00e1laga, Huelva, C\u00e1diz y Sevilla ma\u00f1ana viernes. Este aviso comienza a las cinco de la madrugada y terminara [&hellip;]<\/p>\n","protected":false},"author":16,"featured_media":8199,"comment_status":"open","ping_status":"open","sticky":false,"template":"","format":"standard","meta":[],"categories":[2],"tags":[63,94,100,151,188,204,358,453,491,569,587,903,910],"_links":{"self":[{"href":"https:\/\/blogs.diariosur.es\/tormentas-y-rayos\/wp-json\/wp\/v2\/posts\/8190"}],"collection":[{"href":"https:\/\/blogs.diariosur.es\/tormentas-y-rayos\/wp-json\/wp\/v2\/posts"}],"about":[{"href":"https:\/\/blogs.diariosur.es\/tormentas-y-rayos\/wp-json\/wp\/v2\/types\/post"}],"author":[{"embeddable":true,"href":"https:\/\/blogs.diariosur.es\/tormentas-y-rayos\/wp-json\/wp\/v2\/users\/16"}],"replies":[{"embeddable":true,"href":"https:\/\/blogs.diariosur.es\/tormentas-y-rayos\/wp-json\/wp\/v2\/comments?post=8190"}],"version-history":[{"count":0,"href":"https:\/\/blogs.diariosur.es\/tormentas-y-rayos\/wp-json\/wp\/v2\/posts\/8190\/revisions"}],"wp:featuredmedia":[{"embeddable":true,"href":"https:\/\/blogs.diariosur.es\/tormentas-y-rayos\/wp-json\/wp\/v2\/media\/8199"}],"wp:attachment":[{"href":"https:\/\/blogs.diariosur.es\/tormentas-y-rayos\/wp-json\/wp\/v2\/media?parent=8190"}],"wp:term":[{"taxonomy":"category","embeddable":true,"href":"https:\/\/blogs.diariosur.es\/tormentas-y-rayos\/wp-json\/wp\/v2\/categories?post=8190"},{"taxonomy":"post_tag","embeddable":true,"href":"https:\/\/blogs.diariosur.es\/tormentas-y-rayos\/wp-json\/wp\/v2\/tags?post=8190"}],"curies":[{"name":"wp","href":"https:\/\/api.w.org\/{rel}","templated":true}]}}