{"id":8200,"date":"2014-03-28T07:56:13","date_gmt":"2014-03-28T06:56:13","guid":{"rendered":"http:\/\/blogs.diariosur.es\/tormentas-y-rayos\/?p=8200"},"modified":"2014-03-28T07:56:13","modified_gmt":"2014-03-28T06:56:13","slug":"aviso-amarillo-por-lluvias-la-borrasca-se-paseara-por-la-costa-norte-de-marruecos-el-tiempo-en-semana-santa-prevision-primera-semana-de-abril","status":"publish","type":"post","link":"https:\/\/blogs.diariosur.es\/tormentas-y-rayos\/2014\/03\/28\/aviso-amarillo-por-lluvias-la-borrasca-se-paseara-por-la-costa-norte-de-marruecos-el-tiempo-en-semana-santa-prevision-primera-semana-de-abril\/","title":{"rendered":"Aviso amarillo por lluvias. La borrasca se paseara por la costa norte de Marruecos. El tiempo en Semana Santa previsi\u00f3n primera semana de abril."},"content":{"rendered":"<p>&nbsp;<\/p>\n<p><strong><span style=\"color: #0000ff;\">Buenos d\u00edas amigos de la meteo. Son las seis de la ma\u00f1ana, registro 13,8 grados y los cielos est\u00e1n nubosos. El frente fr\u00edo asociado a la borrasca ya deja lluvias moderadas en la provincia de Huelva. En las dem\u00e1s provincias de momento solo se han registrado leves chubascos, como es el caso de Sevilla y C\u00e1diz<\/span><span style=\"color: #ff00ff;\">. <\/span><\/strong><\/p>\n<p><strong><span style=\"color: #ff00ff;\">\u00a0<\/span><\/strong><\/p>\n<p><a href=\"https:\/\/blogs.diariosur.es\/tormentas-y-rayos\/2014\/03\/28\/aviso-amarillo-por-lluvias-la-borrasca-se-paseara-por-la-costa-norte-de-marruecos-el-tiempo-en-semana-santa-prevision-primera-semana-de-abril\/lllubi\/\" rel=\"attachment wp-att-8207\"><img loading=\"lazy\" class=\"aligncenter size-full wp-image-8207\" title=\"lllubi\" src=\"\/tormentas-y-rayos\/wp-content\/uploads\/sites\/12\/2014\/03\/lllubi.jpg\" alt=\"\" width=\"391\" height=\"199\" \/><\/a><\/p>\n<p><strong><span style=\"color: #ff00ff;\">ACTUALIZACI\u00d3N\u00a0OCHO MENOS CUARTO: SE REGISTRAN CHUBASCOS EN LA PARTE MAS OCCIDENTAL DE LA COSTA DE LA PROVINCIA\u00a0MALAGUE\u00d1A.<\/span><\/strong><\/p>\n<p><span style=\"color: #0000ff;\"><strong>Os paso la imagen del satelite eumetsat fuente meteogalicia.\u00a0<\/strong><\/span><\/p>\n<p><span style=\"color: #0000ff;\"><a href=\"https:\/\/blogs.diariosur.es\/tormentas-y-rayos\/2014\/03\/28\/aviso-amarillo-por-lluvias-la-borrasca-se-paseara-por-la-costa-norte-de-marruecos-el-tiempo-en-semana-santa-prevision-primera-semana-de-abril\/webexterna_colorir87_05-15-3\/\" rel=\"attachment wp-att-8204\"><span style=\"color: #0000ff;\"><img loading=\"lazy\" class=\"aligncenter size-medium wp-image-8204\" title=\"webexterna_ColorIR87_[05-15]\" src=\"\/tormentas-y-rayos\/wp-content\/uploads\/sites\/12\/2014\/03\/webexterna_ColorIR87_05-15.jpg\" alt=\"\" width=\"579\" height=\"400\" srcset=\"https:\/\/static-blogs.diariosur.es\/wp-content\/uploads\/sites\/12\/2014\/03\/webexterna_ColorIR87_05-15.jpg 750w, https:\/\/static-blogs.diariosur.es\/wp-content\/uploads\/sites\/12\/2014\/03\/webexterna_ColorIR87_05-15-579x400.jpg 579w\" sizes=\"(max-width: 579px) 100vw, 579px\" \/><\/span><\/a><\/span><\/p>\n<p>&nbsp;<\/p>\n<p>&nbsp;<\/p>\n<p><span style=\"color: #0000ff;\"><strong>Ayer os comentaba en el post que seg\u00fan donde se posicionara esta borrasca, dejar\u00eda mas o menos agua en la provincia malague\u00f1a. De momento la tenemos al oeste del Cabo de San Vicente y durante el dia de hoy se acercar\u00e1 al noroeste de Marruecos, para luego mas tarde pasearse por la costa norte de Marruecos. Os paso la secuencia prevista en superficie del modelo hirlam.<\/strong><\/span><\/p>\n<p><span style=\"color: #0000ff;\"><a href=\"https:\/\/blogs.diariosur.es\/tormentas-y-rayos\/2014\/03\/28\/aviso-amarillo-por-lluvias-la-borrasca-se-paseara-por-la-costa-norte-de-marruecos-el-tiempo-en-semana-santa-prevision-primera-semana-de-abril\/1-42\/\" rel=\"attachment wp-att-8205\"><span style=\"color: #0000ff;\"><img loading=\"lazy\" class=\"aligncenter size-medium wp-image-8205\" title=\"1\" src=\"\/tormentas-y-rayos\/wp-content\/uploads\/sites\/12\/2014\/03\/1.jpg\" alt=\"\" width=\"600\" height=\"392\" srcset=\"https:\/\/static-blogs.diariosur.es\/wp-content\/uploads\/sites\/12\/2014\/03\/1.jpg 708w, https:\/\/static-blogs.diariosur.es\/wp-content\/uploads\/sites\/12\/2014\/03\/1-612x400.jpg 612w\" sizes=\"(max-width: 600px) 100vw, 600px\" \/><\/span><\/a><a href=\"https:\/\/blogs.diariosur.es\/tormentas-y-rayos\/2014\/03\/28\/aviso-amarillo-por-lluvias-la-borrasca-se-paseara-por-la-costa-norte-de-marruecos-el-tiempo-en-semana-santa-prevision-primera-semana-de-abril\/2-37\/\" rel=\"attachment wp-att-8206\"><span style=\"color: #0000ff;\"><img loading=\"lazy\" class=\"aligncenter size-medium wp-image-8206\" title=\"2\" src=\"\/tormentas-y-rayos\/wp-content\/uploads\/sites\/12\/2014\/03\/2.jpg\" alt=\"\" width=\"600\" height=\"391\" srcset=\"https:\/\/static-blogs.diariosur.es\/wp-content\/uploads\/sites\/12\/2014\/03\/2.jpg 712w, https:\/\/static-blogs.diariosur.es\/wp-content\/uploads\/sites\/12\/2014\/03\/2-612x400.jpg 612w\" sizes=\"(max-width: 600px) 100vw, 600px\" \/><\/span><\/a><\/span><\/p>\n<p>&nbsp;<\/p>\n<p><span style=\"color: #0000ff;\"><strong>\u00a0Si se cumple este modelo, las lluvias mas abundantes se dar\u00edan en la zona occidental de nuestra provincia a partir del mediod\u00eda, siendo menos abundantes en la parte oriental. Como el paso de \u00a0la borrasca es lenta, al principio el viento soplara de levante durante varias horas ( como todos sab\u00e9is el levante es llovedor) para luego mas tarde ir girando al oeste a \u00faltima hora de esta noche y noroeste el s\u00e1bado. El s\u00e1bado de madrugada espero lluvias tambi\u00e9n, asi como a primeras horas de la ma\u00f1ana. Luego no tengo muy claro si se registrar\u00edan precipitaciones durante la tarde del s\u00e1bado, si estas \u00a0se dan, serian mas probables en el norte de nuestra provincia.<\/strong><\/span><\/p>\n<p><span style=\"color: #0000ff;\"><strong>Sobre el domingo hablaremos mejor ma\u00f1ana, ya que se espera que un frente fr\u00edo cruce Andaluc\u00eda.\u00a0Seg\u00fan\u00a0los modelos \u00a0los chubascos no\u00a0llegar\u00edan\u00a0a M\u00e1laga hasta ultima hora de la tarde noche. En cambio a la zona mas occidental de\u00a0Andaluc\u00eda\u00a0llegar\u00edan\u00a0sobre el\u00a0mediod\u00eda.<\/strong><\/span><\/p>\n<p><strong>\u00a0<\/strong><\/p>\n<p>&nbsp;<\/p>\n<p>&nbsp;<\/p>\n<p><span style=\"color: #ff0000;\"><strong>Os hago un peque\u00f1o resumen de ayer jueves. La m\u00e1xima de Andaluc\u00eda la dio M\u00e1laga, pero en el Centro Meteorol\u00f3gico con 20,2 grados, mientras en la otra estaci\u00f3n que tiene la Aemet en el Puerto Malague\u00f1o no se paso de los 16, 7 grados en todo el dia. Incluso a las tres de la tarde bajo a los 14,6 grados. Esto se debi\u00f3 al viento de poniente que entraba en esta zona, mientras en la zona de Teatinos este aire venia mas aterralado.<\/strong><\/span><\/p>\n<p><span style=\"color: #ff0000;\"><strong>Os paso los gr\u00e1ficos.<\/strong><\/span><\/p>\n<p><span style=\"color: #ff0000;\"><a href=\"https:\/\/blogs.diariosur.es\/tormentas-y-rayos\/2014\/03\/28\/aviso-amarillo-por-lluvias-la-borrasca-se-paseara-por-la-costa-norte-de-marruecos-el-tiempo-en-semana-santa-prevision-primera-semana-de-abril\/captura-291\/\" rel=\"attachment wp-att-8201\"><span style=\"color: #ff0000;\"><img loading=\"lazy\" class=\"aligncenter size-medium wp-image-8201\" title=\"Captura\" src=\"\/tormentas-y-rayos\/wp-content\/uploads\/sites\/12\/2014\/03\/Captura21.jpg\" alt=\"\" width=\"600\" height=\"239\" srcset=\"https:\/\/static-blogs.diariosur.es\/wp-content\/uploads\/sites\/12\/2014\/03\/Captura21.jpg 738w, https:\/\/static-blogs.diariosur.es\/wp-content\/uploads\/sites\/12\/2014\/03\/Captura21-640x256.jpg 640w\" sizes=\"(max-width: 600px) 100vw, 600px\" \/><\/span><\/a><a href=\"https:\/\/blogs.diariosur.es\/tormentas-y-rayos\/2014\/03\/28\/aviso-amarillo-por-lluvias-la-borrasca-se-paseara-por-la-costa-norte-de-marruecos-el-tiempo-en-semana-santa-prevision-primera-semana-de-abril\/teatinos-7\/\" rel=\"attachment wp-att-8202\"><span style=\"color: #ff0000;\"><img loading=\"lazy\" class=\"aligncenter size-medium wp-image-8202\" title=\"teatinos\" src=\"\/tormentas-y-rayos\/wp-content\/uploads\/sites\/12\/2014\/03\/teatinos.jpg\" alt=\"\" width=\"600\" height=\"238\" srcset=\"https:\/\/static-blogs.diariosur.es\/wp-content\/uploads\/sites\/12\/2014\/03\/teatinos.jpg 751w, https:\/\/static-blogs.diariosur.es\/wp-content\/uploads\/sites\/12\/2014\/03\/teatinos-640x255.jpg 640w\" sizes=\"(max-width: 600px) 100vw, 600px\" \/><\/span><\/a><\/span><\/p>\n<p>&nbsp;<\/p>\n<p><span style=\"color: #ff0000;\"><strong>Os puedo asegurar que en la zona de la Playa de la Misericordia el poniente soplaba fuerte y levantaba mucha arena.<\/strong><\/span><\/p>\n<p><span style=\"color: #ff0000;\"><img loading=\"lazy\" class=\"aligncenter\" src=\"https:\/\/farm3.staticflickr.com\/2838\/13450505804_13b6978ccc_z.jpg\" alt=\"\" width=\"640\" height=\"427\" \/><\/span><\/p>\n<p><span style=\"color: #ff0000;\"><strong>Muchos se marcharon y los que llegaban enseguida se iban.<\/strong><\/span><\/p>\n<p><span style=\"color: #ff0000;\"><img loading=\"lazy\" class=\"aligncenter\" src=\"https:\/\/farm8.staticflickr.com\/7255\/13450517734_ed8febc2d0_z.jpg\" alt=\"\" width=\"640\" height=\"427\" \/><\/span><\/p>\n<p><span style=\"color: #ff0000;\"><strong>El cielo estaba precioso, los\u00a0c\u00famulos\u00a0y los cirros eran los protagonistas.<\/strong><\/span><\/p>\n<p><span style=\"color: #ff0000;\"><img loading=\"lazy\" class=\"aligncenter\" src=\"https:\/\/farm8.staticflickr.com\/7302\/13450270923_ae9898710c_z.jpg\" alt=\"\" width=\"640\" height=\"427\" \/><\/span><\/p>\n<p><span style=\"color: #ff0000;\"><strong>Como no se pod\u00eda\u00a0estar en la playa, tire para el paseo y\u00a0prob\u00e9\u00a0hacer macros los cuales me salieron bastante bien. Si quereis ver mas, pinchar en mi\u00a0galer\u00eda\u00a0que\u00a0ten\u00e9is\u00a0en el lateral derecho del blog.<\/strong><\/span><\/p>\n<p><span style=\"color: #ff0000;\"><img loading=\"lazy\" class=\"aligncenter\" src=\"https:\/\/farm4.staticflickr.com\/3815\/13449595253_dace39bfbf_z.jpg\" alt=\"\" width=\"640\" height=\"523\" \/><\/span><\/p>\n<p><span style=\"color: #ff0000;\"><strong>Por la tarde el cielo ya empezaba a mostrar las se\u00f1ales del cambio de tiempo que se espera hoy. Los borreguitos eran los protagonistas. Y poco mas que contar amigos sobre el dia de ayer.<\/strong><\/span><\/p>\n<p><span style=\"color: #ff0000;\"><img loading=\"lazy\" class=\"aligncenter\" src=\"https:\/\/farm8.staticflickr.com\/7440\/13450137795_6163cf76b1_z.jpg\" alt=\"\" width=\"640\" height=\"427\" \/><\/span><\/p>\n<p>&nbsp;<\/p>\n<p><span style=\"color: #ff0000;\"><strong>EL TIEMPO EN SEMANA SANTA 2014 TENDENCIAS MES DE ABRIL.<\/strong><\/span><\/p>\n<p><img loading=\"lazy\" class=\"aligncenter\" src=\"https:\/\/farm4.staticflickr.com\/3822\/12921497284_15ab5e3a55_z.jpg\" alt=\"\" width=\"640\" height=\"370\" \/><\/p>\n<p><strong>Poco que contar a lo que os comente ayer amigos cofrades. La tendencia para la primera semana de Abril, sigue siendo lluviosa en buena parte de Andaluc\u00eda. Se que me repito mucho, pero aun no se pueden dar previsiones. Os dejo hasta ma\u00f1ana con esta foto de hace pocos minutos. Las nubes de levante las protagonistas.<\/strong><\/p>\n<p><a href=\"https:\/\/blogs.diariosur.es\/tormentas-y-rayos\/2014\/03\/28\/aviso-amarillo-por-lluvias-la-borrasca-se-paseara-por-la-costa-norte-de-marruecos-el-tiempo-en-semana-santa-prevision-primera-semana-de-abril\/001-14\/\" rel=\"attachment wp-att-8208\"><img loading=\"lazy\" class=\"aligncenter size-full wp-image-8208\" title=\"001\" src=\"\/tormentas-y-rayos\/wp-content\/uploads\/sites\/12\/2014\/03\/001.jpg\" alt=\"\" width=\"640\" height=\"427\" srcset=\"https:\/\/static-blogs.diariosur.es\/wp-content\/uploads\/sites\/12\/2014\/03\/001.jpg 640w, https:\/\/static-blogs.diariosur.es\/wp-content\/uploads\/sites\/12\/2014\/03\/001-600x400.jpg 600w\" sizes=\"(max-width: 640px) 100vw, 640px\" \/><\/a><\/p>\n<p>&nbsp;<\/p>\n<p>&nbsp;<\/p>\n","protected":false},"excerpt":{"rendered":"<p>&nbsp; Buenos d\u00edas amigos de la meteo. Son las seis de la ma\u00f1ana, registro 13,8 grados y los cielos est\u00e1n nubosos. El frente fr\u00edo asociado a la borrasca ya deja lluvias moderadas en la provincia de Huelva. En las dem\u00e1s provincias de momento solo se han registrado leves chubascos, como es el caso de Sevilla [&hellip;]<\/p>\n","protected":false},"author":16,"featured_media":8206,"comment_status":"open","ping_status":"open","sticky":false,"template":"","format":"standard","meta":[],"categories":[2],"tags":[14,94,100,151,358,569,811,903,967],"_links":{"self":[{"href":"https:\/\/blogs.diariosur.es\/tormentas-y-rayos\/wp-json\/wp\/v2\/posts\/8200"}],"collection":[{"href":"https:\/\/blogs.diariosur.es\/tormentas-y-rayos\/wp-json\/wp\/v2\/posts"}],"about":[{"href":"https:\/\/blogs.diariosur.es\/tormentas-y-rayos\/wp-json\/wp\/v2\/types\/post"}],"author":[{"embeddable":true,"href":"https:\/\/blogs.diariosur.es\/tormentas-y-rayos\/wp-json\/wp\/v2\/users\/16"}],"replies":[{"embeddable":true,"href":"https:\/\/blogs.diariosur.es\/tormentas-y-rayos\/wp-json\/wp\/v2\/comments?post=8200"}],"version-history":[{"count":0,"href":"https:\/\/blogs.diariosur.es\/tormentas-y-rayos\/wp-json\/wp\/v2\/posts\/8200\/revisions"}],"wp:featuredmedia":[{"embeddable":true,"href":"https:\/\/blogs.diariosur.es\/tormentas-y-rayos\/wp-json\/wp\/v2\/media\/8206"}],"wp:attachment":[{"href":"https:\/\/blogs.diariosur.es\/tormentas-y-rayos\/wp-json\/wp\/v2\/media?parent=8200"}],"wp:term":[{"taxonomy":"category","embeddable":true,"href":"https:\/\/blogs.diariosur.es\/tormentas-y-rayos\/wp-json\/wp\/v2\/categories?post=8200"},{"taxonomy":"post_tag","embeddable":true,"href":"https:\/\/blogs.diariosur.es\/tormentas-y-rayos\/wp-json\/wp\/v2\/tags?post=8200"}],"curies":[{"name":"wp","href":"https:\/\/api.w.org\/{rel}","templated":true}]}}