{"id":8209,"date":"2014-03-29T07:43:17","date_gmt":"2014-03-29T06:43:17","guid":{"rendered":"http:\/\/blogs.diariosur.es\/tormentas-y-rayos\/?p=8209"},"modified":"2014-03-29T07:43:17","modified_gmt":"2014-03-29T06:43:17","slug":"prevision-del-tiempo-fin-de-semana-porque-no-llovio-en-malaga-capital-el-tiempo-en-semana-santa-tendencias-mes-de-abril","status":"publish","type":"post","link":"https:\/\/blogs.diariosur.es\/tormentas-y-rayos\/2014\/03\/29\/prevision-del-tiempo-fin-de-semana-porque-no-llovio-en-malaga-capital-el-tiempo-en-semana-santa-tendencias-mes-de-abril\/","title":{"rendered":"Previsi\u00f3n del tiempo fin de semana. Porque no llovi\u00f3 en M\u00e1laga Capital. El tiempo en Semana Santa tendencias mes de abril."},"content":{"rendered":"<p><span style=\"color: #ff0000;\"><strong>Hola amigos de la meteo, antes de nada me gustar\u00eda haceros y hacerme una pregunta. \u00bf Qu\u00e9 hubiera pasado si ayer viernes hubiera sido Viernes Santo?, me refiero a M\u00e1laga Capital. Por lo pronto la gran mayor\u00eda de procesiones no hubieran salido, yo soy hermano mayor de una cofrad\u00eda y os aseguro que no salgo. Primero que est\u00e1bamos en aviso amarillo y segundo que hab\u00eda un pedazo de moco verde en el radar que se dirig\u00eda lentamente para M\u00e1laga. Eso si, tan lentamente que al final se quedo est\u00e1tico en la zona oeste de nuestra provincia, dejando acumulados de mas de 40 litros. A la Aemet le llover\u00edan y nunca mejor dicho las criticas, a los hermanos mayores ni os cuento y a mi seguro que me mand\u00e1is a la hoguera, hasta mi pareja estaba con cachondeito pregunt\u00e1ndome a cada minuto \u00bf Jose va a llover&#8230;.. o tiendo la lavadora? jijijiji, la pr\u00f3xima vez os aseguro que no le digo nada y se le mojara la ropa.<\/strong><\/span><\/p>\n<p><span style=\"color: #ff0000;\"><strong>Esta borrasca se ha ido rellenando r\u00e1pidamente y el frente fr\u00edo que le acompa\u00f1aba se ha ido degastando a medida que se acercaba tan lentamente. <\/strong><\/span><\/p>\n<p><span style=\"color: #ff0000;\"><strong>Todo este rollo que os he soltado es para que reflexion\u00e9is y comprend\u00e1is lo dif\u00edcil que es la meteorolog\u00eda y que hay situaciones impredecibles a pocas horas. Ni os cuento cuando me pregunt\u00e1is que tiempo har\u00e1\u00a0 en \u00a0Semana Santa. <\/strong><\/span><\/p>\n<p><strong><span style=\"color: #0000ff;\">Dicho esto, buenos dias amigos de la meteo, son las siete de la ma\u00f1ana, registro 10 \u00a0grados y<\/span><span style=\"color: #ff00ff;\"> llueve \u00a0en M\u00e1laga Capital<\/span><span style=\"color: #0000ff;\">. <\/span><\/strong><\/p>\n<p><a href=\"https:\/\/blogs.diariosur.es\/tormentas-y-rayos\/2014\/03\/29\/prevision-del-tiempo-fin-de-semana-porque-no-llovio-en-malaga-capital-el-tiempo-en-semana-santa-tendencias-mes-de-abril\/002-7\/\" rel=\"attachment wp-att-8215\"><img loading=\"lazy\" class=\"aligncenter size-full wp-image-8215\" title=\"002\" src=\"\/tormentas-y-rayos\/wp-content\/uploads\/sites\/12\/2014\/03\/002.jpg\" alt=\"\" width=\"640\" height=\"427\" srcset=\"https:\/\/static-blogs.diariosur.es\/wp-content\/uploads\/sites\/12\/2014\/03\/002.jpg 640w, https:\/\/static-blogs.diariosur.es\/wp-content\/uploads\/sites\/12\/2014\/03\/002-600x400.jpg 600w\" sizes=\"(max-width: 640px) 100vw, 640px\" \/><\/a><\/p>\n<p><strong><span style=\"color: #0000ff;\">Esta lluvia nos acompa\u00f1ara hasta primeras horas de la ma\u00f1ana, para luego mas tarde afectarnos chubascos posfrontales en algunos puntos de la provincia cuando gire el viento al noroeste. Estos chubascos\u00a0ser\u00e1n\u00a0mas probables en el interior.<\/span><\/strong><\/p>\n<p><span style=\"color: #008000;\"><strong>Ma\u00f1ana Domingo no espero lluvias en la provincia malague\u00f1a, el frente que se espera por la tarde afectara en mayor medida a la zona mas occidental de Andaluc\u00eda. Poco mas que contar amigos.<\/strong><\/span><\/p>\n<p><span style=\"color: #0000ff;\"><strong>Os hago un peque\u00f1o resumen del dia de ayer en nuestra provincia, donde la lluvia fue la protagonista en la zona occidental. Cortes de la\u00a0Frontera\u00a0acumulo ayer 47 litros, Alpandeire 38 y asi registros de 25 litros en muchos\u00a0puntos.<\/strong><\/span><\/p>\n<p><a href=\"https:\/\/blogs.diariosur.es\/tormentas-y-rayos\/2014\/03\/29\/prevision-del-tiempo-fin-de-semana-porque-no-llovio-en-malaga-capital-el-tiempo-en-semana-santa-tendencias-mes-de-abril\/viernes-20\/\" rel=\"attachment wp-att-8210\"><img loading=\"lazy\" class=\"aligncenter size-full wp-image-8210\" title=\"viernes\" src=\"\/tormentas-y-rayos\/wp-content\/uploads\/sites\/12\/2014\/03\/viernes.jpg\" alt=\"\" width=\"373\" height=\"187\" \/><\/a><\/p>\n<p><span style=\"color: #ff0000;\"><strong>Mi amigo \u00c1lvaro Gordillo Cobos cazo un doble \u00a0arcoiris en la zona de Benaojan, el arcoiris se daba concretamente en la Cueva del Gato. Una pasada amigo, gracias por compartirlo.<\/strong><\/span><\/p>\n<p><a href=\"https:\/\/blogs.diariosur.es\/tormentas-y-rayos\/2014\/03\/29\/prevision-del-tiempo-fin-de-semana-porque-no-llovio-en-malaga-capital-el-tiempo-en-semana-santa-tendencias-mes-de-abril\/1617900_824145100933144_1017479571_o\/\" rel=\"attachment wp-att-8211\"><img loading=\"lazy\" class=\"aligncenter size-full wp-image-8211\" title=\"1617900_824145100933144_1017479571_o\" src=\"\/tormentas-y-rayos\/wp-content\/uploads\/sites\/12\/2014\/03\/1617900_824145100933144_1017479571_o.jpg\" alt=\"\" width=\"640\" height=\"480\" srcset=\"https:\/\/static-blogs.diariosur.es\/wp-content\/uploads\/sites\/12\/2014\/03\/1617900_824145100933144_1017479571_o.jpg 640w, https:\/\/static-blogs.diariosur.es\/wp-content\/uploads\/sites\/12\/2014\/03\/1617900_824145100933144_1017479571_o-533x400.jpg 533w\" sizes=\"(max-width: 640px) 100vw, 640px\" \/><\/a><\/p>\n<p>&nbsp;<\/p>\n<p>&nbsp;<\/p>\n<p><a href=\"https:\/\/blogs.diariosur.es\/tormentas-y-rayos\/2014\/03\/29\/prevision-del-tiempo-fin-de-semana-porque-no-llovio-en-malaga-capital-el-tiempo-en-semana-santa-tendencias-mes-de-abril\/1921164_824145104266477_618846992_o\/\" rel=\"attachment wp-att-8214\"><img loading=\"lazy\" class=\"aligncenter size-full wp-image-8214\" title=\"1921164_824145104266477_618846992_o\" src=\"\/tormentas-y-rayos\/wp-content\/uploads\/sites\/12\/2014\/03\/1921164_824145104266477_618846992_o.jpg\" alt=\"\" width=\"640\" height=\"480\" srcset=\"https:\/\/static-blogs.diariosur.es\/wp-content\/uploads\/sites\/12\/2014\/03\/1921164_824145104266477_618846992_o.jpg 640w, https:\/\/static-blogs.diariosur.es\/wp-content\/uploads\/sites\/12\/2014\/03\/1921164_824145104266477_618846992_o-533x400.jpg 533w\" sizes=\"(max-width: 640px) 100vw, 640px\" \/><\/a><\/p>\n<p>&nbsp;<\/p>\n<p><strong>Mi amiga Mavi Tom\u00e9 y casi a la misma hora que yo fotografiaba este cielo hacia el oeste de la provincia.<\/strong><\/p>\n<p><a href=\"https:\/\/blogs.diariosur.es\/tormentas-y-rayos\/2014\/03\/29\/prevision-del-tiempo-fin-de-semana-porque-no-llovio-en-malaga-capital-el-tiempo-en-semana-santa-tendencias-mes-de-abril\/mavi-tome\/\" rel=\"attachment wp-att-8212\"><img loading=\"lazy\" class=\"aligncenter size-full wp-image-8212\" title=\"mavi tome\" src=\"\/tormentas-y-rayos\/wp-content\/uploads\/sites\/12\/2014\/03\/mavi-tome.jpg\" alt=\"\" width=\"640\" height=\"480\" srcset=\"https:\/\/static-blogs.diariosur.es\/wp-content\/uploads\/sites\/12\/2014\/03\/mavi-tome.jpg 640w, https:\/\/static-blogs.diariosur.es\/wp-content\/uploads\/sites\/12\/2014\/03\/mavi-tome-533x400.jpg 533w\" sizes=\"(max-width: 640px) 100vw, 640px\" \/><\/a><\/p>\n<p><strong>Yo lo fotografiaba hacia el noroeste.<\/strong><\/p>\n<p><a href=\"https:\/\/blogs.diariosur.es\/tormentas-y-rayos\/2014\/03\/29\/prevision-del-tiempo-fin-de-semana-porque-no-llovio-en-malaga-capital-el-tiempo-en-semana-santa-tendencias-mes-de-abril\/004-9\/\" rel=\"attachment wp-att-8213\"><img loading=\"lazy\" class=\"aligncenter size-full wp-image-8213\" title=\"004\" src=\"\/tormentas-y-rayos\/wp-content\/uploads\/sites\/12\/2014\/03\/004.jpg\" alt=\"\" width=\"640\" height=\"427\" srcset=\"https:\/\/static-blogs.diariosur.es\/wp-content\/uploads\/sites\/12\/2014\/03\/004.jpg 640w, https:\/\/static-blogs.diariosur.es\/wp-content\/uploads\/sites\/12\/2014\/03\/004-600x400.jpg 600w\" sizes=\"(max-width: 640px) 100vw, 640px\" \/><\/a><\/p>\n<p><strong>Poco mas que contar , la maxima en mi estaci\u00f3n fue de 20 grados y la minima de 14.<\/strong><\/p>\n<p><span style=\"color: #ff0000;\"><strong>EL TIEMPO EN SEMANA SANTA TENDENCIAS PRIMERA SEMANA DE ABRIL.<\/strong><\/span><\/p>\n<p><img loading=\"lazy\" class=\"aligncenter\" src=\"https:\/\/farm4.staticflickr.com\/3822\/12921497284_15ab5e3a55_z.jpg\" alt=\"\" width=\"640\" height=\"370\" \/><\/p>\n<p><strong>Hola amigos cofrades, ya veis lo\u00a0dif\u00edcil\u00a0que es esto de la meteo. De nuevo comentaros que la primera semana de abril se presenta inestable en la fachada oeste de la\u00a0pen\u00ednsula. Ya veremos que da de si esta situaci\u00f3n.<\/strong><\/p>\n<p><strong>Os dejo con esta foto que tome el jueves, cuando probaba mi objetivo macro.<\/strong><\/p>\n<p><img loading=\"lazy\" class=\"aligncenter\" src=\"https:\/\/farm8.staticflickr.com\/7375\/13449843664_cc5e0edd37_z.jpg\" alt=\"\" width=\"496\" height=\"640\" \/><\/p>\n<p>&nbsp;<\/p>\n<p>&nbsp;<\/p>\n","protected":false},"excerpt":{"rendered":"<p>Hola amigos de la meteo, antes de nada me gustar\u00eda haceros y hacerme una pregunta. \u00bf Qu\u00e9 hubiera pasado si ayer viernes hubiera sido Viernes Santo?, me refiero a M\u00e1laga Capital. Por lo pronto la gran mayor\u00eda de procesiones no hubieran salido, yo soy hermano mayor de una cofrad\u00eda y os aseguro que no salgo. [&hellip;]<\/p>\n","protected":false},"author":16,"featured_media":8211,"comment_status":"open","ping_status":"open","sticky":false,"template":"","format":"standard","meta":[],"categories":[2],"tags":[358,412,809,903,980],"_links":{"self":[{"href":"https:\/\/blogs.diariosur.es\/tormentas-y-rayos\/wp-json\/wp\/v2\/posts\/8209"}],"collection":[{"href":"https:\/\/blogs.diariosur.es\/tormentas-y-rayos\/wp-json\/wp\/v2\/posts"}],"about":[{"href":"https:\/\/blogs.diariosur.es\/tormentas-y-rayos\/wp-json\/wp\/v2\/types\/post"}],"author":[{"embeddable":true,"href":"https:\/\/blogs.diariosur.es\/tormentas-y-rayos\/wp-json\/wp\/v2\/users\/16"}],"replies":[{"embeddable":true,"href":"https:\/\/blogs.diariosur.es\/tormentas-y-rayos\/wp-json\/wp\/v2\/comments?post=8209"}],"version-history":[{"count":0,"href":"https:\/\/blogs.diariosur.es\/tormentas-y-rayos\/wp-json\/wp\/v2\/posts\/8209\/revisions"}],"wp:featuredmedia":[{"embeddable":true,"href":"https:\/\/blogs.diariosur.es\/tormentas-y-rayos\/wp-json\/wp\/v2\/media\/8211"}],"wp:attachment":[{"href":"https:\/\/blogs.diariosur.es\/tormentas-y-rayos\/wp-json\/wp\/v2\/media?parent=8209"}],"wp:term":[{"taxonomy":"category","embeddable":true,"href":"https:\/\/blogs.diariosur.es\/tormentas-y-rayos\/wp-json\/wp\/v2\/categories?post=8209"},{"taxonomy":"post_tag","embeddable":true,"href":"https:\/\/blogs.diariosur.es\/tormentas-y-rayos\/wp-json\/wp\/v2\/tags?post=8209"}],"curies":[{"name":"wp","href":"https:\/\/api.w.org\/{rel}","templated":true}]}}