{"id":8216,"date":"2014-03-30T21:24:15","date_gmt":"2014-03-30T19:24:15","guid":{"rendered":"http:\/\/blogs.diariosur.es\/tormentas-y-rayos\/?p=8216"},"modified":"2014-03-30T21:24:15","modified_gmt":"2014-03-30T19:24:15","slug":"abril-comenzara-con-lluvias-en-toda-la-fachada-oeste-peninsular-fotos-nevada-malaga-sabado-el-tiempo-en-semana-santa-tendencias","status":"publish","type":"post","link":"https:\/\/blogs.diariosur.es\/tormentas-y-rayos\/2014\/03\/30\/abril-comenzara-con-lluvias-en-toda-la-fachada-oeste-peninsular-fotos-nevada-malaga-sabado-el-tiempo-en-semana-santa-tendencias\/","title":{"rendered":"Abril comenzara con lluvias en toda la fachada oeste peninsular.El tiempo en Semana Santa tendencias."},"content":{"rendered":"<p><strong>Buenos d\u00edas amigos de la meteo. Son las seis de la ma\u00f1ana, registro 13.4 grados y los cielos est\u00e1n algo nubosos. El titulo del post de hoy lo dice todo, abril comenzara con lluvias en toda la fachada oeste peninsular. Ahora mismo llueve en las provincias de Huelva y Sevilla, incluso esta activado el aviso amarillo por lluvias en Huelva.<\/strong><\/p>\n<p><strong> Tanto hoy como ma\u00f1ana 1 de abril, las lluvias mas abundantes se dar\u00e1n en el extremo mas occidental de Andaluc\u00eda, esto se deber\u00e1 a una borrasca que se situara al oeste de Portugal y traer\u00e1 consigo frentes que cruzaran la\u00a0pen\u00ednsula hasta el jueves\u00a0. El frente de hoy como el de ma\u00f1ana llegaran muy debilitados a la provincia malague\u00f1a, ser\u00e1 entre el mi\u00e9rcoles y el jueves cuando las lluvias tomen\u00a0protagonismo en nuestra provincia malague\u00f1a y en buena parte de Andaluc\u00eda. Os paso este mapa previsto para ma\u00f1ana martes del modelo gfs. Fuente meteociel. Se ve claramente como las bajas presiones son las protagonistas.<\/strong><\/p>\n<p><a href=\"https:\/\/blogs.diariosur.es\/tormentas-y-rayos\/2014\/03\/30\/abril-comenzara-con-lluvias-en-toda-la-fachada-oeste-peninsular-fotos-nevada-malaga-sabado-el-tiempo-en-semana-santa-tendencias\/gfs-0-30-4\/\" rel=\"attachment wp-att-8217\"><img loading=\"lazy\" class=\"aligncenter size-medium wp-image-8217\" title=\"gfs-0-30\" src=\"\/tormentas-y-rayos\/wp-content\/uploads\/sites\/12\/2014\/03\/gfs-0-30.png\" alt=\"\" width=\"600\" height=\"400\" srcset=\"https:\/\/static-blogs.diariosur.es\/wp-content\/uploads\/sites\/12\/2014\/03\/gfs-0-30.png 768w, https:\/\/static-blogs.diariosur.es\/wp-content\/uploads\/sites\/12\/2014\/03\/gfs-0-30-600x400.png 600w\" sizes=\"(max-width: 600px) 100vw, 600px\" \/><\/a><\/p>\n<p>&nbsp;<\/p>\n<p><strong>\u00a0Hoy lunes y ma\u00f1ana martes \u00a0el viento sur sureste soplara en la Costa Andaluza\u00a0Mediterr\u00e1nea\u00a0y del suroeste en la\u00a0Atl\u00e1ntica. Las\u00a0m\u00e1ximas\u00a0rondaran los 20 y 23 grados, las\u00a0m\u00ednimas\u00a0no creo que bajen mucho.<\/strong><\/p>\n<p><strong> Poco mas que contar amigos, El miercoles actualizare el blog para ver si las lluvias\u00a0ser\u00e1n\u00a0tambi\u00e9n las protagonistas en nuestra provincia.<\/strong><\/p>\n<p><span style=\"color: #0000ff;\"><strong>Ahora os hago un resumen de lo que ha dado de si el fin de semana, que como todos\u00a0sab\u00e9is,\u00a0la provincia malague\u00f1a tuvo una sorpresa en forma de nieve.<\/strong><\/span><\/p>\n<p><span style=\"color: #0000ff;\"><strong><a href=\"https:\/\/blogs.diariosur.es\/tormentas-y-rayos\/2014\/03\/29\/prevision-del-tiempo-fin-de-semana-porque-no-llovio-en-malaga-capital-el-tiempo-en-semana-santa-tendencias-mes-de-abril\/\"><span style=\"color: #0000ff;\">En el post del s\u00e1bado ya os comentaba lo impredecible que es la meteorolog\u00eda <\/span><\/a>y que muchas veces en poco tiempo da sorpresas. \u00a0Pues el s\u00e1bado se dio esta circunstancia amigos, y nada mas ni nada menos que en forma de nieve en la Costa del Sol. La borrasca se reactivo al llegar al Mar de Albor\u00e1n y trajo consigo tormentas en la Costa Almeriense, \u00a0Granadina y nieve a partir de 800 metros en nuestra provincia. Yo sinceramente esperaba lluvias, tampoco tantos litros en la Capital, pero lo que si fue una sorpresa es la nevada que se dio. A las seis de la ma\u00f1ana cuando actualizaba el blog registraba unos 1o grados, pero al entrar al curro sobre las nueve y media bajo a 9 y a las once de la ma\u00f1ana a 8.5 . <\/strong><\/span><\/p>\n<p><span style=\"color: #0000ff;\"><a href=\"https:\/\/blogs.diariosur.es\/tormentas-y-rayos\/2014\/03\/30\/abril-comenzara-con-lluvias-en-toda-la-fachada-oeste-peninsular-fotos-nevada-malaga-sabado-el-tiempo-en-semana-santa-tendencias\/frio-5\/\" rel=\"attachment wp-att-8224\"><span style=\"color: #0000ff;\"><img loading=\"lazy\" class=\"aligncenter size-medium wp-image-8224\" title=\"frio\" src=\"\/tormentas-y-rayos\/wp-content\/uploads\/sites\/12\/2014\/03\/frio.jpg\" alt=\"\" width=\"600\" height=\"256\" srcset=\"https:\/\/static-blogs.diariosur.es\/wp-content\/uploads\/sites\/12\/2014\/03\/frio.jpg 719w, https:\/\/static-blogs.diariosur.es\/wp-content\/uploads\/sites\/12\/2014\/03\/frio-640x273.jpg 640w\" sizes=\"(max-width: 600px) 100vw, 600px\" \/><\/span><\/a><\/span><\/p>\n<p><span style=\"color: #0000ff;\"><strong>En ese momento mis amigos me avisaban\u00a0coment\u00e1ndome\u00a0que\u00a0nevaba\u00a0en el Torcal, Antequera en su parte alta, Villanueva del Trabuco, y en la carretera de las pedrizas a la salida de M\u00e1laga que como todos\u00a0sab\u00e9is\u00a0esta a tan solo unos pocos\u00a0kil\u00f3metros\u00a0de M\u00e1laga Capital. Os paso unas cuantas fotos que me han mandado.<\/strong><\/span><\/p>\n<p><span style=\"color: #0000ff;\"><strong>Mari Carmen Castillo y Jose Miguel Fr\u00edas me mando esta foto desde las Pedrizas. Gracias amigos.<\/strong><\/span><\/p>\n<p><span style=\"color: #0000ff;\"><a href=\"https:\/\/blogs.diariosur.es\/tormentas-y-rayos\/2014\/03\/30\/abril-comenzara-con-lluvias-en-toda-la-fachada-oeste-peninsular-fotos-nevada-malaga-sabado-el-tiempo-en-semana-santa-tendencias\/maroicarmen-castillo-jose-miguel-frias\/\" rel=\"attachment wp-att-8218\"><span style=\"color: #0000ff;\"><img loading=\"lazy\" class=\"aligncenter size-full wp-image-8218\" title=\"maroicarmen castillo jose miguel frias\" src=\"\/tormentas-y-rayos\/wp-content\/uploads\/sites\/12\/2014\/03\/maroicarmen-castillo-jose-miguel-frias.jpg\" alt=\"\" width=\"640\" height=\"360\" \/><\/span><\/a><\/span><\/p>\n<p><span style=\"color: #0000ff;\"><strong>Mari Carmen Parra Gil me manda esta desde Antequera, se ve el Torcal nevado y la Colegiata de Santa Mar\u00eda.<\/strong><\/span><\/p>\n<p><span style=\"color: #0000ff;\"><a href=\"https:\/\/blogs.diariosur.es\/tormentas-y-rayos\/2014\/03\/30\/abril-comenzara-con-lluvias-en-toda-la-fachada-oeste-peninsular-fotos-nevada-malaga-sabado-el-tiempo-en-semana-santa-tendencias\/10155716_656822654353894_1315738660_n-2\/\" rel=\"attachment wp-att-8220\"><span style=\"color: #0000ff;\"><img loading=\"lazy\" class=\"aligncenter size-full wp-image-8220\" title=\"10155716_656822654353894_1315738660_n\" src=\"\/tormentas-y-rayos\/wp-content\/uploads\/sites\/12\/2014\/03\/10155716_656822654353894_1315738660_n1.jpg\" alt=\"\" width=\"640\" height=\"600\" srcset=\"https:\/\/static-blogs.diariosur.es\/wp-content\/uploads\/sites\/12\/2014\/03\/10155716_656822654353894_1315738660_n1.jpg 640w, https:\/\/static-blogs.diariosur.es\/wp-content\/uploads\/sites\/12\/2014\/03\/10155716_656822654353894_1315738660_n1-427x400.jpg 427w\" sizes=\"(max-width: 640px) 100vw, 640px\" \/><\/span><\/a><\/span><\/p>\n<p><span style=\"color: #0000ff;\"><strong>El yerno de Mari Carmen \u00a0Jose Rico Perez, nos manda esta bonita estampa desde el Torcal.<\/strong><\/span><\/p>\n<p><span style=\"color: #0000ff;\"><a href=\"https:\/\/blogs.diariosur.es\/tormentas-y-rayos\/2014\/03\/30\/abril-comenzara-con-lluvias-en-toda-la-fachada-oeste-peninsular-fotos-nevada-malaga-sabado-el-tiempo-en-semana-santa-tendencias\/10009863_656933887676104_1729903610_n\/\" rel=\"attachment wp-att-8221\"><span style=\"color: #0000ff;\"><img loading=\"lazy\" class=\"aligncenter size-medium wp-image-8221\" title=\"10009863_656933887676104_1729903610_n\" src=\"\/tormentas-y-rayos\/wp-content\/uploads\/sites\/12\/2014\/03\/10009863_656933887676104_1729903610_n.jpg\" alt=\"\" width=\"533\" height=\"400\" srcset=\"https:\/\/static-blogs.diariosur.es\/wp-content\/uploads\/sites\/12\/2014\/03\/10009863_656933887676104_1729903610_n.jpg 800w, https:\/\/static-blogs.diariosur.es\/wp-content\/uploads\/sites\/12\/2014\/03\/10009863_656933887676104_1729903610_n-533x400.jpg 533w, https:\/\/static-blogs.diariosur.es\/wp-content\/uploads\/sites\/12\/2014\/03\/10009863_656933887676104_1729903610_n-768x576.jpg 768w\" sizes=\"(max-width: 533px) 100vw, 533px\" \/><\/span><\/a><\/span><\/p>\n<p><span style=\"color: #0000ff;\"><strong>Mi amigo Jose Luis Gil esta otra de la Sierra de las Nieves desde Marbella.<\/strong><\/span><\/p>\n<p><span style=\"color: #0000ff;\"><a href=\"https:\/\/blogs.diariosur.es\/tormentas-y-rayos\/2014\/03\/30\/abril-comenzara-con-lluvias-en-toda-la-fachada-oeste-peninsular-fotos-nevada-malaga-sabado-el-tiempo-en-semana-santa-tendencias\/jose-luis-gil-7\/\" rel=\"attachment wp-att-8222\"><span style=\"color: #0000ff;\"><img loading=\"lazy\" class=\"aligncenter size-full wp-image-8222\" title=\"jose luis gil\" src=\"\/tormentas-y-rayos\/wp-content\/uploads\/sites\/12\/2014\/03\/jose-luis-gil1.jpg\" alt=\"\" width=\"640\" height=\"360\" \/><\/span><\/a><\/span><\/p>\n<p><span style=\"color: #0000ff;\"><strong>Mis amigos del Centro de Visitantes del Torcal de Antequera han puesto estas bonitas en facebook.<\/strong><\/span><\/p>\n<p><span style=\"color: #0000ff;\"><a href=\"https:\/\/blogs.diariosur.es\/tormentas-y-rayos\/2014\/03\/30\/abril-comenzara-con-lluvias-en-toda-la-fachada-oeste-peninsular-fotos-nevada-malaga-sabado-el-tiempo-en-semana-santa-tendencias\/page-13\/\" rel=\"attachment wp-att-8223\"><span style=\"color: #0000ff;\"><img loading=\"lazy\" class=\"aligncenter size-full wp-image-8223\" title=\"page\" src=\"\/tormentas-y-rayos\/wp-content\/uploads\/sites\/12\/2014\/03\/page.jpg\" alt=\"\" width=\"639\" height=\"639\" srcset=\"https:\/\/static-blogs.diariosur.es\/wp-content\/uploads\/sites\/12\/2014\/03\/page.jpg 639w, https:\/\/static-blogs.diariosur.es\/wp-content\/uploads\/sites\/12\/2014\/03\/page-150x150.jpg 150w, https:\/\/static-blogs.diariosur.es\/wp-content\/uploads\/sites\/12\/2014\/03\/page-400x400.jpg 400w\" sizes=\"(max-width: 639px) 100vw, 639px\" \/><\/span><\/a><\/span><\/p>\n<p><span style=\"color: #0000ff;\"><strong>Vamos al Domingo que nada mas que me\u00a0despert\u00e9\u00a0tire para Velez M\u00e1laga y mas concretamente al Pantano de la Vi\u00f1uela. Yo esperaba mas nieve, pero un amigo me comento que empezo a nevar en Sierra Tejeda sobre las ocho y a partir de 1000 metros y asi estubo hasta las once. A partir de esa hora subio mucho la cota y ya era lluvia lo que cayo durante casi dos horas. Por este motivo\u00a0hab\u00eda\u00a0poca nieve. De todas formas os dejo unas \u00a0cuantas fotos.<\/strong><\/span><\/p>\n<p><span style=\"color: #0000ff;\"><img loading=\"lazy\" class=\"aligncenter\" src=\"https:\/\/farm3.staticflickr.com\/2880\/13519497525_dc41f57d3c_z.jpg\" alt=\"\" width=\"640\" height=\"427\" \/><\/span><\/p>\n<p>&nbsp;<\/p>\n<p><span style=\"color: #0000ff;\"><img loading=\"lazy\" class=\"aligncenter\" src=\"https:\/\/farm8.staticflickr.com\/7053\/13519502115_8cae7fa610_z.jpg\" alt=\"\" width=\"640\" height=\"427\" \/><\/span><\/p>\n<p>&nbsp;<\/p>\n<p><span style=\"color: #0000ff;\"><img loading=\"lazy\" class=\"aligncenter\" src=\"https:\/\/farm3.staticflickr.com\/2899\/13519592213_9ba91b2419_z.jpg\" alt=\"\" width=\"640\" height=\"427\" \/><\/span><\/p>\n<p><span style=\"color: #0000ff;\"><strong>Mi amigo Carlos Castro tambi\u00e9n quiere compartir este fot\u00f3n. Casi nos vemos amigo.<\/strong><\/span><\/p>\n<p><span style=\"color: #0000ff;\"><a href=\"https:\/\/blogs.diariosur.es\/tormentas-y-rayos\/2014\/03\/30\/abril-comenzara-con-lluvias-en-toda-la-fachada-oeste-peninsular-fotos-nevada-malaga-sabado-el-tiempo-en-semana-santa-tendencias\/10010329_562814343817444_2048445246_o\/\" rel=\"attachment wp-att-8225\"><span style=\"color: #0000ff;\"><img loading=\"lazy\" class=\"aligncenter size-full wp-image-8225\" title=\"10010329_562814343817444_2048445246_o\" src=\"\/tormentas-y-rayos\/wp-content\/uploads\/sites\/12\/2014\/03\/10010329_562814343817444_2048445246_o.jpg\" alt=\"\" width=\"640\" height=\"386\" \/><\/span><\/a><\/span><\/p>\n<p><span style=\"color: #0000ff;\"><strong>Precisamente Vel\u00e9z M\u00e1laga \u00a0dio la maxima de Andaluc\u00eda con 21.6 grados.\u00a0<\/strong><\/span><\/p>\n<p><strong><span style=\"color: #0000ff;\">Al\u00a0mediod\u00eda\u00a0los cumulus humilis y mediocris eran los protagonistas. Desde la terraza hice esta foto.<\/span><\/strong><\/p>\n<p><span style=\"color: #0000ff;\"><img loading=\"lazy\" class=\"aligncenter\" src=\"https:\/\/farm4.staticflickr.com\/3668\/13520644754_556198b53e_z.jpg\" alt=\"\" width=\"640\" height=\"427\" \/><\/span><\/p>\n<p>&nbsp;<\/p>\n<p><strong>Casi a la misma hora Francisco Pedrosa fotografiaba estos preciosos cumulus. Al fondo se ve la Sierra de las Nieves.<\/strong><\/p>\n<p><strong><a href=\"https:\/\/blogs.diariosur.es\/tormentas-y-rayos\/2014\/03\/30\/abril-comenzara-con-lluvias-en-toda-la-fachada-oeste-peninsular-fotos-nevada-malaga-sabado-el-tiempo-en-semana-santa-tendencias\/wp_001985\/\" rel=\"attachment wp-att-8226\"><img loading=\"lazy\" class=\"aligncenter size-full wp-image-8226\" title=\"WP_001985\" src=\"\/tormentas-y-rayos\/wp-content\/uploads\/sites\/12\/2014\/03\/WP_001985.jpg\" alt=\"\" width=\"640\" height=\"480\" srcset=\"https:\/\/static-blogs.diariosur.es\/wp-content\/uploads\/sites\/12\/2014\/03\/WP_001985.jpg 640w, https:\/\/static-blogs.diariosur.es\/wp-content\/uploads\/sites\/12\/2014\/03\/WP_001985-533x400.jpg 533w\" sizes=\"(max-width: 640px) 100vw, 640px\" \/><\/a><\/strong><\/p>\n<p><span style=\"color: #0000ff;\"><strong>Poco mas que contar del domingo amigos.\u00a0<\/strong><\/span><\/p>\n<p><span style=\"color: #ff0000;\"><strong>EL TIEMPO EN SEMANA SANTA\u00a0<\/strong><\/span><\/p>\n<p>&nbsp;<\/p>\n<p><img loading=\"lazy\" class=\"aligncenter\" src=\"https:\/\/farm4.staticflickr.com\/3822\/12921497284_15ab5e3a55_z.jpg\" alt=\"\" width=\"640\" height=\"370\" \/><\/p>\n<p><strong>Hola amigos cofrades. A pocas horas de que comience el mes de Abril, las tendencias a\u00a0partir\u00a0del\u00a0s\u00e1bado cinco\u00a0son a que la dorsal Africana tome protagonismo por lo menos hasta el dia nueve. Con esta situaci\u00f3n las borrasca se\u00a0mantendr\u00e1n\u00a0alejadas de\u00a0Andaluc\u00eda. Ya iremos viendo si esta dorsal sigue a partir del nueve o hay cambios. El proximo casi seguro que se sabra que tiempo hara el Viernes de Dolores, Sabado Santo y Domingo de Ramos. Lo siento Jose Manuel mas no te puedo decir, ademas tu estas castigado sin leer el blog jijijji. Os dejo con el panel del gfs, se ve claramente como esta semana es inestable y la proxima comienza \u00a0anticicl\u00f3nica.<\/strong><\/p>\n<p><a href=\"https:\/\/blogs.diariosur.es\/tormentas-y-rayos\/2014\/03\/30\/abril-comenzara-con-lluvias-en-toda-la-fachada-oeste-peninsular-fotos-nevada-malaga-sabado-el-tiempo-en-semana-santa-tendencias\/captura-292\/\" rel=\"attachment wp-att-8227\"><img loading=\"lazy\" class=\"aligncenter size-medium wp-image-8227\" title=\"Captura\" src=\"\/tormentas-y-rayos\/wp-content\/uploads\/sites\/12\/2014\/03\/Captura22.jpg\" alt=\"\" width=\"508\" height=\"400\" srcset=\"https:\/\/static-blogs.diariosur.es\/wp-content\/uploads\/sites\/12\/2014\/03\/Captura22.jpg 753w, https:\/\/static-blogs.diariosur.es\/wp-content\/uploads\/sites\/12\/2014\/03\/Captura22-509x400.jpg 509w\" sizes=\"(max-width: 508px) 100vw, 508px\" \/><\/a><\/p>\n<p>&nbsp;<\/p>\n","protected":false},"excerpt":{"rendered":"<p>Buenos d\u00edas amigos de la meteo. Son las seis de la ma\u00f1ana, registro 13.4 grados y los cielos est\u00e1n algo nubosos. El titulo del post de hoy lo dice todo, abril comenzara con lluvias en toda la fachada oeste peninsular. Ahora mismo llueve en las provincias de Huelva y Sevilla, incluso esta activado el aviso [&hellip;]<\/p>\n","protected":false},"author":16,"featured_media":8217,"comment_status":"open","ping_status":"open","sticky":false,"template":"","format":"standard","meta":[],"categories":[2],"tags":[35,358,569,729,770,811,903,967],"_links":{"self":[{"href":"https:\/\/blogs.diariosur.es\/tormentas-y-rayos\/wp-json\/wp\/v2\/posts\/8216"}],"collection":[{"href":"https:\/\/blogs.diariosur.es\/tormentas-y-rayos\/wp-json\/wp\/v2\/posts"}],"about":[{"href":"https:\/\/blogs.diariosur.es\/tormentas-y-rayos\/wp-json\/wp\/v2\/types\/post"}],"author":[{"embeddable":true,"href":"https:\/\/blogs.diariosur.es\/tormentas-y-rayos\/wp-json\/wp\/v2\/users\/16"}],"replies":[{"embeddable":true,"href":"https:\/\/blogs.diariosur.es\/tormentas-y-rayos\/wp-json\/wp\/v2\/comments?post=8216"}],"version-history":[{"count":0,"href":"https:\/\/blogs.diariosur.es\/tormentas-y-rayos\/wp-json\/wp\/v2\/posts\/8216\/revisions"}],"wp:featuredmedia":[{"embeddable":true,"href":"https:\/\/blogs.diariosur.es\/tormentas-y-rayos\/wp-json\/wp\/v2\/media\/8217"}],"wp:attachment":[{"href":"https:\/\/blogs.diariosur.es\/tormentas-y-rayos\/wp-json\/wp\/v2\/media?parent=8216"}],"wp:term":[{"taxonomy":"category","embeddable":true,"href":"https:\/\/blogs.diariosur.es\/tormentas-y-rayos\/wp-json\/wp\/v2\/categories?post=8216"},{"taxonomy":"post_tag","embeddable":true,"href":"https:\/\/blogs.diariosur.es\/tormentas-y-rayos\/wp-json\/wp\/v2\/tags?post=8216"}],"curies":[{"name":"wp","href":"https:\/\/api.w.org\/{rel}","templated":true}]}}