{"id":8231,"date":"2014-04-01T07:32:24","date_gmt":"2014-04-01T05:32:24","guid":{"rendered":"http:\/\/blogs.diariosur.es\/tormentas-y-rayos\/?p=8231"},"modified":"2014-04-01T07:32:24","modified_gmt":"2014-04-01T05:32:24","slug":"el-miercoles-los-chubascos-seran-protagonistas-en-malaga-el-tiempo-en-semana-santa-en-andalucia-previsiones-y-tendencias","status":"publish","type":"post","link":"https:\/\/blogs.diariosur.es\/tormentas-y-rayos\/2014\/04\/01\/el-miercoles-los-chubascos-seran-protagonistas-en-malaga-el-tiempo-en-semana-santa-en-andalucia-previsiones-y-tendencias\/","title":{"rendered":"El mi\u00e9rcoles los chubascos ser\u00e1n protagonistas en M\u00e1laga y casi toda Andaluc\u00eda. El tiempo en Semana Santa en Andaluc\u00eda, previsiones y tendencias."},"content":{"rendered":"<p><strong>Buenos dias amigos de la meteo. Son las siete de la ma\u00f1ana, registro 14.8 grados y los cielos est\u00e1n bastantes nubosos. Las nubes altas y medias\u00a0ser\u00e1n\u00a0las protagonistas durante el dia de hoy. Posiblemente tengamos un bonito amanecer.<\/strong><\/p>\n<p><strong>Muy\u00a0r\u00e1pidamente amigos de la meteo, ya que solo entro para informaros que tanto ma\u00f1ana\u00a0mi\u00e9rcoles\u00a0como el jueves los chubascos\u00a0ser\u00e1n\u00a0los protagonistas en la provincia malague\u00f1a y en la capital. Esta imagen de\u00a0masas de aire \u00a0de la\u00a0pen\u00ednsula\u00a0lo dice todo. Una potente borrasca situada al oeste de Portugal regara muchas zonas. Fuenete eumetsat aemet meteogalicia.<\/strong><\/p>\n<p><a href=\"https:\/\/blogs.diariosur.es\/tormentas-y-rayos\/2014\/04\/01\/el-miercoles-los-chubascos-seran-protagonistas-en-malaga-el-tiempo-en-semana-santa-en-andalucia-previsiones-y-tendencias\/201404010400_s91g\/\" rel=\"attachment wp-att-8232\"><img loading=\"lazy\" class=\"aligncenter size-full wp-image-8232\" title=\"201404010400_s91g\" src=\"\/tormentas-y-rayos\/wp-content\/uploads\/sites\/12\/2014\/04\/201404010400_s91g.jpg\" alt=\"\" width=\"550\" height=\"488\" srcset=\"https:\/\/static-blogs.diariosur.es\/wp-content\/uploads\/sites\/12\/2014\/04\/201404010400_s91g.jpg 550w, https:\/\/static-blogs.diariosur.es\/wp-content\/uploads\/sites\/12\/2014\/04\/201404010400_s91g-451x400.jpg 451w\" sizes=\"(max-width: 550px) 100vw, 550px\" \/><\/a><\/p>\n<p><a href=\"https:\/\/blogs.diariosur.es\/tormentas-y-rayos\/2014\/04\/01\/el-miercoles-los-chubascos-seran-protagonistas-en-malaga-el-tiempo-en-semana-santa-en-andalucia-previsiones-y-tendencias\/webexterna_colorir87_04-30-3\/\" rel=\"attachment wp-att-8233\"><img loading=\"lazy\" class=\"aligncenter size-medium wp-image-8233\" title=\"webexterna_ColorIR87_[04-30]\" src=\"\/tormentas-y-rayos\/wp-content\/uploads\/sites\/12\/2014\/04\/webexterna_ColorIR87_04-30.jpg\" alt=\"\" width=\"579\" height=\"400\" srcset=\"https:\/\/static-blogs.diariosur.es\/wp-content\/uploads\/sites\/12\/2014\/04\/webexterna_ColorIR87_04-30.jpg 750w, https:\/\/static-blogs.diariosur.es\/wp-content\/uploads\/sites\/12\/2014\/04\/webexterna_ColorIR87_04-30-579x400.jpg 579w\" sizes=\"(max-width: 579px) 100vw, 579px\" \/><\/a><\/p>\n<p><strong>De momento la provincia que esta recibiendo mas lluvia es Huelva, desde la madrugada del lunes y hasta ahora mismo se han acumulados mas de 33 litros en muchos puntos. Incluso hoy la Aemet ha\u00a0activado\u00a0el aviso\u00a0naranja en esta provincia por lluvias. Ma\u00f1ana mas tranquilo os\u00a0dar\u00e9\u00a0la previsi\u00f3n mas detallada, asi como sobre que hora\u00a0llover\u00eda\u00a0en la Capital Malague\u00f1a. Nos vemos ma\u00f1ana.<\/strong><\/p>\n<p><strong>EL TIEMPO EN SEMANA SANTA\u00a0<\/strong><\/p>\n<p><img loading=\"lazy\" class=\"aligncenter\" src=\"https:\/\/farm4.staticflickr.com\/3822\/12921497284_15ab5e3a55_z.jpg\" alt=\"\" width=\"640\" height=\"370\" \/><\/p>\n<p><a href=\"https:\/\/blogs.diariosur.es\/tormentas-y-rayos\/2014\/04\/01\/el-miercoles-los-chubascos-seran-protagonistas-en-malaga-el-tiempo-en-semana-santa-en-andalucia-previsiones-y-tendencias\/b-26\/\" rel=\"attachment wp-att-8234\"><img loading=\"lazy\" class=\"aligncenter size-medium wp-image-8234\" title=\"B\" src=\"\/tormentas-y-rayos\/wp-content\/uploads\/sites\/12\/2014\/04\/B.jpg\" alt=\"\" width=\"533\" height=\"400\" srcset=\"https:\/\/static-blogs.diariosur.es\/wp-content\/uploads\/sites\/12\/2014\/04\/B.jpg 670w, https:\/\/static-blogs.diariosur.es\/wp-content\/uploads\/sites\/12\/2014\/04\/B-534x400.jpg 534w\" sizes=\"(max-width: 533px) 100vw, 533px\" \/><\/a><\/p>\n<p><strong>Se sigue confirmando la estabilidad a partir del\u00a0s\u00e1bado\u00a0cinco y hasta el dia 8. A partir del nueve las tendencias no est\u00e1n muy claras, hay modelos que&#8221;\u00a0prev\u00e9n\u00a0una inestabilizaci\u00f3n&#8221; a partir del dia 10. Ya iremos viendo si la dorsal africana tiene la suficiente fuerza para que no entre ningun frente o borrasca.<\/strong><\/p>\n<p>&nbsp;<\/p>\n<p><img loading=\"lazy\" class=\"aligncenter\" src=\"https:\/\/farm7.staticflickr.com\/6092\/6266147016_d1ed363e59_z.jpg\" alt=\"\" width=\"640\" height=\"480\" \/><\/p>\n<p>&nbsp;<\/p>\n","protected":false},"excerpt":{"rendered":"<p>Buenos dias amigos de la meteo. Son las siete de la ma\u00f1ana, registro 14.8 grados y los cielos est\u00e1n bastantes nubosos. Las nubes altas y medias\u00a0ser\u00e1n\u00a0las protagonistas durante el dia de hoy. Posiblemente tengamos un bonito amanecer. Muy\u00a0r\u00e1pidamente amigos de la meteo, ya que solo entro para informaros que tanto ma\u00f1ana\u00a0mi\u00e9rcoles\u00a0como el jueves los chubascos\u00a0ser\u00e1n\u00a0los [&hellip;]<\/p>\n","protected":false},"author":16,"featured_media":8236,"comment_status":"open","ping_status":"open","sticky":false,"template":"","format":"standard","meta":[],"categories":[2],"tags":[63,100,151,358,568,676,811,903,967],"_links":{"self":[{"href":"https:\/\/blogs.diariosur.es\/tormentas-y-rayos\/wp-json\/wp\/v2\/posts\/8231"}],"collection":[{"href":"https:\/\/blogs.diariosur.es\/tormentas-y-rayos\/wp-json\/wp\/v2\/posts"}],"about":[{"href":"https:\/\/blogs.diariosur.es\/tormentas-y-rayos\/wp-json\/wp\/v2\/types\/post"}],"author":[{"embeddable":true,"href":"https:\/\/blogs.diariosur.es\/tormentas-y-rayos\/wp-json\/wp\/v2\/users\/16"}],"replies":[{"embeddable":true,"href":"https:\/\/blogs.diariosur.es\/tormentas-y-rayos\/wp-json\/wp\/v2\/comments?post=8231"}],"version-history":[{"count":0,"href":"https:\/\/blogs.diariosur.es\/tormentas-y-rayos\/wp-json\/wp\/v2\/posts\/8231\/revisions"}],"wp:featuredmedia":[{"embeddable":true,"href":"https:\/\/blogs.diariosur.es\/tormentas-y-rayos\/wp-json\/wp\/v2\/media\/8236"}],"wp:attachment":[{"href":"https:\/\/blogs.diariosur.es\/tormentas-y-rayos\/wp-json\/wp\/v2\/media?parent=8231"}],"wp:term":[{"taxonomy":"category","embeddable":true,"href":"https:\/\/blogs.diariosur.es\/tormentas-y-rayos\/wp-json\/wp\/v2\/categories?post=8231"},{"taxonomy":"post_tag","embeddable":true,"href":"https:\/\/blogs.diariosur.es\/tormentas-y-rayos\/wp-json\/wp\/v2\/tags?post=8231"}],"curies":[{"name":"wp","href":"https:\/\/api.w.org\/{rel}","templated":true}]}}