{"id":8237,"date":"2014-04-02T07:29:36","date_gmt":"2014-04-02T05:29:36","guid":{"rendered":"http:\/\/blogs.diariosur.es\/tormentas-y-rayos\/?p=8237"},"modified":"2014-04-02T07:29:36","modified_gmt":"2014-04-02T05:29:36","slug":"borrasca-karola-aviso-amarillo-por-lluvias-en-andalucia-occidental-el-tiempo-en-semana-santa-tendencias-y-previsiones","status":"publish","type":"post","link":"https:\/\/blogs.diariosur.es\/tormentas-y-rayos\/2014\/04\/02\/borrasca-karola-aviso-amarillo-por-lluvias-en-andalucia-occidental-el-tiempo-en-semana-santa-tendencias-y-previsiones\/","title":{"rendered":"Borrasca Karola. Aviso  amarillo por lluvias en Andaluc\u00eda Occidental. El tiempo en Semana Santa, tendencias y previsiones."},"content":{"rendered":"<p><span style=\"color: #0000ff;\"><strong>Buenos dias amigos de la meteo.<\/strong><\/span><\/p>\n<p><span style=\"color: #0000ff;\"><strong>\u00a0<\/strong><strong style=\"color: #ff0000;\">Antes de nada daros las gracias por las 42,520 visitas que ha tenido el blog el pasado mes de marzo.\u00a0<\/strong><\/span><\/p>\n<p><strong><span style=\"color: #0000ff;\">\u00a0Son las seis de la ma\u00f1ana, registro 16 grados y los chubascos ya son los protagonistas en nuestra provincia malague\u00f1a. En la Capital han\u00a0ca\u00eddo\u00a0de momento gotillas. Los chubascos mas abundantes se\u00a0dar\u00e1n\u00a0dentro de un par de horas, de todas formas no espero muchos litros en M\u00e1laga Capital.<\/span><\/strong><\/p>\n<p>&nbsp;<\/p>\n<p><span style=\"color: #0000ff;\"><strong>Os paso la imagen del radar de M\u00e1laga y el de la\u00a0pen\u00ednsula.<\/strong><\/span><\/p>\n<p><span style=\"color: #0000ff;\"><a href=\"https:\/\/blogs.diariosur.es\/tormentas-y-rayos\/2014\/04\/02\/borrasca-karola-aviso-amarillo-por-lluvias-en-andalucia-occidental-el-tiempo-en-semana-santa-tendencias-y-previsiones\/captura-297\/\" rel=\"attachment wp-att-8243\"><span style=\"color: #0000ff;\"><img loading=\"lazy\" class=\"aligncenter size-medium wp-image-8243\" title=\"Captura\" src=\"\/tormentas-y-rayos\/wp-content\/uploads\/sites\/12\/2014\/04\/Captura3.jpg\" alt=\"\" width=\"500\" height=\"400\" srcset=\"https:\/\/static-blogs.diariosur.es\/wp-content\/uploads\/sites\/12\/2014\/04\/Captura3.jpg 708w, https:\/\/static-blogs.diariosur.es\/wp-content\/uploads\/sites\/12\/2014\/04\/Captura3-500x400.jpg 500w\" sizes=\"(max-width: 500px) 100vw, 500px\" \/><\/span><\/a><\/span><\/p>\n<p><span style=\"color: #0000ff;\"><a href=\"https:\/\/blogs.diariosur.es\/tormentas-y-rayos\/2014\/04\/02\/borrasca-karola-aviso-amarillo-por-lluvias-en-andalucia-occidental-el-tiempo-en-semana-santa-tendencias-y-previsiones\/201404020400_r8pb\/\" rel=\"attachment wp-att-8244\"><span style=\"color: #0000ff;\"><img loading=\"lazy\" class=\"aligncenter size-full wp-image-8244\" title=\"201404020400_r8pb\" src=\"\/tormentas-y-rayos\/wp-content\/uploads\/sites\/12\/2014\/04\/201404020400_r8pb.gif\" alt=\"\" width=\"500\" height=\"500\" \/><\/span><\/a><\/span><\/p>\n<p>&nbsp;<\/p>\n<p><span style=\"color: #0000ff;\"><strong>Buen riego el que se esta dando en \u00a0la zona occidental andaluza, y sobre todo Extremadura, y Castilla Le\u00f3n, ayer martes ya se recogieron muchos litros en estas ultimas zonas. Y es que este tipo de borrasca con vientos muy\u00a0h\u00famedos\u00a0del suroeste son las que quitan las\u00a0sequ\u00edas\u00a0jijiji. Por cierto amigos, la borrasca se llama Karola. Fuente aemet y hirlam.<\/strong><\/span><\/p>\n<p><span style=\"color: #0000ff;\"><a href=\"https:\/\/blogs.diariosur.es\/tormentas-y-rayos\/2014\/04\/02\/borrasca-karola-aviso-amarillo-por-lluvias-en-andalucia-occidental-el-tiempo-en-semana-santa-tendencias-y-previsiones\/mmmm-4\/\" rel=\"attachment wp-att-8239\"><span style=\"color: #0000ff;\"><img loading=\"lazy\" class=\"aligncenter size-medium wp-image-8239\" title=\"mmmm\" src=\"\/tormentas-y-rayos\/wp-content\/uploads\/sites\/12\/2014\/04\/mmmm.jpg\" alt=\"\" width=\"588\" height=\"400\" srcset=\"https:\/\/static-blogs.diariosur.es\/wp-content\/uploads\/sites\/12\/2014\/04\/mmmm.jpg 769w, https:\/\/static-blogs.diariosur.es\/wp-content\/uploads\/sites\/12\/2014\/04\/mmmm-588x400.jpg 588w, https:\/\/static-blogs.diariosur.es\/wp-content\/uploads\/sites\/12\/2014\/04\/mmmm-768x522.jpg 768w\" sizes=\"(max-width: 588px) 100vw, 588px\" \/><\/span><\/a><\/span><\/p>\n<p>&nbsp;<\/p>\n<p><span style=\"color: #0000ff;\"><strong>La aemet activa el aviso amarillo por lluvias en C\u00e1diz, Sevilla y M\u00e1laga, en nuestra provincia las precipitaciones mas abundantes se\u00a0dar\u00e1n\u00a0en la zona mas occidental. En algunos puntos las lluvias pueden ir acompa\u00f1adas por tormentas.<\/strong><\/span><\/p>\n<p><span style=\"color: #0000ff;\"><a href=\"https:\/\/blogs.diariosur.es\/tormentas-y-rayos\/2014\/04\/02\/borrasca-karola-aviso-amarillo-por-lluvias-en-andalucia-occidental-el-tiempo-en-semana-santa-tendencias-y-previsiones\/captura-296\/\" rel=\"attachment wp-att-8240\"><span style=\"color: #0000ff;\"><img loading=\"lazy\" class=\"aligncenter size-full wp-image-8240\" title=\"Captura\" src=\"\/tormentas-y-rayos\/wp-content\/uploads\/sites\/12\/2014\/04\/Captura2.jpg\" alt=\"\" width=\"619\" height=\"140\" \/><\/span><\/a><strong><a href=\"https:\/\/blogs.diariosur.es\/tormentas-y-rayos\/2014\/04\/02\/borrasca-karola-aviso-amarillo-por-lluvias-en-andalucia-occidental-el-tiempo-en-semana-santa-tendencias-y-previsiones\/alerta-22\/\" rel=\"attachment wp-att-8241\"><span style=\"color: #0000ff;\"><img loading=\"lazy\" class=\"aligncenter size-full wp-image-8241\" title=\"alerta\" src=\"\/tormentas-y-rayos\/wp-content\/uploads\/sites\/12\/2014\/04\/alerta1.jpg\" alt=\"\" width=\"564\" height=\"433\" srcset=\"https:\/\/static-blogs.diariosur.es\/wp-content\/uploads\/sites\/12\/2014\/04\/alerta1.jpg 564w, https:\/\/static-blogs.diariosur.es\/wp-content\/uploads\/sites\/12\/2014\/04\/alerta1-521x400.jpg 521w\" sizes=\"(max-width: 564px) 100vw, 564px\" \/><\/span><\/a><\/strong><\/span><\/p>\n<p><span style=\"color: #0000ff;\"><strong>No solo Karola traer\u00e1 lluvias, tambi\u00e9n habr\u00e1 una bajada de temperaturas \u00a0m\u00e1ximas. Esta bajada se notara mas el jueves, incluso puede nevar a partir de 1500 metros en los sistemas monta\u00f1osos. <\/strong><\/span><\/p>\n<p><span style=\"color: #0000ff;\"><strong>En esta imagen de masas de aire se ve claramente el aire\u00a0fr\u00edo\u00a0que trae Karola. Los tonos mas azulados y morados indican el fr\u00edo.<\/strong><\/span><\/p>\n<p><span style=\"color: #0000ff;\"><a href=\"https:\/\/blogs.diariosur.es\/tormentas-y-rayos\/2014\/04\/02\/borrasca-karola-aviso-amarillo-por-lluvias-en-andalucia-occidental-el-tiempo-en-semana-santa-tendencias-y-previsiones\/201404020400_s91g\/\" rel=\"attachment wp-att-8245\"><span style=\"color: #0000ff;\"><img loading=\"lazy\" class=\"aligncenter size-full wp-image-8245\" title=\"201404020400_s91g\" src=\"\/tormentas-y-rayos\/wp-content\/uploads\/sites\/12\/2014\/04\/201404020400_s91g.jpg\" alt=\"\" width=\"550\" height=\"488\" srcset=\"https:\/\/static-blogs.diariosur.es\/wp-content\/uploads\/sites\/12\/2014\/04\/201404020400_s91g.jpg 550w, https:\/\/static-blogs.diariosur.es\/wp-content\/uploads\/sites\/12\/2014\/04\/201404020400_s91g-451x400.jpg 451w\" sizes=\"(max-width: 550px) 100vw, 550px\" \/><\/span><\/a><\/span><\/p>\n<p><span style=\"color: #0000ff;\"><strong>Como ma\u00f1ana libro actualizare de nuevo el blog, veremos que ha dado de si esta borrasca, ya que el jueves aun se esperan chubascos en Andaluc\u00eda y en la provincia malague\u00f1a. Poco mas que contar.<\/strong><\/span><\/p>\n<p><span style=\"color: #ff0000;\">\u00a0<strong>EL TIEMPO EN SEMANA SANTA PREVISIONES Y TENDENCIAS<\/strong><\/span><\/p>\n<p>&nbsp;<\/p>\n<p><img loading=\"lazy\" class=\"aligncenter\" src=\"https:\/\/farm4.staticflickr.com\/3822\/12921497284_15ab5e3a55_z.jpg\" alt=\"\" width=\"640\" height=\"370\" \/><\/p>\n<p><a href=\"https:\/\/blogs.diariosur.es\/tormentas-y-rayos\/2014\/04\/02\/borrasca-karola-aviso-amarillo-por-lluvias-en-andalucia-occidental-el-tiempo-en-semana-santa-tendencias-y-previsiones\/olympus-digital-camera-1589\/\" rel=\"attachment wp-att-8242\"><img loading=\"lazy\" class=\"aligncenter size-full wp-image-8242\" title=\"OLYMPUS DIGITAL CAMERA\" src=\"\/tormentas-y-rayos\/wp-content\/uploads\/sites\/12\/2014\/04\/181.jpg\" alt=\"\" width=\"670\" height=\"503\" srcset=\"https:\/\/static-blogs.diariosur.es\/wp-content\/uploads\/sites\/12\/2014\/04\/181.jpg 670w, https:\/\/static-blogs.diariosur.es\/wp-content\/uploads\/sites\/12\/2014\/04\/181-533x400.jpg 533w\" sizes=\"(max-width: 670px) 100vw, 670px\" \/><\/a><\/p>\n<p>&nbsp;<\/p>\n<p><strong><span style=\"color: #ff0000;\">Hola de nuevo amigos cofrades, que revuelo se formo ayer en mi correo y en el wassat del telefono. En\u00a0ning\u00fan\u00a0momento afirme que el Viernes de Dolores\u00a0entrar\u00eda\u00a0una borrasca. Solo comente que algunos modelos daban tendencias a una inestabilizaci\u00f3n.\u00a0Pero lo mismo ma\u00f1ana o el viernes de nuevo le dan fuerza a la dorsal y\u00a0estar\u00edamos\u00a0hablando de buen tiempo. La previsi\u00f3n ahora mismo es de que a partir del\u00a0s\u00e1bado\u00a05 y hasta el jueves 10\u00a0tendr\u00edamos\u00a0dorsal africana. Para lo que\u00a0entr\u00e1is\u00a0aqui por primera vez y no\u00a0sab\u00e9is\u00a0lo que una dorsal africana, os lo explico\u00a0f\u00e1cilmente para que me\u00a0entend\u00e1is. Es un anticicl\u00f3n que va acompa\u00f1ado de una masa de aire\u00a0c\u00e1lido proveniente de\u00a0\u00c1frica. Estas situaciones cuando a 850 hpa( 1500 metros ) hay temperaturas cercanas a los 27 grados\u00a0hacen subir los\u00a0term\u00f3metros\u00a0en verano a los 40 grados en el Valle del Guadalquivir. En esta\u00a0ocasi\u00f3n\u00a0esta masa de aire\u00a0c\u00e1lido\u00a0no\u00a0pasar\u00eda\u00a0de los 18. Es decir, que la semana que viene se pueden llegar a los 30 grados en\u00a0C\u00f3rdoba, Sevilla etc etc.<\/span><\/strong><\/p>\n<p>&nbsp;<\/p>\n<p>&nbsp;<\/p>\n<p>&nbsp;<\/p>\n<p><strong>\u00a0Poco mas que contar amigos, os dejo con el amanecer que se dio ayer martes en la playa de huelin. Como\u00a0pod\u00e9is\u00a0comprobar el sol ya no sale por el mar en M\u00e1laga Capital.\u00a0Tendr\u00edamos\u00a0que irnos a la zona de la\u00a0carihuela que esta mas cercana, para verlo salir aun por la mar.<\/strong><\/p>\n<p>&nbsp;<\/p>\n<p>&nbsp;<\/p>\n<p><img loading=\"lazy\" class=\"aligncenter\" src=\"https:\/\/farm8.staticflickr.com\/7411\/13566722713_b11951a35b_z.jpg\" alt=\"\" width=\"640\" height=\"427\" \/><\/p>\n<p>&nbsp;<\/p>\n","protected":false},"excerpt":{"rendered":"<p>Buenos dias amigos de la meteo. \u00a0Antes de nada daros las gracias por las 42,520 visitas que ha tenido el blog el pasado mes de marzo.\u00a0 \u00a0Son las seis de la ma\u00f1ana, registro 16 grados y los chubascos ya son los protagonistas en nuestra provincia malague\u00f1a. En la Capital han\u00a0ca\u00eddo\u00a0de momento gotillas. Los chubascos mas [&hellip;]<\/p>\n","protected":false},"author":16,"featured_media":8246,"comment_status":"open","ping_status":"open","sticky":false,"template":"","format":"standard","meta":[],"categories":[2],"tags":[63,91,100,151,188,204,358,491,540,569,587,811,903,910],"_links":{"self":[{"href":"https:\/\/blogs.diariosur.es\/tormentas-y-rayos\/wp-json\/wp\/v2\/posts\/8237"}],"collection":[{"href":"https:\/\/blogs.diariosur.es\/tormentas-y-rayos\/wp-json\/wp\/v2\/posts"}],"about":[{"href":"https:\/\/blogs.diariosur.es\/tormentas-y-rayos\/wp-json\/wp\/v2\/types\/post"}],"author":[{"embeddable":true,"href":"https:\/\/blogs.diariosur.es\/tormentas-y-rayos\/wp-json\/wp\/v2\/users\/16"}],"replies":[{"embeddable":true,"href":"https:\/\/blogs.diariosur.es\/tormentas-y-rayos\/wp-json\/wp\/v2\/comments?post=8237"}],"version-history":[{"count":0,"href":"https:\/\/blogs.diariosur.es\/tormentas-y-rayos\/wp-json\/wp\/v2\/posts\/8237\/revisions"}],"wp:featuredmedia":[{"embeddable":true,"href":"https:\/\/blogs.diariosur.es\/tormentas-y-rayos\/wp-json\/wp\/v2\/media\/8246"}],"wp:attachment":[{"href":"https:\/\/blogs.diariosur.es\/tormentas-y-rayos\/wp-json\/wp\/v2\/media?parent=8237"}],"wp:term":[{"taxonomy":"category","embeddable":true,"href":"https:\/\/blogs.diariosur.es\/tormentas-y-rayos\/wp-json\/wp\/v2\/categories?post=8237"},{"taxonomy":"post_tag","embeddable":true,"href":"https:\/\/blogs.diariosur.es\/tormentas-y-rayos\/wp-json\/wp\/v2\/tags?post=8237"}],"curies":[{"name":"wp","href":"https:\/\/api.w.org\/{rel}","templated":true}]}}