{"id":8247,"date":"2014-04-03T07:30:50","date_gmt":"2014-04-03T05:30:50","guid":{"rendered":"http:\/\/blogs.diariosur.es\/tormentas-y-rayos\/?p=8247"},"modified":"2014-04-03T07:30:50","modified_gmt":"2014-04-03T05:30:50","slug":"la-borrasca-dara-hoy-su-ultimos-coletazos-impresionante-shelf-cloud-fotos-el-tiempo-en-semana-santa-2014-previsiones-y-tendencias","status":"publish","type":"post","link":"https:\/\/blogs.diariosur.es\/tormentas-y-rayos\/2014\/04\/03\/la-borrasca-dara-hoy-su-ultimos-coletazos-impresionante-shelf-cloud-fotos-el-tiempo-en-semana-santa-2014-previsiones-y-tendencias\/","title":{"rendered":"La borrasca dar\u00e1 hoy su \u00faltimos coletazos. Impresionante Shelf Cloud fotos. El tiempo en Semana Santa 2014, previsiones y tendencias."},"content":{"rendered":"<p><strong>Buenos d\u00edas amigos de la meteo. Son las seis y media de la ma\u00f1ana, registro 12 grados y los cielos est\u00e1n nubosos. Hoy el post ser\u00e1 mas corto, \u00a0dentro de tres horas tirare con mi hija Lidia para el mariposar\u00edo, os prometo traer bonitas fotos, es mi dia libre y tengo que disfrutarlo.<\/strong><\/p>\n<p><strong>\u00a0En Huelva, C\u00e1diz y zona occidental Malague\u00f1a se producen chubascos, algunos de estos chubascos son de origen tormentoso, como es el caso de C\u00e1diz. En la fachada mediterr\u00e1nea que va desde Catalu\u00f1a y hasta la Comunidad Murciana, tambi\u00e9n las lluvias son las protagonistas. Os paso la imagen del radar. Fuente Aemet.<\/strong><\/p>\n<p><a href=\"https:\/\/blogs.diariosur.es\/tormentas-y-rayos\/2014\/04\/03\/la-borrasca-dara-hoy-su-ultimos-coletazos-impresionante-shelf-cloud-fotos-el-tiempo-en-semana-santa-2014-previsiones-y-tendencias\/jj-3\/\" rel=\"attachment wp-att-8248\"><img loading=\"lazy\" class=\"aligncenter size-full wp-image-8248\" title=\"jj\" src=\"\/tormentas-y-rayos\/wp-content\/uploads\/sites\/12\/2014\/04\/jj.jpg\" alt=\"\" width=\"559\" height=\"541\" srcset=\"https:\/\/static-blogs.diariosur.es\/wp-content\/uploads\/sites\/12\/2014\/04\/jj.jpg 559w, https:\/\/static-blogs.diariosur.es\/wp-content\/uploads\/sites\/12\/2014\/04\/jj-413x400.jpg 413w\" sizes=\"(max-width: 559px) 100vw, 559px\" \/><\/a><\/p>\n<p><strong>Nuestra amiga Karola que ha dejado abundantes lluvias en la fachada occidental peninsular desde el lunes, se despide hoy. Una masa de aire fr\u00edo inestable situada en el Golfo de C\u00e1diz esta provocando en estos momentos esos chubascos, que como os he comentado arriba son de origen tormentoso. En la imagen de masas de aire se ve perfectamente.\u00a0<\/strong><\/p>\n<p><a href=\"https:\/\/blogs.diariosur.es\/tormentas-y-rayos\/2014\/04\/03\/la-borrasca-dara-hoy-su-ultimos-coletazos-impresionante-shelf-cloud-fotos-el-tiempo-en-semana-santa-2014-previsiones-y-tendencias\/201404030300_s91g\/\" rel=\"attachment wp-att-8249\"><img loading=\"lazy\" class=\"aligncenter size-full wp-image-8249\" title=\"201404030300_s91g\" src=\"\/tormentas-y-rayos\/wp-content\/uploads\/sites\/12\/2014\/04\/201404030300_s91g.jpg\" alt=\"\" width=\"550\" height=\"488\" srcset=\"https:\/\/static-blogs.diariosur.es\/wp-content\/uploads\/sites\/12\/2014\/04\/201404030300_s91g.jpg 550w, https:\/\/static-blogs.diariosur.es\/wp-content\/uploads\/sites\/12\/2014\/04\/201404030300_s91g-451x400.jpg 451w\" sizes=\"(max-width: 550px) 100vw, 550px\" \/><\/a><\/p>\n<p><strong>Estos chubascos tambi\u00e9n llegaran a la capital malague\u00f1a, que en algunos puntos de la provincia pueden traer granizos. El viento de terral de primavera tomara protagonismo esta tarde, esto\u00a0har\u00e1\u00a0que\u00a0la sensaci\u00f3n\u00a0t\u00e9rmica\u00a0de fr\u00edo sea mayor.<\/strong><\/p>\n<p><strong>ACTUALIZACI\u00d3N SIETE DE LA MA\u00d1ANA. En estos momentos tenemos tormenta frente a la costa occidental malague\u00f1a.<\/strong><\/p>\n<p><a href=\"https:\/\/blogs.diariosur.es\/tormentas-y-rayos\/2014\/04\/03\/la-borrasca-dara-hoy-su-ultimos-coletazos-impresionante-shelf-cloud-fotos-el-tiempo-en-semana-santa-2014-previsiones-y-tendencias\/201404030510_r8ml\/\" rel=\"attachment wp-att-8257\"><img loading=\"lazy\" class=\"aligncenter size-full wp-image-8257\" title=\"201404030510_r8ml\" src=\"\/tormentas-y-rayos\/wp-content\/uploads\/sites\/12\/2014\/04\/201404030510_r8ml.gif\" alt=\"\" width=\"480\" height=\"530\" \/><\/a><\/p>\n<p>&nbsp;<\/p>\n<p>&nbsp;<\/p>\n<p><strong>Os hago un peque\u00f1o y\u00a0r\u00e1pido\u00a0de resumen de ayer\u00a0mi\u00e9rcoles en M\u00e1laga. La maxima fue de 17,4 grados, mi\u00a0pluvi\u00f3metro\u00a0registro 6 litros, pero por el interior de la provincia rondaron los 17 litros.<\/strong><\/p>\n<p><strong>Y es que los cielos estaban preciosos. Esta foto la tome a la hora de la comida.<\/strong><\/p>\n<p><img loading=\"lazy\" class=\"aligncenter\" src=\"https:\/\/farm6.staticflickr.com\/5039\/13595895864_cda16de7f3_z.jpg\" alt=\"\" width=\"640\" height=\"427\" \/><\/p>\n<p><strong>Casi a la misma hora mi amiga Cristina Cort\u00e9s cazaba este impresionante cielo.<\/strong><\/p>\n<p><a href=\"https:\/\/blogs.diariosur.es\/tormentas-y-rayos\/2014\/04\/03\/la-borrasca-dara-hoy-su-ultimos-coletazos-impresionante-shelf-cloud-fotos-el-tiempo-en-semana-santa-2014-previsiones-y-tendencias\/cristina-cortes-2\/\" rel=\"attachment wp-att-8250\"><img loading=\"lazy\" class=\"aligncenter size-full wp-image-8250\" title=\"cristina cort\u00e9s\" src=\"\/tormentas-y-rayos\/wp-content\/uploads\/sites\/12\/2014\/04\/cristina-cort\u00e9s.jpg\" alt=\"\" width=\"640\" height=\"480\" srcset=\"https:\/\/static-blogs.diariosur.es\/wp-content\/uploads\/sites\/12\/2014\/04\/cristina-cort\u00e9s.jpg 640w, https:\/\/static-blogs.diariosur.es\/wp-content\/uploads\/sites\/12\/2014\/04\/cristina-cort\u00e9s-533x400.jpg 533w\" sizes=\"(max-width: 640px) 100vw, 640px\" \/><\/a><\/p>\n<p><strong>Carlos Castro nos trae esta bella imagen desde el Pantano de la Vi\u00f1uela.<\/strong><\/p>\n<p><a href=\"https:\/\/blogs.diariosur.es\/tormentas-y-rayos\/2014\/04\/03\/la-borrasca-dara-hoy-su-ultimos-coletazos-impresionante-shelf-cloud-fotos-el-tiempo-en-semana-santa-2014-previsiones-y-tendencias\/1275921_564350576997154_825546338_o\/\" rel=\"attachment wp-att-8251\"><img loading=\"lazy\" class=\"aligncenter size-full wp-image-8251\" title=\"1275921_564350576997154_825546338_o\" src=\"\/tormentas-y-rayos\/wp-content\/uploads\/sites\/12\/2014\/04\/1275921_564350576997154_825546338_o.jpg\" alt=\"\" width=\"640\" height=\"415\" srcset=\"https:\/\/static-blogs.diariosur.es\/wp-content\/uploads\/sites\/12\/2014\/04\/1275921_564350576997154_825546338_o.jpg 640w, https:\/\/static-blogs.diariosur.es\/wp-content\/uploads\/sites\/12\/2014\/04\/1275921_564350576997154_825546338_o-617x400.jpg 617w\" sizes=\"(max-width: 640px) 100vw, 640px\" \/><\/a><\/p>\n<p><strong>Mi amigo Jose Antonio Perez cazo este bonito atardecer desde Qintana C\u00f3rdoba.<\/strong><\/p>\n<p><a href=\"https:\/\/blogs.diariosur.es\/tormentas-y-rayos\/2014\/04\/03\/la-borrasca-dara-hoy-su-ultimos-coletazos-impresionante-shelf-cloud-fotos-el-tiempo-en-semana-santa-2014-previsiones-y-tendencias\/jose-antonio-perez-5\/\" rel=\"attachment wp-att-8252\"><img loading=\"lazy\" class=\"aligncenter size-full wp-image-8252\" title=\"jose antonio perez\" src=\"\/tormentas-y-rayos\/wp-content\/uploads\/sites\/12\/2014\/04\/jose-antonio-perez.jpg\" alt=\"\" width=\"640\" height=\"359\" \/><\/a><\/p>\n<p><strong>Pero donde se dieron \u00a0los cielos mas impresionantes fue en Huelva. Y como no iba a estar mi amigo David Mancebo con su novia Oona Onofrei cazando este impresionante,\u00a0terror\u00edfico y colosal \u00a0<\/strong><strong>Shelf Cloud . Mis felicitaciones a los dos, son una pasada. El viaje\u00a0mereci\u00f3\u00a0la pena.<\/strong><\/p>\n<p><a href=\"https:\/\/blogs.diariosur.es\/tormentas-y-rayos\/2014\/04\/03\/la-borrasca-dara-hoy-su-ultimos-coletazos-impresionante-shelf-cloud-fotos-el-tiempo-en-semana-santa-2014-previsiones-y-tendencias\/1979136_681736965223408_274932730_o\/\" rel=\"attachment wp-att-8253\"><img loading=\"lazy\" class=\"aligncenter size-full wp-image-8253\" title=\"1979136_681736965223408_274932730_o\" src=\"\/tormentas-y-rayos\/wp-content\/uploads\/sites\/12\/2014\/04\/1979136_681736965223408_274932730_o.jpg\" alt=\"\" width=\"640\" height=\"424\" srcset=\"https:\/\/static-blogs.diariosur.es\/wp-content\/uploads\/sites\/12\/2014\/04\/1979136_681736965223408_274932730_o.jpg 640w, https:\/\/static-blogs.diariosur.es\/wp-content\/uploads\/sites\/12\/2014\/04\/1979136_681736965223408_274932730_o-604x400.jpg 604w\" sizes=\"(max-width: 640px) 100vw, 640px\" \/><\/a><\/p>\n<p><a href=\"https:\/\/blogs.diariosur.es\/tormentas-y-rayos\/2014\/04\/03\/la-borrasca-dara-hoy-su-ultimos-coletazos-impresionante-shelf-cloud-fotos-el-tiempo-en-semana-santa-2014-previsiones-y-tendencias\/1980256_681736998556738_1805321798_o\/\" rel=\"attachment wp-att-8254\"><img loading=\"lazy\" class=\"aligncenter size-full wp-image-8254\" title=\"1980256_681736998556738_1805321798_o\" src=\"\/tormentas-y-rayos\/wp-content\/uploads\/sites\/12\/2014\/04\/1980256_681736998556738_1805321798_o.jpg\" alt=\"\" width=\"640\" height=\"424\" srcset=\"https:\/\/static-blogs.diariosur.es\/wp-content\/uploads\/sites\/12\/2014\/04\/1980256_681736998556738_1805321798_o.jpg 640w, https:\/\/static-blogs.diariosur.es\/wp-content\/uploads\/sites\/12\/2014\/04\/1980256_681736998556738_1805321798_o-604x400.jpg 604w\" sizes=\"(max-width: 640px) 100vw, 640px\" \/><\/a><\/p>\n<p>&nbsp;<\/p>\n<p><a href=\"https:\/\/blogs.diariosur.es\/tormentas-y-rayos\/2014\/04\/03\/la-borrasca-dara-hoy-su-ultimos-coletazos-impresionante-shelf-cloud-fotos-el-tiempo-en-semana-santa-2014-previsiones-y-tendencias\/z-20\/\" rel=\"attachment wp-att-8255\"><img loading=\"lazy\" class=\"aligncenter size-full wp-image-8255\" title=\"z\" src=\"\/tormentas-y-rayos\/wp-content\/uploads\/sites\/12\" alt=\"\" width=\"640\" height=\"428\" \/><\/a><\/p>\n<p>&nbsp;<\/p>\n<p><a href=\"https:\/\/blogs.diariosur.es\/tormentas-y-rayos\/2014\/04\/03\/la-borrasca-dara-hoy-su-ultimos-coletazos-impresionante-shelf-cloud-fotos-el-tiempo-en-semana-santa-2014-previsiones-y-tendencias\/zz-2\/\" rel=\"attachment wp-att-8256\"><img loading=\"lazy\" class=\"aligncenter size-full wp-image-8256\" title=\"zz\" src=\"\/tormentas-y-rayos\/wp-content\/uploads\/sites\/12\/2014\/04\/zz.jpg\" alt=\"\" width=\"640\" height=\"428\" srcset=\"https:\/\/static-blogs.diariosur.es\/wp-content\/uploads\/sites\/12\/2014\/04\/zz.jpg 640w, https:\/\/static-blogs.diariosur.es\/wp-content\/uploads\/sites\/12\/2014\/04\/zz-598x400.jpg 598w\" sizes=\"(max-width: 640px) 100vw, 640px\" \/><\/a><\/p>\n<p>&nbsp;<\/p>\n<p><strong>EL TIEMPO EN SEMANA SANTA. PREVISIONES Y TENDENCIAS.<\/strong><\/p>\n<p><img loading=\"lazy\" class=\"aligncenter\" src=\"https:\/\/farm4.staticflickr.com\/3822\/12921497284_15ab5e3a55_z.jpg\" alt=\"\" width=\"640\" height=\"370\" \/><\/p>\n<p><img loading=\"lazy\" class=\"aligncenter\" src=\"https:\/\/farm4.staticflickr.com\/3659\/3421452999_ffc53a6b13_z.jpg?zz=1\" alt=\"\" width=\"480\" height=\"640\" \/><\/p>\n<p><strong>Poco que contar amigos cofrades, el anticicl\u00f3n a partir del\u00a0s\u00e1bado\u00a0tomara protagonismo \u00a0en Andalucia y\u00a0as\u00ed\u00a0estar\u00e1\u00a0hasta el\u00a0mi\u00e9rcoles o jueves. La tendencia a partir del viernes y segun algunos modelos es que en la\u00a0pen\u00ednsula\u00a0entre\u00a0aire\u00a0fr\u00edo\u00a0en altura, esto puede traer consigo las tipicas tormentas primaverales que se forman por la tarde, y que dejan chubascos esporadicos en algunos puntos, siendo mas probables en los sistemas monta\u00f1osos, OJO!!! no es una previsi\u00f3n, son tendencias. Ademas muy habituales en primavera. Os dejo que al final he escrito mas de la cuenta.<\/strong><\/p>\n<p><strong><span style=\"color: #ff0000;\">Ma\u00f1ana os dar\u00e9 la previsi\u00f3n del fin de semana y os podre una foto mia que ha quedado dentro de las 50 mejores fotograf\u00edas presentadas al concurso de Eurometeo. En este concurso se presentan mas de 600 fotos y con un gran nivel.<\/span><\/strong><\/p>\n","protected":false},"excerpt":{"rendered":"<p>Buenos d\u00edas amigos de la meteo. Son las seis y media de la ma\u00f1ana, registro 12 grados y los cielos est\u00e1n nubosos. Hoy el post ser\u00e1 mas corto, \u00a0dentro de tres horas tirare con mi hija Lidia para el mariposar\u00edo, os prometo traer bonitas fotos, es mi dia libre y tengo que disfrutarlo. \u00a0En Huelva, [&hellip;]<\/p>\n","protected":false},"author":16,"featured_media":8254,"comment_status":"open","ping_status":"open","sticky":false,"template":"","format":"standard","meta":[],"categories":[2],"tags":[14,358,424,811,903,911,967],"_links":{"self":[{"href":"https:\/\/blogs.diariosur.es\/tormentas-y-rayos\/wp-json\/wp\/v2\/posts\/8247"}],"collection":[{"href":"https:\/\/blogs.diariosur.es\/tormentas-y-rayos\/wp-json\/wp\/v2\/posts"}],"about":[{"href":"https:\/\/blogs.diariosur.es\/tormentas-y-rayos\/wp-json\/wp\/v2\/types\/post"}],"author":[{"embeddable":true,"href":"https:\/\/blogs.diariosur.es\/tormentas-y-rayos\/wp-json\/wp\/v2\/users\/16"}],"replies":[{"embeddable":true,"href":"https:\/\/blogs.diariosur.es\/tormentas-y-rayos\/wp-json\/wp\/v2\/comments?post=8247"}],"version-history":[{"count":0,"href":"https:\/\/blogs.diariosur.es\/tormentas-y-rayos\/wp-json\/wp\/v2\/posts\/8247\/revisions"}],"wp:featuredmedia":[{"embeddable":true,"href":"https:\/\/blogs.diariosur.es\/tormentas-y-rayos\/wp-json\/wp\/v2\/media\/8254"}],"wp:attachment":[{"href":"https:\/\/blogs.diariosur.es\/tormentas-y-rayos\/wp-json\/wp\/v2\/media?parent=8247"}],"wp:term":[{"taxonomy":"category","embeddable":true,"href":"https:\/\/blogs.diariosur.es\/tormentas-y-rayos\/wp-json\/wp\/v2\/categories?post=8247"},{"taxonomy":"post_tag","embeddable":true,"href":"https:\/\/blogs.diariosur.es\/tormentas-y-rayos\/wp-json\/wp\/v2\/tags?post=8247"}],"curies":[{"name":"wp","href":"https:\/\/api.w.org\/{rel}","templated":true}]}}