{"id":8269,"date":"2014-04-06T09:08:41","date_gmt":"2014-04-06T07:08:41","guid":{"rendered":"http:\/\/blogs.diariosur.es\/tormentas-y-rayos\/?p=8269"},"modified":"2014-04-06T09:08:41","modified_gmt":"2014-04-06T07:08:41","slug":"torrox-da-la-maxima-de-la-peninsula-con-casi-30-grados-el-tiempo-en-semana-santa-prevision","status":"publish","type":"post","link":"https:\/\/blogs.diariosur.es\/tormentas-y-rayos\/2014\/04\/06\/torrox-da-la-maxima-de-la-peninsula-con-casi-30-grados-el-tiempo-en-semana-santa-prevision\/","title":{"rendered":"Torrox da la m\u00e1xima de la pen\u00ednsula con casi 30 grados. El tiempo en Semana Santa previsi\u00f3n."},"content":{"rendered":"<p><strong>Buenos d\u00edas amigos de la meteo, son las siete menos cuarto de la ma\u00f1ana registro 18 grados y los cielos est\u00e1n despejados. El viernes os comente que s\u00ed ocurr\u00eda algo especial os actualizar\u00eda el blog , y as\u00ed ha sido amigos de la meteo. Ayer s\u00e1bado Torrox dio la m\u00e1xima de toda la pen\u00ednsula, concretamente se registr\u00f3 29.2 grados. Tambi\u00e9n destaca el Rinc\u00f3n de la Victoria y V\u00e9lez M\u00e1laga con 28.3. \u00a0Y muchos os preguntar\u00e9is el por qu\u00e9 de este subid\u00f3n en Torrox, cuando generalmente este pueblo malague\u00f1o es muy\u00a0dif\u00edcil\u00a0que le entre terral. Primero os paso el\u00a0gr\u00e1fico\u00a0de viento. Fuente aemet.<\/strong><\/p>\n<p><a href=\"https:\/\/blogs.diariosur.es\/tormentas-y-rayos\/2014\/04\/06\/torrox-da-la-maxima-de-la-peninsula-con-casi-30-grados-el-tiempo-en-semana-santa-prevision\/vien\/\" rel=\"attachment wp-att-8271\"><img loading=\"lazy\" class=\"aligncenter size-medium wp-image-8271\" title=\"vien\" src=\"\/tormentas-y-rayos\/wp-content\/uploads\/sites\/12\/2014\/04\/vien.jpg\" alt=\"\" width=\"600\" height=\"250\" srcset=\"https:\/\/static-blogs.diariosur.es\/wp-content\/uploads\/sites\/12\/2014\/04\/vien.jpg 755w, https:\/\/static-blogs.diariosur.es\/wp-content\/uploads\/sites\/12\/2014\/04\/vien-640x267.jpg 640w\" sizes=\"(max-width: 600px) 100vw, 600px\" \/><\/a><\/p>\n<p><strong>Fijaros como la direcci\u00f3n del viento hasta las cinco de la tarde es de oeste ( poniente) en Torrox. Todo sab\u00e9is que cuando en M\u00e1laga sopla terral en la zona de torrox el viento le entra por el mar, por consiguiente la temperatura es fresca. Pero de pronto a las cinco de la tarde \u00a0(algo poco habitual en esta zona) el viento le entra de norte puro. La subida en pocos tiempo es bestial, de estar a 18.6 grados a las tres de la tarde, se llego a los 29.2 grados a las cinco. Os paso unos\u00a0gr\u00e1ficos\u00a0fuente aemet.<\/strong><\/p>\n<p><a href=\"https:\/\/blogs.diariosur.es\/tormentas-y-rayos\/2014\/04\/06\/torrox-da-la-maxima-de-la-peninsula-con-casi-30-grados-el-tiempo-en-semana-santa-prevision\/tem-5\/\" rel=\"attachment wp-att-8272\"><img loading=\"lazy\" class=\"aligncenter size-medium wp-image-8272\" title=\"tem\" src=\"\/tormentas-y-rayos\/wp-content\/uploads\/sites\/12\/2014\/04\/tem.jpg\" alt=\"\" width=\"600\" height=\"266\" srcset=\"https:\/\/static-blogs.diariosur.es\/wp-content\/uploads\/sites\/12\/2014\/04\/tem.jpg 716w, https:\/\/static-blogs.diariosur.es\/wp-content\/uploads\/sites\/12\/2014\/04\/tem-640x284.jpg 640w\" sizes=\"(max-width: 600px) 100vw, 600px\" \/><\/a><a href=\"https:\/\/blogs.diariosur.es\/tormentas-y-rayos\/2014\/04\/06\/torrox-da-la-maxima-de-la-peninsula-con-casi-30-grados-el-tiempo-en-semana-santa-prevision\/captura-302\/\" rel=\"attachment wp-att-8273\"><img loading=\"lazy\" class=\"aligncenter size-full wp-image-8273\" title=\"Captura\" src=\"\/tormentas-y-rayos\/wp-content\/uploads\/sites\/12\/2014\/04\/Captura8.jpg\" alt=\"\" width=\"391\" height=\"372\" \/><\/a><\/p>\n<p><strong>Hoy que libro y con mas tiempo quiero ver que\u00a0circunstancia\u00a0se han dado para que pase esto, ya que es dificil que sople norte en esta zona. Pienso que el viento del norte bajo por la cuanca del Rio Torrox.<\/strong><\/p>\n<p><strong><\/strong><strong>Si se llegar a dar en un mes de julio o agosto\u00a0estar\u00edamos\u00a0hablando de 40 grados en Torrox. Ma\u00f1ana os cuento algo mas.<\/strong><\/p>\n<p><strong>Ya de vuelta amigos, ni fu ni fa jijiji, lo\u00a0principal\u00a0cargar las pilas. Os paso un par de fotos.<\/strong><\/p>\n<p><img loading=\"lazy\" class=\"aligncenter\" src=\"https:\/\/farm4.staticflickr.com\/3689\/13660442815_faaeee57c1_z.jpg\" alt=\"\" width=\"640\" height=\"427\" \/><\/p>\n<p><img loading=\"lazy\" class=\"aligncenter\" src=\"https:\/\/farm4.staticflickr.com\/3736\/13660778924_3545000cac_z.jpg\" alt=\"\" width=\"640\" height=\"427\" \/><\/p>\n<p><span style=\"color: #0000ff;\"><strong>Os dejo virtualmente y tiro para la playa para fotografiar el\u00a0amanecer\u00a0de hoy, de todas formas no espero gran cosa.<\/strong><\/span><\/p>\n<p>&nbsp;<\/p>\n<p><span style=\"color: #ff0000;\"><strong>EL TIEMPO EN SEMANA SANTA PREVISIONES.<\/strong><\/span><\/p>\n<p><img loading=\"lazy\" class=\"aligncenter\" src=\"https:\/\/farm4.staticflickr.com\/3822\/12921497284_15ab5e3a55_z.jpg\" alt=\"\" width=\"640\" height=\"370\" \/><\/p>\n<p><img loading=\"lazy\" class=\"aligncenter\" src=\"https:\/\/farm6.staticflickr.com\/5306\/5644325120_cc8bd42647_z.jpg\" alt=\"\" width=\"600\" height=\"450\" \/><\/p>\n<p><strong>Hola amigos cofrades. Aunque ma\u00f1ana lunes hablare un poco mas del Viernes de Dolores y\u00a0S\u00e1bado\u00a0de Pasi\u00f3n, de momento buenas noticias para Andaluc\u00eda. Como mucho se espera que a partir del jueves la peninsula se vea afectada por aire fr\u00edo en altura, esto quiere decir que se pueden registrar tormentas primaverales en los sistemas monta\u00f1osos y zonas cercanas. Mas no os puedo decir, pero con un poco de suerte el Domingo de Ramos\u00a0Andaluc\u00eda\u00a0puede disfrutar de un bonito Domingo de Ramos. Pero por favor aun no cantemos victoria.<\/strong><\/p>\n<p>&nbsp;<\/p>\n","protected":false},"excerpt":{"rendered":"<p>Buenos d\u00edas amigos de la meteo, son las siete menos cuarto de la ma\u00f1ana registro 18 grados y los cielos est\u00e1n despejados. El viernes os comente que s\u00ed ocurr\u00eda algo especial os actualizar\u00eda el blog , y as\u00ed ha sido amigos de la meteo. Ayer s\u00e1bado Torrox dio la m\u00e1xima de toda la pen\u00ednsula, concretamente [&hellip;]<\/p>\n","protected":false},"author":16,"featured_media":8273,"comment_status":"open","ping_status":"open","sticky":false,"template":"","format":"standard","meta":[],"categories":[2],"tags":[358,624,811,903,961,1012],"_links":{"self":[{"href":"https:\/\/blogs.diariosur.es\/tormentas-y-rayos\/wp-json\/wp\/v2\/posts\/8269"}],"collection":[{"href":"https:\/\/blogs.diariosur.es\/tormentas-y-rayos\/wp-json\/wp\/v2\/posts"}],"about":[{"href":"https:\/\/blogs.diariosur.es\/tormentas-y-rayos\/wp-json\/wp\/v2\/types\/post"}],"author":[{"embeddable":true,"href":"https:\/\/blogs.diariosur.es\/tormentas-y-rayos\/wp-json\/wp\/v2\/users\/16"}],"replies":[{"embeddable":true,"href":"https:\/\/blogs.diariosur.es\/tormentas-y-rayos\/wp-json\/wp\/v2\/comments?post=8269"}],"version-history":[{"count":0,"href":"https:\/\/blogs.diariosur.es\/tormentas-y-rayos\/wp-json\/wp\/v2\/posts\/8269\/revisions"}],"wp:featuredmedia":[{"embeddable":true,"href":"https:\/\/blogs.diariosur.es\/tormentas-y-rayos\/wp-json\/wp\/v2\/media\/8273"}],"wp:attachment":[{"href":"https:\/\/blogs.diariosur.es\/tormentas-y-rayos\/wp-json\/wp\/v2\/media?parent=8269"}],"wp:term":[{"taxonomy":"category","embeddable":true,"href":"https:\/\/blogs.diariosur.es\/tormentas-y-rayos\/wp-json\/wp\/v2\/categories?post=8269"},{"taxonomy":"post_tag","embeddable":true,"href":"https:\/\/blogs.diariosur.es\/tormentas-y-rayos\/wp-json\/wp\/v2\/tags?post=8269"}],"curies":[{"name":"wp","href":"https:\/\/api.w.org\/{rel}","templated":true}]}}