{"id":8274,"date":"2014-04-07T07:59:37","date_gmt":"2014-04-07T05:59:37","guid":{"rendered":"http:\/\/blogs.diariosur.es\/tormentas-y-rayos\/?p=8274"},"modified":"2014-04-07T07:59:37","modified_gmt":"2014-04-07T05:59:37","slug":"el-tiempo-en-semana-santa-prevision-viernes-de-dolores-y-sabado-de-pasion-en-andalucia","status":"publish","type":"post","link":"https:\/\/blogs.diariosur.es\/tormentas-y-rayos\/2014\/04\/07\/el-tiempo-en-semana-santa-prevision-viernes-de-dolores-y-sabado-de-pasion-en-andalucia\/","title":{"rendered":"El tiempo en Semana Santa. Previsi\u00f3n Viernes de Dolores y S\u00e1bado de Pasi\u00f3n en Andaluc\u00eda."},"content":{"rendered":"<p><strong>Buenos dias amigos de la meteo.<\/strong><\/p>\n<p><strong>Son las seis y media de la ma\u00f1ana, registro 17.2 grados y los cielos malague\u00f1os est\u00e1n despejados. Hoy lunes el viento de levante soplara flojo en la Costa Mediterr\u00e1nea, siendo mas moderado en el Estrecho. La maximas mas altas se dar\u00e1n en el Valle del Guadalquivir, llegando o incluso rebasando los 30 grados. En M\u00e1laga estaremos rondando los 25.<\/strong><\/p>\n<p><span style=\"color: #ff0000;\"><strong>EL TIEMPO EN SEMANA SANTA<\/strong><\/span><\/p>\n<p><img loading=\"lazy\" class=\"aligncenter\" src=\"https:\/\/farm4.staticflickr.com\/3592\/3421452683_3f2865ab44_z.jpg?zz=1\" alt=\"\" width=\"468\" height=\"640\" \/><\/p>\n<p><strong>Hola amigos cofrades, a partir de hoy y hasta el Viernes Santo estar\u00e9 con vosotros casi a diario. Os ir\u00e9 informando de como se presenta la Semana Santa, pero dando mas informaci\u00f3n para Andaluc\u00eda de momento,<span style=\"color: #0000ff;\"> aunque al final de esta semana tambi\u00e9n hablaremos de las dem\u00e1s comunidades<\/span>. Hoy empezaremos con la previsi\u00f3n del Viernes de Dolores y S\u00e1bado de Pasi\u00f3n. Para mi en particular la Semana Santa empieza el Viernes de Dolores, ya que este dia hay procesiones y muchos traslados. Sobre el Domingo de Ramos lo veremos ma\u00f1ana martes, pero siempre ten\u00e9is que pensar que la meteorolog\u00eda puede cambiar en pocos d\u00edas. Como todos los a\u00f1os os presento a mis tres nazarenos que dan el tiempo. Con solo verlos se saben de que van jijij.<\/strong><\/p>\n<p><a href=\"https:\/\/blogs.diariosur.es\/tormentas-y-rayos\/?attachment_id=8278\" rel=\"attachment wp-att-8278\"><img loading=\"lazy\" class=\"aligncenter size-full wp-image-8278\" title=\"12921085735_df819d7eae-horz\" src=\"\/tormentas-y-rayos\/wp-content\/uploads\/sites\/12\/2014\/04\/12921085735_df819d7eae-horz.jpg\" alt=\"\" width=\"638\" height=\"246\" \/><\/a><\/p>\n<p>&nbsp;<\/p>\n<p><strong>Pues nuestro amigo del medio ser\u00e1 el protagonista en toda Andaluc\u00eda estos dos primeros dias. La dorsal Africana ser\u00e1 la protagonista a partir de hoy, mantendr\u00e1 a raya a un embolsamiento de aire frio que se quiere acercar a la\u00a0pen\u00ednsula. Os paso un mapa previsto y lo entender\u00e9is mejor.<\/strong><\/p>\n<p><a href=\"https:\/\/blogs.diariosur.es\/tormentas-y-rayos\/2014\/04\/07\/el-tiempo-en-semana-santa-prevision-viernes-de-dolores-y-sabado-de-pasion-en-andalucia\/rtavn901-2\/\" rel=\"attachment wp-att-8279\"><img loading=\"lazy\" class=\"aligncenter size-medium wp-image-8279\" title=\"Rtavn901\" src=\"\/tormentas-y-rayos\/wp-content\/uploads\/sites\/12\/2014\/04\/Rtavn901.gif\" alt=\"\" width=\"517\" height=\"400\" \/><\/a><\/p>\n<p><strong>Este embolsamiento tenemos que ver su evoluci\u00f3n, ya que si acerca puede traer tormentas primaverales al norte y noreste peninsular entre el jueves y el viernes. Poco mas que contar amigos, ma\u00f1ana hablaremos del Domingo de Ramos pero con cautela. Esperemos que este nazareno sea el protagonista.\u00a0<\/strong><\/p>\n<p><img loading=\"lazy\" class=\"aligncenter\" src=\"https:\/\/farm4.staticflickr.com\/3707\/12946061883_250f930914_z.jpg\" alt=\"\" width=\"558\" height=\"640\" \/><\/p>\n<p>&nbsp;<\/p>\n<p><strong>Os hago un peque\u00f1o resumen de este fin de semana amigos de la meteo.<\/strong><\/p>\n<p><strong>Ayer domingo os actualic\u00e9 el blog para comentaros que Torrox dio la m\u00e1xima de la\u00a0pen\u00ednsula, concretamente 29.2 grados, algo poco habitual en esta zona malague\u00f1a. <a href=\"https:\/\/blogs.diariosur.es\/tormentas-y-rayos\/2014\/04\/06\/torrox-da-la-maxima-de-la-peninsula-con-casi-30-grados-el-tiempo-en-semana-santa-prevision\/\">Os paso el enlace al post y veis los datos.<\/a><\/strong><\/p>\n<p><strong>\u00a0Os comentaba que no ten\u00eda claro lo que hab\u00eda pasado, supongo que el viento del norte tuvo la suficiente fuerza para encajonarse por la cuenca del Rio Torrox, o que por la zona del Boquete de Zafarraya bajara este viento y por compresi\u00f3n adiab\u00e1tica se calentara. Sinceramente no lo tengo muy claro.\u00a0<\/strong><\/p>\n<p><strong>El\u00a0s\u00e1bado\u00a0mi amigo Antonio Vazquez Sanchez, que esta pasando unos dias en la Puebla de los Infantes, me manda esta preciosa foto del embalse Jose Toran. Me ha dicho que tiene las pilas cargadas al 100% para lo que se le avecina jijiji.<\/strong><\/p>\n<p><a href=\"https:\/\/blogs.diariosur.es\/tormentas-y-rayos\/2014\/04\/07\/el-tiempo-en-semana-santa-prevision-viernes-de-dolores-y-sabado-de-pasion-en-andalucia\/img_3825\/\" rel=\"attachment wp-att-8275\"><img loading=\"lazy\" class=\"aligncenter size-full wp-image-8275\" title=\"IMG_3825\" src=\"\/tormentas-y-rayos\/wp-content\/uploads\/sites\/12\/2014\/04\/IMG_3825.jpg\" alt=\"\" width=\"640\" height=\"480\" srcset=\"https:\/\/static-blogs.diariosur.es\/wp-content\/uploads\/sites\/12\/2014\/04\/IMG_3825.jpg 640w, https:\/\/static-blogs.diariosur.es\/wp-content\/uploads\/sites\/12\/2014\/04\/IMG_3825-533x400.jpg 533w\" sizes=\"(max-width: 640px) 100vw, 640px\" \/><\/a><\/p>\n<p><strong>Mi amigo Francisco Jose Rubio, que es un enamorado de la naturaleza, me manda esta preciosa foto desde el \u00a0Puerto de las Pedrizas.<\/strong><\/p>\n<p><a href=\"https:\/\/blogs.diariosur.es\/tormentas-y-rayos\/2014\/04\/07\/el-tiempo-en-semana-santa-prevision-viernes-de-dolores-y-sabado-de-pasion-en-andalucia\/el-tiempo-la-yedra_1\/\" rel=\"attachment wp-att-8276\"><img loading=\"lazy\" class=\"aligncenter size-full wp-image-8276\" title=\"El tiempo La Yedra_1\" src=\"\/tormentas-y-rayos\/wp-content\/uploads\/sites\/12\/2014\/04\/El-tiempo-La-Yedra_1.jpg\" alt=\"\" width=\"640\" height=\"427\" srcset=\"https:\/\/static-blogs.diariosur.es\/wp-content\/uploads\/sites\/12\/2014\/04\/El-tiempo-La-Yedra_1.jpg 640w, https:\/\/static-blogs.diariosur.es\/wp-content\/uploads\/sites\/12\/2014\/04\/El-tiempo-La-Yedra_1-600x400.jpg 600w\" sizes=\"(max-width: 640px) 100vw, 640px\" \/><\/a><\/p>\n<p><strong>El domingo las\u00a0m\u00e1ximas\u00a0se dieron por la provincia de Huelva el Valle del Guadalquivir. Os paso los datos. Fuente Aemet.<\/strong><\/p>\n<p><a href=\"https:\/\/blogs.diariosur.es\/tormentas-y-rayos\/2014\/04\/07\/el-tiempo-en-semana-santa-prevision-viernes-de-dolores-y-sabado-de-pasion-en-andalucia\/captura-303\/\" rel=\"attachment wp-att-8277\"><img loading=\"lazy\" class=\"aligncenter size-full wp-image-8277\" title=\"Captura\" src=\"\/tormentas-y-rayos\/wp-content\/uploads\/sites\/12\/2014\/04\/Captura9.jpg\" alt=\"\" width=\"368\" height=\"236\" \/><\/a><\/p>\n<p><strong>En M\u00e1laga Capital la m\u00e1xima y seg\u00fan mi estaci\u00f3n fue de 24 grados. Aunque mi cu\u00f1ado como iba con ropa de invierno tuviera una sensaci\u00f3n de 30 jijiji. As\u00ed amanec\u00eda en la playa de la Misericordia ayer domingo, un poquillo soso pero cargue las pilas.<\/strong><\/p>\n<p><img loading=\"lazy\" class=\"aligncenter\" src=\"https:\/\/farm6.staticflickr.com\/5071\/13675463374_0b830d7108_z.jpg\" alt=\"\" width=\"640\" height=\"427\" \/><\/p>\n<p>&nbsp;<\/p>\n<p><strong>Sobre las once de la ma\u00f1ana llegamos a Torre de Benalgab\u00f3n. Apenas hacia viento y la temperatura a esa hora era de 21.5 grados. El mar estaba precioso y med\u00ed 17.6 grados.<\/strong><\/p>\n<p>&nbsp;<\/p>\n<p>&nbsp;<\/p>\n<p><img loading=\"lazy\" class=\"aligncenter\" src=\"https:\/\/farm4.staticflickr.com\/3766\/13675544114_41ab8b1071_z.jpg\" alt=\"\" width=\"640\" height=\"427\" \/><\/p>\n<p><strong>Haciendo mi ruta fotogr\u00e1fica habitual, me lleve una gran sorpresa al encontrarme con mi amigo Roberto L\u00f3pez, que presenta de \u00a0lunes a viernes El Despertador en Radio Victoria. Fue \u00e9l quien me conoci\u00f3, yo al pronto no jijiji. Hemos quedado el viernes en su programa para dar la previsi\u00f3n del tiempo para Semana Santa, Dios nos coja confesaosss jijijji. Como me equivoque me tendre que vestir de ciclista como tu para que no me conozcan.<\/strong><\/p>\n<p><img loading=\"lazy\" class=\"aligncenter\" src=\"https:\/\/farm3.staticflickr.com\/2887\/13675642315_ae2552402b_z.jpg\" alt=\"\" width=\"382\" height=\"640\" \/><\/p>\n<p>&nbsp;<\/p>\n<p><strong>Poco mas que contar del fin de semana. Ma\u00f1ana de nuevo estare con vosotros y veremos como se presenta el Domigo de Ramos.<\/strong><\/p>\n<p><strong>Os dejo con esta bonita foto de Paqui Carnero, esperemos que los espetos malague\u00f1os sean los protagonista toda la Semana Santa.<\/strong><\/p>\n<p><a href=\"https:\/\/blogs.diariosur.es\/tormentas-y-rayos\/2014\/04\/07\/el-tiempo-en-semana-santa-prevision-viernes-de-dolores-y-sabado-de-pasion-en-andalucia\/10013646_10201722179807200_1206435870954658052_n\/\" rel=\"attachment wp-att-8280\"><img loading=\"lazy\" class=\"aligncenter size-medium wp-image-8280\" title=\"10013646_10201722179807200_1206435870954658052_n\" src=\"\/tormentas-y-rayos\/wp-content\/uploads\/sites\/12\/2014\/04\/10013646_10201722179807200_1206435870954658052_n.jpg\" alt=\"\" width=\"534\" height=\"400\" srcset=\"https:\/\/static-blogs.diariosur.es\/wp-content\/uploads\/sites\/12\/2014\/04\/10013646_10201722179807200_1206435870954658052_n.jpg 960w, https:\/\/static-blogs.diariosur.es\/wp-content\/uploads\/sites\/12\/2014\/04\/10013646_10201722179807200_1206435870954658052_n-535x400.jpg 535w, https:\/\/static-blogs.diariosur.es\/wp-content\/uploads\/sites\/12\/2014\/04\/10013646_10201722179807200_1206435870954658052_n-768x574.jpg 768w\" sizes=\"(max-width: 534px) 100vw, 534px\" \/><\/a><\/p>\n","protected":false},"excerpt":{"rendered":"<p>Buenos dias amigos de la meteo. Son las seis y media de la ma\u00f1ana, registro 17.2 grados y los cielos malague\u00f1os est\u00e1n despejados. Hoy lunes el viento de levante soplara flojo en la Costa Mediterr\u00e1nea, siendo mas moderado en el Estrecho. La maximas mas altas se dar\u00e1n en el Valle del Guadalquivir, llegando o incluso [&hellip;]<\/p>\n","protected":false},"author":16,"featured_media":8282,"comment_status":"open","ping_status":"open","sticky":false,"template":"","format":"standard","meta":[],"categories":[2],"tags":[100,358,809,879,903,1065],"_links":{"self":[{"href":"https:\/\/blogs.diariosur.es\/tormentas-y-rayos\/wp-json\/wp\/v2\/posts\/8274"}],"collection":[{"href":"https:\/\/blogs.diariosur.es\/tormentas-y-rayos\/wp-json\/wp\/v2\/posts"}],"about":[{"href":"https:\/\/blogs.diariosur.es\/tormentas-y-rayos\/wp-json\/wp\/v2\/types\/post"}],"author":[{"embeddable":true,"href":"https:\/\/blogs.diariosur.es\/tormentas-y-rayos\/wp-json\/wp\/v2\/users\/16"}],"replies":[{"embeddable":true,"href":"https:\/\/blogs.diariosur.es\/tormentas-y-rayos\/wp-json\/wp\/v2\/comments?post=8274"}],"version-history":[{"count":0,"href":"https:\/\/blogs.diariosur.es\/tormentas-y-rayos\/wp-json\/wp\/v2\/posts\/8274\/revisions"}],"wp:featuredmedia":[{"embeddable":true,"href":"https:\/\/blogs.diariosur.es\/tormentas-y-rayos\/wp-json\/wp\/v2\/media\/8282"}],"wp:attachment":[{"href":"https:\/\/blogs.diariosur.es\/tormentas-y-rayos\/wp-json\/wp\/v2\/media?parent=8274"}],"wp:term":[{"taxonomy":"category","embeddable":true,"href":"https:\/\/blogs.diariosur.es\/tormentas-y-rayos\/wp-json\/wp\/v2\/categories?post=8274"},{"taxonomy":"post_tag","embeddable":true,"href":"https:\/\/blogs.diariosur.es\/tormentas-y-rayos\/wp-json\/wp\/v2\/tags?post=8274"}],"curies":[{"name":"wp","href":"https:\/\/api.w.org\/{rel}","templated":true}]}}