{"id":8292,"date":"2014-04-09T07:42:33","date_gmt":"2014-04-09T05:42:33","guid":{"rendered":"http:\/\/blogs.diariosur.es\/tormentas-y-rayos\/?p=8292"},"modified":"2014-04-09T07:42:33","modified_gmt":"2014-04-09T05:42:33","slug":"el-tiempo-en-semana-santa-previsiones-andalucia-que-puede-traer-la-bolsa-de-aire-frio-en-altura","status":"publish","type":"post","link":"https:\/\/blogs.diariosur.es\/tormentas-y-rayos\/2014\/04\/09\/el-tiempo-en-semana-santa-previsiones-andalucia-que-puede-traer-la-bolsa-de-aire-frio-en-altura\/","title":{"rendered":"El tiempo en Semana Santa, previsiones Andaluc\u00eda. \u00bf Que puede traer la bolsa de aire fr\u00edo en altura?"},"content":{"rendered":"<p><span style=\"color: #0000ff;\"><strong>Buenos dias amigos de la meteo. Son las seis de la ma\u00f1ana registro 17 grados y los cielos est\u00e1n poco nubosos.<\/strong><\/span><\/p>\n<p><strong><span><span style=\"color: #0000ff;\"> Antes de nada confirmaros que desde el Viernes de\u00a0Dolores\u00a0y hasta el Domingo de Ramos, el buen tiempo esta garantizado en Andaluc\u00eda. Solo me queda pinceladas con respecto al Domingo de Ramos, ya\u00a0que hay posibilidad de que<\/span><span style=\"color: #ff00ff;\"> el levante sople moderado en la Costa\u00a0Mediterr\u00e1nea Andaluza, y \u00a0las nubes medias que genera el levante tomen protagonismo el Domingo de Ramos<\/span><span style=\"color: #0000ff;\">\u00a0 <\/span><span style=\"color: #ff00ff;\">en\u00a0M\u00e1laga\u00a0Capital<\/span><span style=\"color: #0000ff;\">. Pero esto lo\u00a0veremos mejor el viernes o el\u00a0s\u00e1bado.<\/span><\/span><\/strong><\/p>\n<p><strong><a style=\"color: #0000ff;\" href=\"https:\/\/blogs.diariosur.es\/tormentas-y-rayos\/2014\/04\/08\/el-tiempo-en-semana-santa-prevision-domingo-de-ramos-hoy-martes-se-llegaran-a-los-30-grados-por-el-interior-de-andalucia\/\"><span style=\"color: #0000ff;\">OS PASO EL ENLACE DONDE DABA LA PREVISI\u00d3N PARA EL DOMINGO DE RAMOS<\/span><\/a><span style=\"color: #0000ff;\">.\u00a0<\/span><\/strong><\/p>\n<p><img loading=\"lazy\" class=\"aligncenter\" src=\"https:\/\/farm4.staticflickr.com\/3707\/12946061883_250f930914.jpg\" alt=\"\" width=\"436\" height=\"500\" \/><\/p>\n<p>&nbsp;<\/p>\n<p><img loading=\"lazy\" class=\"aligncenter\" src=\"https:\/\/farm6.staticflickr.com\/5269\/5644326560_55a8e43320_z.jpg\" alt=\"\" width=\"600\" height=\"450\" \/><\/p>\n<p>&nbsp;<\/p>\n<p><span style=\"color: #ff0000;\"><strong>Muchos me\u00a0est\u00e1is\u00a0preguntando sobre el aire fr\u00edo en altura o bolsa que puede llegar a entrar sobre el martes y el\u00a0mi\u00e9rcoles. De momento aun no esta muy claro como afectara a Andaluc\u00eda. \u00bf Que puede traer consigo? muy\u00a0f\u00e1cil\u00a0amigos, las\u00a0t\u00edpicas\u00a0tormentas primaverales que se suelen formar en los sistemas monta\u00f1osos y sitios cercanos a estos. Debido al calor acumulado de estos dias, y al aire\u00a0fr\u00edo\u00a0inestable en altura, hacen que las nubes tomen un gran desarrollo. Este desarrollo se suele formar a partir del\u00a0mediod\u00eda\u00a0o primeras horas de la tarde. Una vez ha precipitado, el cumulonimbus\u00a0se\u00a0desgasta. Hay veces que estas tormentas duran cinco minutos y otras un poco mas de tiempo. Pero generalmente a ultima hora de la tarde vuelve la calma. En otras ocasiones este aire fr\u00edo puede tener mayor entidad, y acompa\u00f1ados de viento de levante las tormentas pueden abarcar mas terreno y llegar a precipitar incluso en zonas de costa.\u00a0<\/strong><\/span><\/p>\n<p><span style=\"color: #0000ff;\"><strong>Tambi\u00e9n cuando me\u00a0pregunt\u00e1is, por ejemplo, el martes que tiempo\u00a0<\/strong><strong>har\u00e1,\u00a0ten\u00e9is\u00a0que tener en cuenta que no solo es el martes, es tambi\u00e9n el\u00a0mi\u00e9rcoles. La gran mayor\u00eda de las\u00a0cofrad\u00edas\u00a0salen por la tarde noche y se encierran al dia siguiente. El ejemplo mas claro lo\u00a0ten\u00e9is con la\u00a0Expiraci\u00f3n\u00a0o la Esperanza. El mayor recorrido lo hacen en la madrugada del jueves o del viernes.<\/strong><\/span><\/p>\n<p><strong><span style=\"color: #ff0000;\">\u00a0Despu\u00e9s\u00a0del rollo que os he metido, solo os pido un poco de calma. Ma\u00f1ana jueves os\u00a0dar\u00e9<\/span><span style=\"color: #ff0000;\">\u00a0la previsi\u00f3n del Lunes Santo y con mas calma veremos la evoluci\u00f3n de esa &#8220;posible bolsa de aire fr\u00edo&#8221;el\u00a0pr\u00f3ximo\u00a0viernes o el\u00a0s\u00e1bado. Esperemos que no tengamos que ver al nazareno de la derecha.<\/span><\/strong><\/p>\n<p><img loading=\"lazy\" class=\"aligncenter\" src=\"\/tormentas-y-rayos\/wp-content\/uploads\/sites\/12\/2014\/04\/12921085735_df819d7eae-horz.jpg\" alt=\"\" width=\"638\" height=\"246\" \/><\/p>\n<p>&nbsp;<\/p>\n<p><strong>Comentaros que la maxima se dio ayer en el Aeropuerto Malague\u00f1o con 27.8 grados a la 12:50 de la ma\u00f1ana, le sigue el Centro\u00a0Meteorol\u00f3gico\u00a0con 27.4 grados a las 12:30 de la ma\u00f1ana. Hasta esa hora el viento\u00a0venia aterralado, ya que en estas zonas soplaba del oeste como pod\u00e9is ver en el gr\u00e1fico. De nuevo la maxima de Andaluc\u00eda la ha dado Granada Aeropuerto con 32.2 grados.<\/strong><\/p>\n<p><a href=\"https:\/\/blogs.diariosur.es\/tormentas-y-rayos\/2014\/04\/09\/el-tiempo-en-semana-santa-previsiones-andalucia-que-puede-traer-la-bolsa-de-aire-frio-en-altura\/aeropuerto-4\/\" rel=\"attachment wp-att-8293\"><img loading=\"lazy\" class=\"aligncenter size-full wp-image-8293\" title=\"aeropuerto\" src=\"\/tormentas-y-rayos\/wp-content\/uploads\/sites\/12\/2014\/04\/aeropuerto.jpg\" alt=\"\" width=\"561\" height=\"173\" \/><\/a><a href=\"https:\/\/blogs.diariosur.es\/tormentas-y-rayos\/2014\/04\/09\/el-tiempo-en-semana-santa-previsiones-andalucia-que-puede-traer-la-bolsa-de-aire-frio-en-altura\/captura-305\/\" rel=\"attachment wp-att-8294\"><img loading=\"lazy\" class=\"aligncenter size-medium wp-image-8294\" title=\"Captura\" src=\"\/tormentas-y-rayos\/wp-content\/uploads\/sites\/12\/2014\/04\/Captura11.jpg\" alt=\"\" width=\"600\" height=\"255\" srcset=\"https:\/\/static-blogs.diariosur.es\/wp-content\/uploads\/sites\/12\/2014\/04\/Captura11.jpg 737w, https:\/\/static-blogs.diariosur.es\/wp-content\/uploads\/sites\/12\/2014\/04\/Captura11-640x273.jpg 640w\" sizes=\"(max-width: 600px) 100vw, 600px\" \/><\/a><a href=\"https:\/\/blogs.diariosur.es\/tormentas-y-rayos\/2014\/04\/09\/el-tiempo-en-semana-santa-previsiones-andalucia-que-puede-traer-la-bolsa-de-aire-frio-en-altura\/tempeaeropur\/\" rel=\"attachment wp-att-8295\"><img loading=\"lazy\" class=\"aligncenter size-medium wp-image-8295\" title=\"tempeaeropur\" src=\"\/tormentas-y-rayos\/wp-content\/uploads\/sites\/12\/2014\/04\/tempeaeropur.jpg\" alt=\"\" width=\"600\" height=\"263\" srcset=\"https:\/\/static-blogs.diariosur.es\/wp-content\/uploads\/sites\/12\/2014\/04\/tempeaeropur.jpg 717w, https:\/\/static-blogs.diariosur.es\/wp-content\/uploads\/sites\/12\/2014\/04\/tempeaeropur-640x281.jpg 640w\" sizes=\"(max-width: 600px) 100vw, 600px\" \/><\/a><\/p>\n<p><strong>Poco mas que contar amigos de la meteo, os dejo con este amanecer de hace unos a\u00f1os.<\/strong><\/p>\n<p><img loading=\"lazy\" class=\"aligncenter\" src=\"https:\/\/farm9.staticflickr.com\/8043\/8085069035_000c0ef598_z.jpg\" alt=\"\" width=\"640\" height=\"427\" \/><\/p>\n","protected":false},"excerpt":{"rendered":"<p>Buenos dias amigos de la meteo. Son las seis de la ma\u00f1ana registro 17 grados y los cielos est\u00e1n poco nubosos. Antes de nada confirmaros que desde el Viernes de\u00a0Dolores\u00a0y hasta el Domingo de Ramos, el buen tiempo esta garantizado en Andaluc\u00eda. Solo me queda pinceladas con respecto al Domingo de Ramos, ya\u00a0que hay posibilidad [&hellip;]<\/p>\n","protected":false},"author":16,"featured_media":8296,"comment_status":"open","ping_status":"open","sticky":false,"template":"","format":"standard","meta":[],"categories":[2],"tags":[54,85,100,185,358,432,811,903],"_links":{"self":[{"href":"https:\/\/blogs.diariosur.es\/tormentas-y-rayos\/wp-json\/wp\/v2\/posts\/8292"}],"collection":[{"href":"https:\/\/blogs.diariosur.es\/tormentas-y-rayos\/wp-json\/wp\/v2\/posts"}],"about":[{"href":"https:\/\/blogs.diariosur.es\/tormentas-y-rayos\/wp-json\/wp\/v2\/types\/post"}],"author":[{"embeddable":true,"href":"https:\/\/blogs.diariosur.es\/tormentas-y-rayos\/wp-json\/wp\/v2\/users\/16"}],"replies":[{"embeddable":true,"href":"https:\/\/blogs.diariosur.es\/tormentas-y-rayos\/wp-json\/wp\/v2\/comments?post=8292"}],"version-history":[{"count":0,"href":"https:\/\/blogs.diariosur.es\/tormentas-y-rayos\/wp-json\/wp\/v2\/posts\/8292\/revisions"}],"wp:featuredmedia":[{"embeddable":true,"href":"https:\/\/blogs.diariosur.es\/tormentas-y-rayos\/wp-json\/wp\/v2\/media\/8296"}],"wp:attachment":[{"href":"https:\/\/blogs.diariosur.es\/tormentas-y-rayos\/wp-json\/wp\/v2\/media?parent=8292"}],"wp:term":[{"taxonomy":"category","embeddable":true,"href":"https:\/\/blogs.diariosur.es\/tormentas-y-rayos\/wp-json\/wp\/v2\/categories?post=8292"},{"taxonomy":"post_tag","embeddable":true,"href":"https:\/\/blogs.diariosur.es\/tormentas-y-rayos\/wp-json\/wp\/v2\/tags?post=8292"}],"curies":[{"name":"wp","href":"https:\/\/api.w.org\/{rel}","templated":true}]}}