{"id":8297,"date":"2014-04-10T07:54:00","date_gmt":"2014-04-10T05:54:00","guid":{"rendered":"http:\/\/blogs.diariosur.es\/tormentas-y-rayos\/?p=8297"},"modified":"2014-04-10T07:54:00","modified_gmt":"2014-04-10T05:54:00","slug":"el-tiempo-en-semana-santa-prevision-lunes-santo-en-andalucia","status":"publish","type":"post","link":"https:\/\/blogs.diariosur.es\/tormentas-y-rayos\/2014\/04\/10\/el-tiempo-en-semana-santa-prevision-lunes-santo-en-andalucia\/","title":{"rendered":"El tiempo en Semana Santa. Previsi\u00f3n Lunes Santo en Andaluc\u00eda."},"content":{"rendered":"<p><strong>Buenos d\u00edas amigos de la meteo.<\/strong><\/p>\n<p><strong>Son las seis y media de la ma\u00f1ana, registro 15 grados en mi estaci\u00f3n y los cielos est\u00e1n poco nubosos. Destacar los chubascos tormentosos que se est\u00e1n dado en la Costa Gallega ahora mismo, debido a la bolsa de aire fr\u00edo.<\/strong><\/p>\n<p><strong>Antes de que hablemos del Lunes Santo, os comento que ma\u00f1ana Viernes De Dolores estar\u00e9 en \u00a0directo a las 10:30 en Radio Victoria ( 107.1), en el programa el Despertador que tan bien lleva Roberto L\u00f3pez.<\/strong><\/p>\n<p><img loading=\"lazy\" class=\"aligncenter\" src=\"https:\/\/farm4.staticflickr.com\/3707\/12946061883_250f930914_z.jpg\" alt=\"\" width=\"558\" height=\"640\" \/><\/p>\n<p><strong>Como la gran mayor\u00eda sab\u00e9is, desde ma\u00f1ana Viernes de\u00a0 Dolores y hasta el Domingo de Ramos no se esperan lluvias en Andaluc\u00eda. Solo queda perfilar que viento soplara el Domingo de Ramos, temperaturas y poco mas, esto lo dir\u00e9 el s\u00e1bado cuando actualice el blog. <\/strong><\/p>\n<p><strong>Ahora toca el Lunes Santo, que realmente tambi\u00e9n es Martes Santo, ya que la gran mayor\u00eda de las procesiones hacen el final del recorrido en la madrugada del martes. Al dia de hoy, y hablando de M\u00e1laga Capital no se esperan lluvias durante el Lunes Santo y primeras horas de la madrugada del Martes Santo, y parece ser que tampoco en el resto de Andaluc\u00eda. Pero a \u00faltima hora del lunes, \u00a0se espera \u00a0que una nueva bolsa de aire fr\u00edo se acerque a Andaluc\u00eda y desplace hacia el este a la dorsal Africana, pero me vais a permitir que de esto os hable el Domingo de Ramos, ya que los modelos no se aclaran de como\u00a0afectar\u00eda\u00a0 durante el Martes Santo y madrugada del\u00a0Mi\u00e9rcoles\u00a0Santo a Andaluc\u00eda.\u00a0<\/strong><\/p>\n<p>&nbsp;<\/p>\n<p><a href=\"https:\/\/blogs.diariosur.es\/tormentas-y-rayos\/2014\/04\/10\/el-tiempo-en-semana-santa-prevision-lunes-santo-en-andalucia\/008_1-3\/\" rel=\"attachment wp-att-8302\"><img loading=\"lazy\" class=\"aligncenter size-full wp-image-8302\" title=\"008_1\" src=\"\/tormentas-y-rayos\/wp-content\/uploads\/sites\/12\/2014\/04\/008_11.jpg\" alt=\"\" width=\"670\" height=\"502\" srcset=\"https:\/\/static-blogs.diariosur.es\/wp-content\/uploads\/sites\/12\/2014\/04\/008_11.jpg 670w, https:\/\/static-blogs.diariosur.es\/wp-content\/uploads\/sites\/12\/2014\/04\/008_11-534x400.jpg 534w\" sizes=\"(max-width: 670px) 100vw, 670px\" \/><\/a><\/p>\n<p>&nbsp;<\/p>\n<p><strong>Ayer os explicaba que puede traer una bolsa de aire fr\u00edo, os paso el <a href=\"https:\/\/blogs.diariosur.es\/tormentas-y-rayos\/2014\/04\/09\/el-tiempo-en-semana-santa-previsiones-andalucia-que-puede-traer-la-bolsa-de-aire-frio-en-altura\/\">ENLACE.<\/a>\u00a0Si lo\u00a0hab\u00e9is\u00a0le\u00eddo\u00a0es como una\u00a0loter\u00eda\u00a0al pueblo o ciudad que le pueda tocar. \u00a0Poco mas que contar amigos, os dejo con estas dos impresionantes fotos. La primera de mi amigo Javier Pi\u00f1ero, que cazo ayer estos pedazos de mammatus en Badajoz.<\/strong><\/p>\n<p><strong><a href=\"https:\/\/blogs.diariosur.es\/tormentas-y-rayos\/2014\/04\/10\/el-tiempo-en-semana-santa-prevision-lunes-santo-en-andalucia\/10174912_707889569254600_3185508925529163719_n\/\" rel=\"attachment wp-att-8298\"><img loading=\"lazy\" class=\"aligncenter size-medium wp-image-8298\" title=\"10174912_707889569254600_3185508925529163719_n\" src=\"\/tormentas-y-rayos\/wp-content\/uploads\/sites\/12\/2014\/04\/10174912_707889569254600_3185508925529163719_n.png\" alt=\"\" width=\"533\" height=\"400\" srcset=\"https:\/\/static-blogs.diariosur.es\/wp-content\/uploads\/sites\/12\/2014\/04\/10174912_707889569254600_3185508925529163719_n.png 800w, https:\/\/static-blogs.diariosur.es\/wp-content\/uploads\/sites\/12\/2014\/04\/10174912_707889569254600_3185508925529163719_n-533x400.png 533w, https:\/\/static-blogs.diariosur.es\/wp-content\/uploads\/sites\/12\/2014\/04\/10174912_707889569254600_3185508925529163719_n-768x576.png 768w\" sizes=\"(max-width: 533px) 100vw, 533px\" \/><\/a><\/strong><\/p>\n<p><strong>Y por ultimo este fot\u00f3n de \u00a0\u00c1lvaro Gordillo Cobos, desde los Cascajales Benaoj\u00e1n M\u00e1laga.<\/strong><\/p>\n<p><a href=\"https:\/\/blogs.diariosur.es\/tormentas-y-rayos\/2014\/04\/10\/el-tiempo-en-semana-santa-prevision-lunes-santo-en-andalucia\/914082_830682696946051_8095898670435117450_o\/\" rel=\"attachment wp-att-8299\"><img loading=\"lazy\" class=\"aligncenter size-medium wp-image-8299\" title=\"914082_830682696946051_8095898670435117450_o\" src=\"\/tormentas-y-rayos\/wp-content\/uploads\/sites\/12\/2014\/04\/914082_830682696946051_8095898670435117450_o.jpg\" alt=\"\" width=\"533\" height=\"400\" srcset=\"https:\/\/static-blogs.diariosur.es\/wp-content\/uploads\/sites\/12\/2014\/04\/914082_830682696946051_8095898670435117450_o.jpg 1136w, https:\/\/static-blogs.diariosur.es\/wp-content\/uploads\/sites\/12\/2014\/04\/914082_830682696946051_8095898670435117450_o-533x400.jpg 533w, https:\/\/static-blogs.diariosur.es\/wp-content\/uploads\/sites\/12\/2014\/04\/914082_830682696946051_8095898670435117450_o-768x576.jpg 768w\" sizes=\"(max-width: 533px) 100vw, 533px\" \/><\/a><\/p>\n<p>&nbsp;<\/p>\n<p><a href=\"https:\/\/blogs.diariosur.es\/tormentas-y-rayos\/2014\/04\/10\/el-tiempo-en-semana-santa-prevision-lunes-santo-en-andalucia\/captura-306\/\" rel=\"attachment wp-att-8300\"><img loading=\"lazy\" class=\"aligncenter size-full wp-image-8300\" title=\"Captura\" src=\"\/tormentas-y-rayos\/wp-content\/uploads\/sites\/12\/2014\/04\/Captura12.jpg\" alt=\"\" width=\"636\" height=\"251\" \/><\/a><\/p>\n","protected":false},"excerpt":{"rendered":"<p>Buenos d\u00edas amigos de la meteo. Son las seis y media de la ma\u00f1ana, registro 15 grados en mi estaci\u00f3n y los cielos est\u00e1n poco nubosos. Destacar los chubascos tormentosos que se est\u00e1n dado en la Costa Gallega ahora mismo, debido a la bolsa de aire fr\u00edo. Antes de que hablemos del Lunes Santo, os [&hellip;]<\/p>\n","protected":false},"author":16,"featured_media":8301,"comment_status":"open","ping_status":"open","sticky":false,"template":"","format":"standard","meta":[],"categories":[2],"tags":[100,358,580,809,903],"_links":{"self":[{"href":"https:\/\/blogs.diariosur.es\/tormentas-y-rayos\/wp-json\/wp\/v2\/posts\/8297"}],"collection":[{"href":"https:\/\/blogs.diariosur.es\/tormentas-y-rayos\/wp-json\/wp\/v2\/posts"}],"about":[{"href":"https:\/\/blogs.diariosur.es\/tormentas-y-rayos\/wp-json\/wp\/v2\/types\/post"}],"author":[{"embeddable":true,"href":"https:\/\/blogs.diariosur.es\/tormentas-y-rayos\/wp-json\/wp\/v2\/users\/16"}],"replies":[{"embeddable":true,"href":"https:\/\/blogs.diariosur.es\/tormentas-y-rayos\/wp-json\/wp\/v2\/comments?post=8297"}],"version-history":[{"count":0,"href":"https:\/\/blogs.diariosur.es\/tormentas-y-rayos\/wp-json\/wp\/v2\/posts\/8297\/revisions"}],"wp:featuredmedia":[{"embeddable":true,"href":"https:\/\/blogs.diariosur.es\/tormentas-y-rayos\/wp-json\/wp\/v2\/media\/8301"}],"wp:attachment":[{"href":"https:\/\/blogs.diariosur.es\/tormentas-y-rayos\/wp-json\/wp\/v2\/media?parent=8297"}],"wp:term":[{"taxonomy":"category","embeddable":true,"href":"https:\/\/blogs.diariosur.es\/tormentas-y-rayos\/wp-json\/wp\/v2\/categories?post=8297"},{"taxonomy":"post_tag","embeddable":true,"href":"https:\/\/blogs.diariosur.es\/tormentas-y-rayos\/wp-json\/wp\/v2\/tags?post=8297"}],"curies":[{"name":"wp","href":"https:\/\/api.w.org\/{rel}","templated":true}]}}